{"id":137753,"date":"2020-02-12T17:59:50","date_gmt":"2020-02-12T16:59:50","guid":{"rendered":"https:\/\/die-webzeitung.de\/stuttgart\/?p=137753"},"modified":"2020-02-12T17:59:50","modified_gmt":"2020-02-12T16:59:50","slug":"forstamt-warnt-nach-abflauen-des-sturmtiefs-vor-gefahren-im-wald","status":"publish","type":"post","link":"https:\/\/die-webzeitung.de\/stuttgart\/2020\/02\/12\/forstamt-warnt-nach-abflauen-des-sturmtiefs-vor-gefahren-im-wald\/","title":{"rendered":"Forstamt warnt nach Abflauen des Sturmtiefs vor Gefahren im Wald"},"content":{"rendered":"<p style=\"text-align: justify;\">Kreis Esslingen.| Die st\u00fcrmischen Tage haben im Wald ihre Spuren hinterlassen: Im Landkreis Esslingen hat des Sturmtief \u201eSabine\u201c rund 5.000 Kubikmeter Sturmholz geworfen. Das Forstamt warnt Waldbesucher vor Gefahren, selbst wenn sich der Sturm gelegt hat. D\u00fcrre \u00c4ste, die noch in den Baumkronen h\u00e4ngen, sind durch den Wind gelockert worden und k\u00f6nnen nun bereits durch kleinste Windbewegungen herunterfallen.<\/p>\n<p style=\"text-align: justify;\">\u201eSpazierg\u00e4nger sollten derzeit den Wald meiden\u201c, lautet der Rat des Kreisforstamtes. Vor allem der Aufenthalt unter alten Baumkronen berge Gefahren, da alte B\u00e4ume einen h\u00f6heren Anteil an abgestorbenen \u00c4sten aufweisen. Auch vom Wind in Schr\u00e4glage gebrachte B\u00e4ume k\u00f6nnen ohne Vorwarnung zu Boden gehen. Dass viele B\u00e4ume durch die vorangegangenen Trockenheitsjahre geschw\u00e4cht sind und in der Folge Feinwurzelanteile eingeb\u00fc\u00dft haben, erh\u00f6ht die Gefahr.<\/p>\n<p style=\"text-align: justify;\">Nachdem sich der Sturm gelegt hat, beginnen jetzt die Aufr\u00e4umarbeiten im Wald. Da in Sturmh\u00f6lzern oft schwer kalkulierbaren Spannungen auftreten, z\u00e4hlt die Aufarbeitung der geworfenen B\u00e4ume zu den gef\u00e4hrlichsten Forstarbeiten \u00fcberhaupt. \u201eDas ist absolute Spezialistent\u00e4tigkeit\u201c, betont die Leiterin des Kreisfortamtes, Cordula Samuleit. Vom Sturm betroffene Privatwaldbesitzer sollten nicht vorschnell mit Aufr\u00e4umarbeiten beginnen, sondern sich zuerst Rat von ihrem zust\u00e4ndigen Revierleiter holen, so die Amtsleiterin.<\/p>\n<p style=\"text-align: justify;\">F\u00fcr das kommende Wochenende sind weitere Sturmb\u00f6en angesagt. Eine \u00e4hnliche Sturmserie ist den Forstleuten noch von den St\u00fcrmen Vivian und Wiebke 1990 in Erinnerung. Damals gab es gewaltige Sturmholzmengen, vor allem in der Baumart Fichte. \u201eUnser Wald ist heute im Vergleich sehr viel widerstandf\u00e4higer und robuster geworden, trotzdem sind einzelne oder kleinfl\u00e4chige Sch\u00e4den weiterhin m\u00f6glich\u201c, lautet die Einsch\u00e4tzung von Forstamtsleiterin Samuleit. Die Bem\u00fchungen der F\u00f6rster, stabile und naturnahe W\u00e4lder aufzubauen, zahlen sich in der aktuellen Situation ganz klar aus. Der Laubholzanteil im Landkreis Esslingen liegt mittlerweile bei 77 Prozent.<\/p>\n<hr \/>\n<p style=\"text-align: justify;\">\n","protected":false},"excerpt":{"rendered":"<p>Kreis Esslingen.| Die st\u00fcrmischen Tage haben im Wald ihre Spuren hinterlassen: Im Landkreis Esslingen hat des Sturmtief \u201eSabine\u201c rund 5.000 Kubikmeter Sturmholz geworfen. Das Forstamt warnt Waldbesucher vor Gefahren, selbst wenn sich der Sturm gelegt hat. D\u00fcrre \u00c4ste, die noch in den Baumkronen h\u00e4ngen, sind durch den Wind gelockert worden und k\u00f6nnen nun bereits durch [&hellip;]<\/p>\n","protected":false},"author":4,"featured_media":0,"comment_status":"closed","ping_status":"open","sticky":false,"template":"","format":"standard","meta":{"inline_featured_image":false,"_exactmetrics_skip_tracking":false,"_exactmetrics_sitenote_active":false,"_exactmetrics_sitenote_note":"","_exactmetrics_sitenote_category":0,"footnotes":""},"categories":[2247],"tags":[14857,14440,15838,5,68,9,14018,1335],"class_list":{"0":"post-137753","1":"post","2":"type-post","3":"status-publish","4":"format-standard","6":"category-kreis-esslingen","7":"tag-die-webzeitung","8":"tag-esslingen","9":"tag-gefahr","10":"tag-internetzeitung","11":"tag-online-zeitung","12":"tag-schaumedia","13":"tag-sturmtief","14":"tag-wald"},"image_feature":null,"author_name":"Redaktion","pure_taxonomies":{"categories":[{"term_id":2247,"name":"Kreis Esslingen","slug":"kreis-esslingen","term_group":0,"term_taxonomy_id":2260,"taxonomy":"category","description":"Informationen aus dem Landkreis Esslingen","parent":171,"count":214,"filter":"raw","image":""}],"tags":[{"term_id":14857,"name":"Die-Webzeitung","slug":"die-webzeitung","term_group":0,"term_taxonomy_id":14876,"taxonomy":"post_tag","description":"","parent":0,"count":3623,"filter":"raw","image":""},{"term_id":14440,"name":"Esslingen","slug":"esslingen","term_group":0,"term_taxonomy_id":3885,"taxonomy":"post_tag","description":"","parent":0,"count":202,"filter":"raw","image":""},{"term_id":15838,"name":"Gefahr","slug":"gefahr","term_group":0,"term_taxonomy_id":15857,"taxonomy":"post_tag","description":"","parent":0,"count":6,"filter":"raw","image":""},{"term_id":5,"name":"Internetzeitung","slug":"internetzeitung","term_group":0,"term_taxonomy_id":5,"taxonomy":"post_tag","description":"","parent":0,"count":1461,"filter":"raw","image":""},{"term_id":68,"name":"Online-Zeitung","slug":"online-zeitung","term_group":0,"term_taxonomy_id":69,"taxonomy":"post_tag","description":"","parent":0,"count":3593,"filter":"raw","image":""},{"term_id":9,"name":"SchauMedia","slug":"schaumedia","term_group":0,"term_taxonomy_id":9,"taxonomy":"post_tag","description":"","parent":0,"count":1607,"filter":"raw","image":""},{"term_id":14018,"name":"Sturmtief","slug":"sturmtief","term_group":0,"term_taxonomy_id":14060,"taxonomy":"post_tag","description":"","parent":0,"count":3,"filter":"raw","image":""},{"term_id":1335,"name":"Wald","slug":"wald","term_group":0,"term_taxonomy_id":1344,"taxonomy":"post_tag","description":"","parent":0,"count":12,"filter":"raw","image":""}]},"_links":{"self":[{"href":"https:\/\/die-webzeitung.de\/stuttgart\/wp-json\/wp\/v2\/posts\/137753","targetHints":{"allow":["GET"]}}],"collection":[{"href":"https:\/\/die-webzeitung.de\/stuttgart\/wp-json\/wp\/v2\/posts"}],"about":[{"href":"https:\/\/die-webzeitung.de\/stuttgart\/wp-json\/wp\/v2\/types\/post"}],"author":[{"embeddable":true,"href":"https:\/\/die-webzeitung.de\/stuttgart\/wp-json\/wp\/v2\/users\/4"}],"replies":[{"embeddable":true,"href":"https:\/\/die-webzeitung.de\/stuttgart\/wp-json\/wp\/v2\/comments?post=137753"}],"version-history":[{"count":1,"href":"https:\/\/die-webzeitung.de\/stuttgart\/wp-json\/wp\/v2\/posts\/137753\/revisions"}],"predecessor-version":[{"id":137754,"href":"https:\/\/die-webzeitung.de\/stuttgart\/wp-json\/wp\/v2\/posts\/137753\/revisions\/137754"}],"wp:attachment":[{"href":"https:\/\/die-webzeitung.de\/stuttgart\/wp-json\/wp\/v2\/media?parent=137753"}],"wp:term":[{"taxonomy":"category","embeddable":true,"href":"https:\/\/die-webzeitung.de\/stuttgart\/wp-json\/wp\/v2\/categories?post=137753"},{"taxonomy":"post_tag","embeddable":true,"href":"https:\/\/die-webzeitung.de\/stuttgart\/wp-json\/wp\/v2\/tags?post=137753"}],"curies":[{"name":"wp","href":"https:\/\/api.w.org\/{rel}","templated":true}]}}