{"id":137729,"date":"2020-02-11T17:18:48","date_gmt":"2020-02-11T16:18:48","guid":{"rendered":"https:\/\/die-webzeitung.de\/stuttgart\/?p=137729"},"modified":"2020-02-11T17:18:48","modified_gmt":"2020-02-11T16:18:48","slug":"genaue-ortung-im-notfall-branddirektion-nutzt-neue-technologie","status":"publish","type":"post","link":"https:\/\/die-webzeitung.de\/stuttgart\/2020\/02\/11\/genaue-ortung-im-notfall-branddirektion-nutzt-neue-technologie\/","title":{"rendered":"Genaue Ortung im Notfall: Branddirektion nutzt neue Technologie"},"content":{"rendered":"<p style=\"text-align: justify;\">Stuttgart.| Personen in Notsituationen wissen h\u00e4ufig nicht, wo sie sich genau befinden, wenn sie ortsfremd oder desorientiert sind. F\u00fcr Sicherheitskr\u00e4fte sind diese Personen nur schwer zu finden. In Stuttgart k\u00f6nnen Feuerwehr und Rettungsdienst Anrufer, die den Notruf 112 gew\u00e4hlt haben, zuk\u00fcnftig mit der Advanced-Mobile-Location-Technik (AML) exakt orten. Der B\u00fcrgermeister f\u00fcr Sicherheit, Ordnung und Sport, Dr. Martin Schairer, hat sich die neue Ortungstechnik am Dienstag, 11. Februar, dem europaweiten Notruftag, vom Leiter der Branddirektion, Dr. Georg Belge, vorstellen lassen.<\/p>\n<p style=\"text-align: justify;\">B\u00fcrgermeister Schairer sagte: \u201eIch freue mich, dass wir den B\u00fcrgerinnen und B\u00fcrgern in Stuttgart zuk\u00fcnftig noch schneller und zielgenauer helfen k\u00f6nnen, wenn Feuerwehr oder Rettungsdienst ben\u00f6tigt werden.\u201c<\/p>\n<p style=\"text-align: justify;\">Durch die AML- Schnittstelle ist es der Integrierten Leitungsstelle (ILS) in Stuttgart jetzt m\u00f6glich, die Position von Anrufern, die mit modernen Smartphones anrufen, bei Bedarf automatisch genau zu orten. So kann die ben\u00f6tigte Hilfe von Feuerwehr und Rettungsdienst den Anrufer auch bei schlechtem Empfang, Verbindungsabbr\u00fcchen oder fehlenden Sprachkenntnissen schneller erreichen. Die Schnittstelle wird von der Berliner Feuerwehr und der Leitstelle Breisgau-Hochschwarzwald deutschlandweit zur Verf\u00fcgung gestellt. Zur Wahrung des Datenschutzes sind Ortungen nur w\u00e4hrend oder kurz nach einem Notruf \u00fcber die 112 m\u00f6glich. Die Besonderheit in Stuttgart ist die direkte Einbindung der Ortung ins Einsatzleitprogramm.<\/p>\n<hr \/>\n<p style=\"text-align: justify;\">\n","protected":false},"excerpt":{"rendered":"<p>Stuttgart.| Personen in Notsituationen wissen h\u00e4ufig nicht, wo sie sich genau befinden, wenn sie ortsfremd oder desorientiert sind. F\u00fcr Sicherheitskr\u00e4fte sind diese Personen nur schwer zu finden. In Stuttgart k\u00f6nnen Feuerwehr und Rettungsdienst Anrufer, die den Notruf 112 gew\u00e4hlt haben, zuk\u00fcnftig mit der Advanced-Mobile-Location-Technik (AML) exakt orten. Der B\u00fcrgermeister f\u00fcr Sicherheit, Ordnung und Sport, Dr. [&hellip;]<\/p>\n","protected":false},"author":4,"featured_media":137730,"comment_status":"closed","ping_status":"open","sticky":false,"template":"","format":"standard","meta":{"inline_featured_image":false,"_exactmetrics_skip_tracking":false,"_exactmetrics_sitenote_active":false,"_exactmetrics_sitenote_note":"","_exactmetrics_sitenote_category":0,"footnotes":""},"categories":[59,2239],"tags":[14857,440,5,14632,15551,68,10953,9,275],"class_list":{"0":"post-137729","1":"post","2":"type-post","3":"status-publish","4":"format-standard","5":"has-post-thumbnail","7":"category-aktuell","8":"category-stuttgart-lokal","9":"tag-die-webzeitung","10":"tag-feuerwehr","11":"tag-internetzeitung","12":"tag-notruf","13":"tag-notsituation","14":"tag-online-zeitung","15":"tag-ortung","16":"tag-schaumedia","17":"tag-stuttgart"},"image_feature":"https:\/\/die-webzeitung.de\/stuttgart\/wp-content\/uploads\/sites\/4\/2020\/02\/LHS-BM-Dr.-Schairer-testet-das-neue-Anrufer-Ortungssystem-Rechte-LHS.jpg","author_name":"Redaktion","pure_taxonomies":{"categories":[{"term_id":59,"name":"Aktuell","slug":"aktuell","term_group":0,"term_taxonomy_id":60,"taxonomy":"category","description":"","parent":0,"count":1017,"filter":"raw","image":""},{"term_id":2239,"name":"Stuttgart","slug":"stuttgart-lokal","term_group":0,"term_taxonomy_id":2252,"taxonomy":"category","description":"Berichte und Informationen aus Stuttgart","parent":1433,"count":941,"filter":"raw","image":""}],"tags":[{"term_id":14857,"name":"Die-Webzeitung","slug":"die-webzeitung","term_group":0,"term_taxonomy_id":14876,"taxonomy":"post_tag","description":"","parent":0,"count":3623,"filter":"raw","image":""},{"term_id":440,"name":"Feuerwehr","slug":"feuerwehr","term_group":0,"term_taxonomy_id":447,"taxonomy":"post_tag","description":"","parent":0,"count":23,"filter":"raw","image":""},{"term_id":5,"name":"Internetzeitung","slug":"internetzeitung","term_group":0,"term_taxonomy_id":5,"taxonomy":"post_tag","description":"","parent":0,"count":1461,"filter":"raw","image":""},{"term_id":14632,"name":"Notruf","slug":"notruf","term_group":0,"term_taxonomy_id":14651,"taxonomy":"post_tag","description":"","parent":0,"count":1,"filter":"raw","image":""},{"term_id":15551,"name":"Notsituation","slug":"notsituation","term_group":0,"term_taxonomy_id":15570,"taxonomy":"post_tag","description":"","parent":0,"count":1,"filter":"raw","image":""},{"term_id":68,"name":"Online-Zeitung","slug":"online-zeitung","term_group":0,"term_taxonomy_id":69,"taxonomy":"post_tag","description":"","parent":0,"count":3593,"filter":"raw","image":""},{"term_id":10953,"name":"Ortung","slug":"ortung","term_group":0,"term_taxonomy_id":10991,"taxonomy":"post_tag","description":"","parent":0,"count":1,"filter":"raw","image":""},{"term_id":9,"name":"SchauMedia","slug":"schaumedia","term_group":0,"term_taxonomy_id":9,"taxonomy":"post_tag","description":"","parent":0,"count":1607,"filter":"raw","image":""},{"term_id":275,"name":"Stuttgart","slug":"stuttgart","term_group":0,"term_taxonomy_id":281,"taxonomy":"post_tag","description":"","parent":0,"count":1194,"filter":"raw","image":""}]},"_links":{"self":[{"href":"https:\/\/die-webzeitung.de\/stuttgart\/wp-json\/wp\/v2\/posts\/137729","targetHints":{"allow":["GET"]}}],"collection":[{"href":"https:\/\/die-webzeitung.de\/stuttgart\/wp-json\/wp\/v2\/posts"}],"about":[{"href":"https:\/\/die-webzeitung.de\/stuttgart\/wp-json\/wp\/v2\/types\/post"}],"author":[{"embeddable":true,"href":"https:\/\/die-webzeitung.de\/stuttgart\/wp-json\/wp\/v2\/users\/4"}],"replies":[{"embeddable":true,"href":"https:\/\/die-webzeitung.de\/stuttgart\/wp-json\/wp\/v2\/comments?post=137729"}],"version-history":[{"count":1,"href":"https:\/\/die-webzeitung.de\/stuttgart\/wp-json\/wp\/v2\/posts\/137729\/revisions"}],"predecessor-version":[{"id":137731,"href":"https:\/\/die-webzeitung.de\/stuttgart\/wp-json\/wp\/v2\/posts\/137729\/revisions\/137731"}],"wp:featuredmedia":[{"embeddable":true,"href":"https:\/\/die-webzeitung.de\/stuttgart\/wp-json\/wp\/v2\/media\/137730"}],"wp:attachment":[{"href":"https:\/\/die-webzeitung.de\/stuttgart\/wp-json\/wp\/v2\/media?parent=137729"}],"wp:term":[{"taxonomy":"category","embeddable":true,"href":"https:\/\/die-webzeitung.de\/stuttgart\/wp-json\/wp\/v2\/categories?post=137729"},{"taxonomy":"post_tag","embeddable":true,"href":"https:\/\/die-webzeitung.de\/stuttgart\/wp-json\/wp\/v2\/tags?post=137729"}],"curies":[{"name":"wp","href":"https:\/\/api.w.org\/{rel}","templated":true}]}}