{"id":137722,"date":"2020-02-11T17:07:08","date_gmt":"2020-02-11T16:07:08","guid":{"rendered":"https:\/\/die-webzeitung.de\/stuttgart\/?p=137722"},"modified":"2020-02-11T17:07:08","modified_gmt":"2020-02-11T16:07:08","slug":"vorsicht-in-den-waeldern-nach-orkantief-sabine","status":"publish","type":"post","link":"https:\/\/die-webzeitung.de\/stuttgart\/2020\/02\/11\/vorsicht-in-den-waeldern-nach-orkantief-sabine\/","title":{"rendered":"Vorsicht in den W\u00e4ldern nach Orkantief \u201eSabine\u201c"},"content":{"rendered":"<h5 style=\"text-align: justify;\"><strong>Aufr\u00e4umarbeiten werden einige Zeit in Anspruch nehmen<\/strong><\/h5>\n<p style=\"text-align: justify;\">Auch nach dem Orkantief \u201eSabine\u201c ist das Betreten der W\u00e4lder gef\u00e4hrlich. Anhaltende Sturmb\u00f6en k\u00f6nnen B\u00e4ume entwurzelt haben oder zu Astbr\u00fcchen f\u00fchren. \u201eAuch nach dem Abflauen der st\u00e4rksten B\u00f6en ist bei Waldbesuchen erh\u00f6hte Vorsicht geboten.\u201c, beurteilt Reinhold Kratzer, Leiter des Amts f\u00fcr Forsten, die Lage. \u201eDurch den Sturm abgebrochene, in den Gipfeln der B\u00e4ume lose h\u00e4ngende \u00c4ste und Kronenteile k\u00f6nnen bei leichtem Wind oder gar Windstille pl\u00f6tzlich herunterfallen.\u201c Deshalb werden alle gebeten, Waldgebiete zu meiden und keinesfalls Sturmwurffl\u00e4chen zu betreten.<\/p>\n<p style=\"text-align: justify;\">Die Aufr\u00e4umarbeiten im Forst beginnen, wenn sich der Sturm ganz beruhigt hat. Bis dahin ist die Aufarbeitung von umgest\u00fcrzten und angeschobenen B\u00e4umen zu gef\u00e4hrlich. Die Arbeiten zur Wiederherstellung der Sicherheit entlang von Wegen und rund um Erholungseinrichtungen werden einige Zeit in Anspruch nehmen. Bis die Sch\u00e4den wieder behoben sind, kann es lokal zu Sperrungen von Waldwegen kommen. Das Landratsamt B\u00f6blingen bittet alle Waldbesuchenden um Verst\u00e4ndnis f\u00fcr die dadurch entstehenden vor\u00fcbergehenden Einschr\u00e4nkungen.<\/p>\n<hr \/>\n<p style=\"text-align: justify;\">\n","protected":false},"excerpt":{"rendered":"<p>Aufr\u00e4umarbeiten werden einige Zeit in Anspruch nehmen Auch nach dem Orkantief \u201eSabine\u201c ist das Betreten der W\u00e4lder gef\u00e4hrlich. Anhaltende Sturmb\u00f6en k\u00f6nnen B\u00e4ume entwurzelt haben oder zu Astbr\u00fcchen f\u00fchren. \u201eAuch nach dem Abflauen der st\u00e4rksten B\u00f6en ist bei Waldbesuchen erh\u00f6hte Vorsicht geboten.\u201c, beurteilt Reinhold Kratzer, Leiter des Amts f\u00fcr Forsten, die Lage. \u201eDurch den Sturm abgebrochene, [&hellip;]<\/p>\n","protected":false},"author":4,"featured_media":0,"comment_status":"closed","ping_status":"open","sticky":false,"template":"","format":"standard","meta":{"inline_featured_image":false,"_exactmetrics_skip_tracking":false,"_exactmetrics_sitenote_active":false,"_exactmetrics_sitenote_note":"","_exactmetrics_sitenote_category":0,"footnotes":""},"categories":[59,2246],"tags":[9398,3061,14857,15838,5,68,6473,9,1335],"class_list":{"0":"post-137722","1":"post","2":"type-post","3":"status-publish","4":"format-standard","6":"category-aktuell","7":"category-kreis-boeblingen","8":"tag-astbruch","9":"tag-boblingen","10":"tag-die-webzeitung","11":"tag-gefahr","12":"tag-internetzeitung","13":"tag-online-zeitung","14":"tag-orkan","15":"tag-schaumedia","16":"tag-wald"},"image_feature":null,"author_name":"Redaktion","pure_taxonomies":{"categories":[{"term_id":59,"name":"Aktuell","slug":"aktuell","term_group":0,"term_taxonomy_id":60,"taxonomy":"category","description":"","parent":0,"count":1017,"filter":"raw","image":""},{"term_id":2246,"name":"Kreis B\u00f6blingen","slug":"kreis-boeblingen","term_group":0,"term_taxonomy_id":2259,"taxonomy":"category","description":"","parent":171,"count":197,"filter":"raw","image":""}],"tags":[{"term_id":9398,"name":"Astbruch","slug":"astbruch","term_group":0,"term_taxonomy_id":9427,"taxonomy":"post_tag","description":"","parent":0,"count":1,"filter":"raw","image":""},{"term_id":3061,"name":"B\u00f6blingen","slug":"boblingen","term_group":0,"term_taxonomy_id":3075,"taxonomy":"post_tag","description":"","parent":0,"count":260,"filter":"raw","image":""},{"term_id":14857,"name":"Die-Webzeitung","slug":"die-webzeitung","term_group":0,"term_taxonomy_id":14876,"taxonomy":"post_tag","description":"","parent":0,"count":3623,"filter":"raw","image":""},{"term_id":15838,"name":"Gefahr","slug":"gefahr","term_group":0,"term_taxonomy_id":15857,"taxonomy":"post_tag","description":"","parent":0,"count":6,"filter":"raw","image":""},{"term_id":5,"name":"Internetzeitung","slug":"internetzeitung","term_group":0,"term_taxonomy_id":5,"taxonomy":"post_tag","description":"","parent":0,"count":1461,"filter":"raw","image":""},{"term_id":68,"name":"Online-Zeitung","slug":"online-zeitung","term_group":0,"term_taxonomy_id":69,"taxonomy":"post_tag","description":"","parent":0,"count":3593,"filter":"raw","image":""},{"term_id":6473,"name":"Orkan","slug":"orkan","term_group":0,"term_taxonomy_id":6494,"taxonomy":"post_tag","description":"","parent":0,"count":1,"filter":"raw","image":""},{"term_id":9,"name":"SchauMedia","slug":"schaumedia","term_group":0,"term_taxonomy_id":9,"taxonomy":"post_tag","description":"","parent":0,"count":1607,"filter":"raw","image":""},{"term_id":1335,"name":"Wald","slug":"wald","term_group":0,"term_taxonomy_id":1344,"taxonomy":"post_tag","description":"","parent":0,"count":12,"filter":"raw","image":""}]},"_links":{"self":[{"href":"https:\/\/die-webzeitung.de\/stuttgart\/wp-json\/wp\/v2\/posts\/137722","targetHints":{"allow":["GET"]}}],"collection":[{"href":"https:\/\/die-webzeitung.de\/stuttgart\/wp-json\/wp\/v2\/posts"}],"about":[{"href":"https:\/\/die-webzeitung.de\/stuttgart\/wp-json\/wp\/v2\/types\/post"}],"author":[{"embeddable":true,"href":"https:\/\/die-webzeitung.de\/stuttgart\/wp-json\/wp\/v2\/users\/4"}],"replies":[{"embeddable":true,"href":"https:\/\/die-webzeitung.de\/stuttgart\/wp-json\/wp\/v2\/comments?post=137722"}],"version-history":[{"count":1,"href":"https:\/\/die-webzeitung.de\/stuttgart\/wp-json\/wp\/v2\/posts\/137722\/revisions"}],"predecessor-version":[{"id":137723,"href":"https:\/\/die-webzeitung.de\/stuttgart\/wp-json\/wp\/v2\/posts\/137722\/revisions\/137723"}],"wp:attachment":[{"href":"https:\/\/die-webzeitung.de\/stuttgart\/wp-json\/wp\/v2\/media?parent=137722"}],"wp:term":[{"taxonomy":"category","embeddable":true,"href":"https:\/\/die-webzeitung.de\/stuttgart\/wp-json\/wp\/v2\/categories?post=137722"},{"taxonomy":"post_tag","embeddable":true,"href":"https:\/\/die-webzeitung.de\/stuttgart\/wp-json\/wp\/v2\/tags?post=137722"}],"curies":[{"name":"wp","href":"https:\/\/api.w.org\/{rel}","templated":true}]}}