{"id":137715,"date":"2020-02-11T10:28:11","date_gmt":"2020-02-11T09:28:11","guid":{"rendered":"https:\/\/die-webzeitung.de\/stuttgart\/?p=137715"},"modified":"2020-02-11T10:28:11","modified_gmt":"2020-02-11T09:28:11","slug":"infos-zum-klimaschutzkonzept-des-landkreises","status":"publish","type":"post","link":"https:\/\/die-webzeitung.de\/stuttgart\/2020\/02\/11\/infos-zum-klimaschutzkonzept-des-landkreises\/","title":{"rendered":"Infos zum Klimaschutzkonzept des Landkreises"},"content":{"rendered":"<h5 style=\"text-align: justify;\"><strong>B\u00fcrgermeister und Gemeinder\u00e4te informieren sich \u00fcber Integriertes Klimaschutzkonzept Landkreis Esslingen<\/strong><\/h5>\n<p style=\"text-align: justify;\">Kreis Esslingen.| Am vergangenen Samstag (08.02.2020) informierte Landrat Heinz Eininger rund 140 Gemeinder\u00e4te und B\u00fcrgermeister der am Integrierten Klimaschutzkonzept (IKK) des Landkreises Esslingen beteiligten 26 St\u00e4dte und Gemeinden im Quadrium in Wernau \u00fcber die weiteren Umsetzungsschritte des gemeinsam erarbeiteten Konzepts.<\/p>\n<p style=\"text-align: justify;\">Landrat Eininger unterstrich die Schl\u00fcsselrolle der Kommunen beim Klimaschutz. \u201eKlimaschutz beginnt vor Ort. Sie wissen am besten, wann und wie die vorgeschlagenen Ma\u00dfnahmen umgesetzt werden k\u00f6nnen\u201c, so der Landrat zu den kommunalen Entscheidungstr\u00e4gern. Er warb f\u00fcr ein Handeln der Kommunen als Reaktion auf den Klimawandel. &#8220;Landkreis und Kommunen m\u00fcssen gemeinsam an einem Strang ziehen, wenn wir erfolgreich sein wollen&#8221;, sagte der Landrat.<\/p>\n<p style=\"text-align: justify;\">Das IKK wird rund 370 Ma\u00dfnahmen zum Klimaschutz enthalten. Die speziell f\u00fcr die Kommunen zugeschnittenen Handlungsempfehlungen sind in ma\u00dfgeschneiderten Steckbriefen f\u00fcr jede Gemeinde festgehalten. Das Gesamtkonzept des Integrierten Klimaschutzkonzepts wird am 02.04.2020 im Kreistag des Landkreises Esslingen verabschiedet.<\/p>\n<p style=\"text-align: justify;\">Als erste Schritte laufen auf Kreisebene bereits die Vorbereitungen f\u00fcr die Einstellung eines Klimaschutzmanagers und die Weiterentwicklung der bisherigen Energieagentur zu einer Klimaschutzagentur mit einem deutlich breiteren Aufgabenspektrum. Dazu geh\u00f6rt u.a. die Beratung der St\u00e4dte und Gemeinden im Landkreis bei ihren eigenen Klimaschutzma\u00dfnahmen.<\/p>\n<p style=\"text-align: justify;\">Nachdem wesentliche Elemente des Klimaschutzkonzepts im Rahmen einer Informationsveranstaltung im Oktober vergangenen Jahres der \u00d6ffentlichkeit vorgestellt wurden, richtete sich die aktuelle Veranstaltung \u2013 die vom ifeu Institut begleitet wurde &#8211; speziell an die politischen Entscheidungstr\u00e4ger in den beteiligten Kommunen. Neben der Darstellung des Gesamtprojekts ging es im Wesentlichen darum, den Vertretern der kommunalen Ebene erg\u00e4nzende Informationen f\u00fcr die weitere Umsetzung des Projekts, sowohl unmittelbar auf ihrer Handlungsebene als auch im Zusammenspiel mit dem Landkreis, zu geben.<\/p>\n<hr \/>\n<p style=\"text-align: justify;\">\n","protected":false},"excerpt":{"rendered":"<p>B\u00fcrgermeister und Gemeinder\u00e4te informieren sich \u00fcber Integriertes Klimaschutzkonzept Landkreis Esslingen Kreis Esslingen.| Am vergangenen Samstag (08.02.2020) informierte Landrat Heinz Eininger rund 140 Gemeinder\u00e4te und B\u00fcrgermeister der am Integrierten Klimaschutzkonzept (IKK) des Landkreises Esslingen beteiligten 26 St\u00e4dte und Gemeinden im Quadrium in Wernau \u00fcber die weiteren Umsetzungsschritte des gemeinsam erarbeiteten Konzepts. Landrat Eininger unterstrich die Schl\u00fcsselrolle [&hellip;]<\/p>\n","protected":false},"author":4,"featured_media":137716,"comment_status":"closed","ping_status":"open","sticky":false,"template":"","format":"standard","meta":{"inline_featured_image":false,"_exactmetrics_skip_tracking":false,"_exactmetrics_sitenote_active":false,"_exactmetrics_sitenote_note":"","_exactmetrics_sitenote_category":0,"footnotes":""},"categories":[2247],"tags":[14857,14440,5,893],"class_list":{"0":"post-137715","1":"post","2":"type-post","3":"status-publish","4":"format-standard","5":"has-post-thumbnail","7":"category-kreis-esslingen","8":"tag-die-webzeitung","9":"tag-esslingen","10":"tag-internetzeitung","11":"tag-klimaschutz"},"image_feature":"https:\/\/die-webzeitung.de\/stuttgart\/wp-content\/uploads\/sites\/4\/2020\/02\/28-2020-Bild3.jpg","author_name":"Redaktion","pure_taxonomies":{"categories":[{"term_id":2247,"name":"Kreis Esslingen","slug":"kreis-esslingen","term_group":0,"term_taxonomy_id":2260,"taxonomy":"category","description":"Informationen aus dem Landkreis Esslingen","parent":171,"count":214,"filter":"raw","image":""}],"tags":[{"term_id":14857,"name":"Die-Webzeitung","slug":"die-webzeitung","term_group":0,"term_taxonomy_id":14876,"taxonomy":"post_tag","description":"","parent":0,"count":3623,"filter":"raw","image":""},{"term_id":14440,"name":"Esslingen","slug":"esslingen","term_group":0,"term_taxonomy_id":3885,"taxonomy":"post_tag","description":"","parent":0,"count":202,"filter":"raw","image":""},{"term_id":5,"name":"Internetzeitung","slug":"internetzeitung","term_group":0,"term_taxonomy_id":5,"taxonomy":"post_tag","description":"","parent":0,"count":1461,"filter":"raw","image":""},{"term_id":893,"name":"Klimaschutz","slug":"klimaschutz","term_group":0,"term_taxonomy_id":902,"taxonomy":"post_tag","description":"","parent":0,"count":11,"filter":"raw","image":""}]},"_links":{"self":[{"href":"https:\/\/die-webzeitung.de\/stuttgart\/wp-json\/wp\/v2\/posts\/137715","targetHints":{"allow":["GET"]}}],"collection":[{"href":"https:\/\/die-webzeitung.de\/stuttgart\/wp-json\/wp\/v2\/posts"}],"about":[{"href":"https:\/\/die-webzeitung.de\/stuttgart\/wp-json\/wp\/v2\/types\/post"}],"author":[{"embeddable":true,"href":"https:\/\/die-webzeitung.de\/stuttgart\/wp-json\/wp\/v2\/users\/4"}],"replies":[{"embeddable":true,"href":"https:\/\/die-webzeitung.de\/stuttgart\/wp-json\/wp\/v2\/comments?post=137715"}],"version-history":[{"count":1,"href":"https:\/\/die-webzeitung.de\/stuttgart\/wp-json\/wp\/v2\/posts\/137715\/revisions"}],"predecessor-version":[{"id":137717,"href":"https:\/\/die-webzeitung.de\/stuttgart\/wp-json\/wp\/v2\/posts\/137715\/revisions\/137717"}],"wp:featuredmedia":[{"embeddable":true,"href":"https:\/\/die-webzeitung.de\/stuttgart\/wp-json\/wp\/v2\/media\/137716"}],"wp:attachment":[{"href":"https:\/\/die-webzeitung.de\/stuttgart\/wp-json\/wp\/v2\/media?parent=137715"}],"wp:term":[{"taxonomy":"category","embeddable":true,"href":"https:\/\/die-webzeitung.de\/stuttgart\/wp-json\/wp\/v2\/categories?post=137715"},{"taxonomy":"post_tag","embeddable":true,"href":"https:\/\/die-webzeitung.de\/stuttgart\/wp-json\/wp\/v2\/tags?post=137715"}],"curies":[{"name":"wp","href":"https:\/\/api.w.org\/{rel}","templated":true}]}}