{"id":137693,"date":"2020-02-10T10:48:38","date_gmt":"2020-02-10T09:48:38","guid":{"rendered":"https:\/\/die-webzeitung.de\/stuttgart\/?p=137693"},"modified":"2020-02-10T10:50:00","modified_gmt":"2020-02-10T09:50:00","slug":"sturmtief-sabine-wirbelt-auch-im-landkreis-boeblingen","status":"publish","type":"post","link":"https:\/\/die-webzeitung.de\/stuttgart\/2020\/02\/10\/sturmtief-sabine-wirbelt-auch-im-landkreis-boeblingen\/","title":{"rendered":"Sturmtief Sabine wirbelt auch im Landkreis B\u00f6blingen"},"content":{"rendered":"<h5 style=\"text-align: justify;\"><strong>Rund 75 Meldungen kreisweit<\/strong><\/h5>\n<p style=\"text-align: justify;\">Kreis B\u00f6blingen.| Auch im Landkreis B\u00f6blingen sorgt Sabine ordentlich f\u00fcr Wirbel. Die Feuerwehrleitstelle berichtet aktuell von rund 75 Eins\u00e4tzen im ganzen Landkreisgebiet. Es handelt sich um kleinere wetterbedingte Sch\u00e4den wie umgest\u00fcrzte B\u00e4ume, Z\u00e4une oder Bauger\u00fcste. Ein Schwerpunkt ist nicht auszumachen, der gesamte Landkreis ist betroffen. Bis auf zwei leicht verletzte Personen gibt es keine Personensch\u00e4den.<\/p>\n<p style=\"text-align: justify;\">Im Bezirk der Stra\u00dfenmeisterei Leonberg waren am fr\u00fchen Vormittag des 10. Februar zwei Stra\u00dfen durch umgest\u00fcrzte B\u00e4ume gesperrt \u2013 die K1013 von Perouse nach Malmsheim und die K1016 von Malmsheim nach Heimsheim. Die B\u00e4ume wurden von den \u00d6rtlichen Forstbeh\u00f6rden und Feuerwehren auf die Seite ger\u00e4umt. Gegen 8.30 Uhr wurden beide Strecken wieder f\u00fcr den Verkehr frei gegeben.<\/p>\n<p style=\"text-align: justify;\">Insgesamt sind 14 Feuerwehren im Kreis mit der Abarbeitung der gemeldeten Eins\u00e4tze besch\u00e4ftigt. Die Integrierte Leitstelle wurde ab dem Vorabend, 22 Uhr, personell verst\u00e4rkt, eine Lagedienstf\u00fchrung wurde eingerichtet. Die st\u00e4ndige \u00dcberwachung der Wettermodelle war und ist gew\u00e4hrleistet.<\/p>\n<hr \/>\n<p style=\"text-align: justify;\">\n","protected":false},"excerpt":{"rendered":"<p>Rund 75 Meldungen kreisweit Kreis B\u00f6blingen.| Auch im Landkreis B\u00f6blingen sorgt Sabine ordentlich f\u00fcr Wirbel. Die Feuerwehrleitstelle berichtet aktuell von rund 75 Eins\u00e4tzen im ganzen Landkreisgebiet. Es handelt sich um kleinere wetterbedingte Sch\u00e4den wie umgest\u00fcrzte B\u00e4ume, Z\u00e4une oder Bauger\u00fcste. Ein Schwerpunkt ist nicht auszumachen, der gesamte Landkreis ist betroffen. Bis auf zwei leicht verletzte Personen [&hellip;]<\/p>\n","protected":false},"author":4,"featured_media":0,"comment_status":"closed","ping_status":"open","sticky":false,"template":"","format":"standard","meta":{"inline_featured_image":false,"_exactmetrics_skip_tracking":false,"_exactmetrics_sitenote_active":false,"_exactmetrics_sitenote_note":"","_exactmetrics_sitenote_category":0,"footnotes":""},"categories":[59,2246],"tags":[3061,14857,5,68,16544,9,14018],"class_list":{"0":"post-137693","1":"post","2":"type-post","3":"status-publish","4":"format-standard","6":"category-aktuell","7":"category-kreis-boeblingen","8":"tag-boblingen","9":"tag-die-webzeitung","10":"tag-internetzeitung","11":"tag-online-zeitung","12":"tag-sabine","13":"tag-schaumedia","14":"tag-sturmtief"},"image_feature":null,"author_name":"Redaktion","pure_taxonomies":{"categories":[{"term_id":59,"name":"Aktuell","slug":"aktuell","term_group":0,"term_taxonomy_id":60,"taxonomy":"category","description":"","parent":0,"count":1017,"filter":"raw","image":""},{"term_id":2246,"name":"Kreis B\u00f6blingen","slug":"kreis-boeblingen","term_group":0,"term_taxonomy_id":2259,"taxonomy":"category","description":"","parent":171,"count":197,"filter":"raw","image":""}],"tags":[{"term_id":3061,"name":"B\u00f6blingen","slug":"boblingen","term_group":0,"term_taxonomy_id":3075,"taxonomy":"post_tag","description":"","parent":0,"count":260,"filter":"raw","image":""},{"term_id":14857,"name":"Die-Webzeitung","slug":"die-webzeitung","term_group":0,"term_taxonomy_id":14876,"taxonomy":"post_tag","description":"","parent":0,"count":3623,"filter":"raw","image":""},{"term_id":5,"name":"Internetzeitung","slug":"internetzeitung","term_group":0,"term_taxonomy_id":5,"taxonomy":"post_tag","description":"","parent":0,"count":1461,"filter":"raw","image":""},{"term_id":68,"name":"Online-Zeitung","slug":"online-zeitung","term_group":0,"term_taxonomy_id":69,"taxonomy":"post_tag","description":"","parent":0,"count":3593,"filter":"raw","image":""},{"term_id":16544,"name":"Sabine","slug":"sabine","term_group":0,"term_taxonomy_id":16563,"taxonomy":"post_tag","description":"","parent":0,"count":2,"filter":"raw","image":""},{"term_id":9,"name":"SchauMedia","slug":"schaumedia","term_group":0,"term_taxonomy_id":9,"taxonomy":"post_tag","description":"","parent":0,"count":1607,"filter":"raw","image":""},{"term_id":14018,"name":"Sturmtief","slug":"sturmtief","term_group":0,"term_taxonomy_id":14060,"taxonomy":"post_tag","description":"","parent":0,"count":3,"filter":"raw","image":""}]},"_links":{"self":[{"href":"https:\/\/die-webzeitung.de\/stuttgart\/wp-json\/wp\/v2\/posts\/137693","targetHints":{"allow":["GET"]}}],"collection":[{"href":"https:\/\/die-webzeitung.de\/stuttgart\/wp-json\/wp\/v2\/posts"}],"about":[{"href":"https:\/\/die-webzeitung.de\/stuttgart\/wp-json\/wp\/v2\/types\/post"}],"author":[{"embeddable":true,"href":"https:\/\/die-webzeitung.de\/stuttgart\/wp-json\/wp\/v2\/users\/4"}],"replies":[{"embeddable":true,"href":"https:\/\/die-webzeitung.de\/stuttgart\/wp-json\/wp\/v2\/comments?post=137693"}],"version-history":[{"count":2,"href":"https:\/\/die-webzeitung.de\/stuttgart\/wp-json\/wp\/v2\/posts\/137693\/revisions"}],"predecessor-version":[{"id":137695,"href":"https:\/\/die-webzeitung.de\/stuttgart\/wp-json\/wp\/v2\/posts\/137693\/revisions\/137695"}],"wp:attachment":[{"href":"https:\/\/die-webzeitung.de\/stuttgart\/wp-json\/wp\/v2\/media?parent=137693"}],"wp:term":[{"taxonomy":"category","embeddable":true,"href":"https:\/\/die-webzeitung.de\/stuttgart\/wp-json\/wp\/v2\/categories?post=137693"},{"taxonomy":"post_tag","embeddable":true,"href":"https:\/\/die-webzeitung.de\/stuttgart\/wp-json\/wp\/v2\/tags?post=137693"}],"curies":[{"name":"wp","href":"https:\/\/api.w.org\/{rel}","templated":true}]}}