{"id":137666,"date":"2020-02-07T17:23:49","date_gmt":"2020-02-07T16:23:49","guid":{"rendered":"https:\/\/die-webzeitung.de\/stuttgart\/?p=137666"},"modified":"2020-02-07T17:23:49","modified_gmt":"2020-02-07T16:23:49","slug":"neckarpark-wohnungsbau-geht-weiter","status":"publish","type":"post","link":"https:\/\/die-webzeitung.de\/stuttgart\/2020\/02\/07\/neckarpark-wohnungsbau-geht-weiter\/","title":{"rendered":"NeckarPark: Wohnungsbau geht weiter"},"content":{"rendered":"<p style=\"text-align: justify;\">Stuttgart.| Die Landeshauptstadt Stuttgart betont, dass die Bebauung des NeckarParks wie geplant fortl\u00e4uft. Die Stuttgarter Zeitung berichtete am Freitag, 7. Februar, vom R\u00fcckzug einer Baugenossenschaft.<\/p>\n<p style=\"text-align: justify;\">Dazu erkl\u00e4rte der B\u00fcrgermeister f\u00fcr St\u00e4dtebau, Wohnen und Umwelt, Peter P\u00e4tzold: \u201eWir akzeptieren die Entscheidung der Landesbaugenossenschaft. Es gab noch keinen beurkundeten Kaufvertrag und somit k\u00f6nnen potenzielle Erwerber aussteigen. Wir begr\u00fc\u00dfen zugleich die Bereitschaft der Baugenossenschaften Bad Cannstatt, M\u00fcnster und der Gartenstadt Luginsland den Grundst\u00fccksanteil zu \u00fcbernehmen.\u201c Nach dem Ausstieg der LBG haben die verbleibenden Baugenossenschaften ihre Bereitschaft erkl\u00e4rt, die 104 Wohneinheiten zu \u00fcbernehmen. Diesem Verfahren hat der Ausschuss f\u00fcr Wirtschaft und Wohnen am 31. Januar zugestimmt. Die konkrete Aufteilung dieser Einheiten wird derzeit abgestimmt.<\/p>\n<p style=\"text-align: justify;\">P\u00e4tzold weiter: \u201eIm NeckarPark sollen von den geplanten und gebauten Wohnungen 80% gef\u00f6rdert sein. Damit wird der Gro\u00dfteil der Wohnungen gerade auch f\u00fcr Gering- oder Normalverdiener bezahlbar.\u201c Er sagte auch: \u201eW\u00e4rmenetze f\u00fcr Quartiere, energetisch gute Baustandards, Dach- und Fassadengr\u00fcn, Regenwassermanagement oder ein nachhaltiges Mobilit\u00e4tskonzept sind selbstverst\u00e4ndlich f\u00fcr die Entwicklung neuer Quartiere in Stuttgart. Dies ist vom Gemeinderat gewollt und wurde auch mit dem Aktionsprogramm zum Klimaschutz bekr\u00e4ftigt.\u201c<\/p>\n<p style=\"text-align: justify;\">P\u00e4tzold unterstreicht: \u201eDie Bef\u00fcrchtung stand im Raum, dass die Fl\u00e4chen f\u00fcr die Erschlie\u00dfung von Q 5 nicht verf\u00fcgbar sind. Allerdings unbegr\u00fcndet: Seit kurzem gibt es mit den Beteiligten Vorvereinbarungen zu den Umlegungsfl\u00e4chen.\u201c Die Entwicklung des Quartiers ist beachtlich: Es sei klar, wie die Bewohner vor L\u00e4rm gesch\u00fctzt werden. Das Sportbad ist im Bau und der Wettbewerb zum Bildungshaus \u2013 einer Investition von \u00fcber 90 Millionen Euro \u2013 ist gestartet.<\/p>\n<p style=\"text-align: justify;\">Der Zeitungsbericht moniert hohe Baukosten. Der B\u00fcrgermeister f\u00fcr Wirtschaft, Finanzen und Beteiligungen, Thomas Fuhrmann erl\u00e4utert: \u201eDer Quadratmeterpreis entspricht dem Verkehrswert, der durch das Stadtmessungsamt ermittelt wurde. Der Bauplatzkaufpreis wurde entsprechend der Regularien bei gef\u00f6rdertem Wohnungsbau reduziert. Der Bodenpreis f\u00fcr den Wohnungsbau mit rund 1100 \u20ac\/qm ist der reduzierte Wert.\u201c P\u00e4tzold erg\u00e4nzt: \u201eDie Diskussion um rapide steigende Grundst\u00fcckskosten zeigt, dass es richtig ist, dass der Gemeinderat dar\u00fcber diskutiert, wie mit dieser Entwicklung bei st\u00e4dtischen Grundst\u00fccken, somit auch f\u00fcr das RosensteinViertel, umgegangen werden kann. Dabei ist auch das Erbbaurecht zu diskutieren.\u201c<\/p>\n<hr \/>\n<p style=\"text-align: justify;\">\n","protected":false},"excerpt":{"rendered":"<p>Stuttgart.| Die Landeshauptstadt Stuttgart betont, dass die Bebauung des NeckarParks wie geplant fortl\u00e4uft. Die Stuttgarter Zeitung berichtete am Freitag, 7. Februar, vom R\u00fcckzug einer Baugenossenschaft. Dazu erkl\u00e4rte der B\u00fcrgermeister f\u00fcr St\u00e4dtebau, Wohnen und Umwelt, Peter P\u00e4tzold: \u201eWir akzeptieren die Entscheidung der Landesbaugenossenschaft. Es gab noch keinen beurkundeten Kaufvertrag und somit k\u00f6nnen potenzielle Erwerber aussteigen. Wir [&hellip;]<\/p>\n","protected":false},"author":4,"featured_media":0,"comment_status":"closed","ping_status":"open","sticky":false,"template":"","format":"standard","meta":{"inline_featured_image":false,"_exactmetrics_skip_tracking":false,"_exactmetrics_sitenote_active":false,"_exactmetrics_sitenote_note":"","_exactmetrics_sitenote_category":0,"footnotes":""},"categories":[59,2239],"tags":[14857,5,6257,68,9,275,16543],"class_list":{"0":"post-137666","1":"post","2":"type-post","3":"status-publish","4":"format-standard","6":"category-aktuell","7":"category-stuttgart-lokal","8":"tag-die-webzeitung","9":"tag-internetzeitung","10":"tag-neckarpark","11":"tag-online-zeitung","12":"tag-schaumedia","13":"tag-stuttgart","14":"tag-wohn-ungsbau"},"image_feature":null,"author_name":"Redaktion","pure_taxonomies":{"categories":[{"term_id":59,"name":"Aktuell","slug":"aktuell","term_group":0,"term_taxonomy_id":60,"taxonomy":"category","description":"","parent":0,"count":1017,"filter":"raw","image":""},{"term_id":2239,"name":"Stuttgart","slug":"stuttgart-lokal","term_group":0,"term_taxonomy_id":2252,"taxonomy":"category","description":"Berichte und Informationen aus Stuttgart","parent":1433,"count":941,"filter":"raw","image":""}],"tags":[{"term_id":14857,"name":"Die-Webzeitung","slug":"die-webzeitung","term_group":0,"term_taxonomy_id":14876,"taxonomy":"post_tag","description":"","parent":0,"count":3623,"filter":"raw","image":""},{"term_id":5,"name":"Internetzeitung","slug":"internetzeitung","term_group":0,"term_taxonomy_id":5,"taxonomy":"post_tag","description":"","parent":0,"count":1461,"filter":"raw","image":""},{"term_id":6257,"name":"Neckarpark","slug":"neckarpark","term_group":0,"term_taxonomy_id":6278,"taxonomy":"post_tag","description":"","parent":0,"count":5,"filter":"raw","image":""},{"term_id":68,"name":"Online-Zeitung","slug":"online-zeitung","term_group":0,"term_taxonomy_id":69,"taxonomy":"post_tag","description":"","parent":0,"count":3593,"filter":"raw","image":""},{"term_id":9,"name":"SchauMedia","slug":"schaumedia","term_group":0,"term_taxonomy_id":9,"taxonomy":"post_tag","description":"","parent":0,"count":1607,"filter":"raw","image":""},{"term_id":275,"name":"Stuttgart","slug":"stuttgart","term_group":0,"term_taxonomy_id":281,"taxonomy":"post_tag","description":"","parent":0,"count":1194,"filter":"raw","image":""},{"term_id":16543,"name":"Wohn ungsbau","slug":"wohn-ungsbau","term_group":0,"term_taxonomy_id":16562,"taxonomy":"post_tag","description":"","parent":0,"count":1,"filter":"raw","image":""}]},"_links":{"self":[{"href":"https:\/\/die-webzeitung.de\/stuttgart\/wp-json\/wp\/v2\/posts\/137666","targetHints":{"allow":["GET"]}}],"collection":[{"href":"https:\/\/die-webzeitung.de\/stuttgart\/wp-json\/wp\/v2\/posts"}],"about":[{"href":"https:\/\/die-webzeitung.de\/stuttgart\/wp-json\/wp\/v2\/types\/post"}],"author":[{"embeddable":true,"href":"https:\/\/die-webzeitung.de\/stuttgart\/wp-json\/wp\/v2\/users\/4"}],"replies":[{"embeddable":true,"href":"https:\/\/die-webzeitung.de\/stuttgart\/wp-json\/wp\/v2\/comments?post=137666"}],"version-history":[{"count":1,"href":"https:\/\/die-webzeitung.de\/stuttgart\/wp-json\/wp\/v2\/posts\/137666\/revisions"}],"predecessor-version":[{"id":137667,"href":"https:\/\/die-webzeitung.de\/stuttgart\/wp-json\/wp\/v2\/posts\/137666\/revisions\/137667"}],"wp:attachment":[{"href":"https:\/\/die-webzeitung.de\/stuttgart\/wp-json\/wp\/v2\/media?parent=137666"}],"wp:term":[{"taxonomy":"category","embeddable":true,"href":"https:\/\/die-webzeitung.de\/stuttgart\/wp-json\/wp\/v2\/categories?post=137666"},{"taxonomy":"post_tag","embeddable":true,"href":"https:\/\/die-webzeitung.de\/stuttgart\/wp-json\/wp\/v2\/tags?post=137666"}],"curies":[{"name":"wp","href":"https:\/\/api.w.org\/{rel}","templated":true}]}}