{"id":137664,"date":"2020-02-07T17:19:25","date_gmt":"2020-02-07T16:19:25","guid":{"rendered":"https:\/\/die-webzeitung.de\/stuttgart\/?p=137664"},"modified":"2020-02-07T17:19:25","modified_gmt":"2020-02-07T16:19:25","slug":"stuttgart-hauptbahnhof-bahnverkehr-laeuft-wieder-auf-allen-gleisen","status":"publish","type":"post","link":"https:\/\/die-webzeitung.de\/stuttgart\/2020\/02\/07\/stuttgart-hauptbahnhof-bahnverkehr-laeuft-wieder-auf-allen-gleisen\/","title":{"rendered":"Stuttgart Hauptbahnhof: Bahnverkehr l\u00e4uft wieder auf allen Gleisen"},"content":{"rendered":"<p style=\"text-align: justify;\">Stuttgart.| Der Bahnbetrieb im Stuttgarter Hauptbahnhof l\u00e4uft ab 15 Uhr wieder auf allen 16 Gleisen. Im Nah- und Fernverkehr sind die Z\u00fcge nach dem regul\u00e4ren Fahrplan unterwegs, einzige Ausnahme ist der IC 218 von Klagenfurt \u00fcber Stuttgart nach Frankfurt\/Main, der nicht in Stuttgart, sondern in Esslingen (Neckar) h\u00e4lt.<\/p>\n<p style=\"text-align: justify;\">Die Instandsetzungsarbeiten nach dem Brand am Dienstag laufen weiter, beeintr\u00e4chtigen aber nicht den Bahnverkehr.<\/p>\n<hr \/>\n<p style=\"text-align: justify;\">\n","protected":false},"excerpt":{"rendered":"<p>Stuttgart.| Der Bahnbetrieb im Stuttgarter Hauptbahnhof l\u00e4uft ab 15 Uhr wieder auf allen 16 Gleisen. Im Nah- und Fernverkehr sind die Z\u00fcge nach dem regul\u00e4ren Fahrplan unterwegs, einzige Ausnahme ist der IC 218 von Klagenfurt \u00fcber Stuttgart nach Frankfurt\/Main, der nicht in Stuttgart, sondern in Esslingen (Neckar) h\u00e4lt. Die Instandsetzungsarbeiten nach dem Brand am Dienstag [&hellip;]<\/p>\n","protected":false},"author":4,"featured_media":0,"comment_status":"closed","ping_status":"open","sticky":false,"template":"","format":"standard","meta":{"inline_featured_image":false,"_exactmetrics_skip_tracking":false,"_exactmetrics_sitenote_active":false,"_exactmetrics_sitenote_note":"","_exactmetrics_sitenote_category":0,"footnotes":""},"categories":[59,2239],"tags":[14857,11521,5,68,9,275],"class_list":{"0":"post-137664","1":"post","2":"type-post","3":"status-publish","4":"format-standard","6":"category-aktuell","7":"category-stuttgart-lokal","8":"tag-die-webzeitung","9":"tag-hauptbahnhof","10":"tag-internetzeitung","11":"tag-online-zeitung","12":"tag-schaumedia","13":"tag-stuttgart"},"image_feature":null,"author_name":"Redaktion","pure_taxonomies":{"categories":[{"term_id":59,"name":"Aktuell","slug":"aktuell","term_group":0,"term_taxonomy_id":60,"taxonomy":"category","description":"","parent":0,"count":1017,"filter":"raw","image":""},{"term_id":2239,"name":"Stuttgart","slug":"stuttgart-lokal","term_group":0,"term_taxonomy_id":2252,"taxonomy":"category","description":"Berichte und Informationen aus Stuttgart","parent":1433,"count":941,"filter":"raw","image":""}],"tags":[{"term_id":14857,"name":"Die-Webzeitung","slug":"die-webzeitung","term_group":0,"term_taxonomy_id":14876,"taxonomy":"post_tag","description":"","parent":0,"count":3623,"filter":"raw","image":""},{"term_id":11521,"name":"Hauptbahnhof","slug":"hauptbahnhof","term_group":0,"term_taxonomy_id":11559,"taxonomy":"post_tag","description":"","parent":0,"count":7,"filter":"raw","image":""},{"term_id":5,"name":"Internetzeitung","slug":"internetzeitung","term_group":0,"term_taxonomy_id":5,"taxonomy":"post_tag","description":"","parent":0,"count":1461,"filter":"raw","image":""},{"term_id":68,"name":"Online-Zeitung","slug":"online-zeitung","term_group":0,"term_taxonomy_id":69,"taxonomy":"post_tag","description":"","parent":0,"count":3593,"filter":"raw","image":""},{"term_id":9,"name":"SchauMedia","slug":"schaumedia","term_group":0,"term_taxonomy_id":9,"taxonomy":"post_tag","description":"","parent":0,"count":1607,"filter":"raw","image":""},{"term_id":275,"name":"Stuttgart","slug":"stuttgart","term_group":0,"term_taxonomy_id":281,"taxonomy":"post_tag","description":"","parent":0,"count":1194,"filter":"raw","image":""}]},"_links":{"self":[{"href":"https:\/\/die-webzeitung.de\/stuttgart\/wp-json\/wp\/v2\/posts\/137664","targetHints":{"allow":["GET"]}}],"collection":[{"href":"https:\/\/die-webzeitung.de\/stuttgart\/wp-json\/wp\/v2\/posts"}],"about":[{"href":"https:\/\/die-webzeitung.de\/stuttgart\/wp-json\/wp\/v2\/types\/post"}],"author":[{"embeddable":true,"href":"https:\/\/die-webzeitung.de\/stuttgart\/wp-json\/wp\/v2\/users\/4"}],"replies":[{"embeddable":true,"href":"https:\/\/die-webzeitung.de\/stuttgart\/wp-json\/wp\/v2\/comments?post=137664"}],"version-history":[{"count":1,"href":"https:\/\/die-webzeitung.de\/stuttgart\/wp-json\/wp\/v2\/posts\/137664\/revisions"}],"predecessor-version":[{"id":137665,"href":"https:\/\/die-webzeitung.de\/stuttgart\/wp-json\/wp\/v2\/posts\/137664\/revisions\/137665"}],"wp:attachment":[{"href":"https:\/\/die-webzeitung.de\/stuttgart\/wp-json\/wp\/v2\/media?parent=137664"}],"wp:term":[{"taxonomy":"category","embeddable":true,"href":"https:\/\/die-webzeitung.de\/stuttgart\/wp-json\/wp\/v2\/categories?post=137664"},{"taxonomy":"post_tag","embeddable":true,"href":"https:\/\/die-webzeitung.de\/stuttgart\/wp-json\/wp\/v2\/tags?post=137664"}],"curies":[{"name":"wp","href":"https:\/\/api.w.org\/{rel}","templated":true}]}}