{"id":137647,"date":"2020-02-06T17:27:11","date_gmt":"2020-02-06T16:27:11","guid":{"rendered":"https:\/\/die-webzeitung.de\/stuttgart\/?p=137647"},"modified":"2020-02-06T17:27:11","modified_gmt":"2020-02-06T16:27:11","slug":"stuttgart-hauptbahnhof-bahnverkehr-normalisiert-sich","status":"publish","type":"post","link":"https:\/\/die-webzeitung.de\/stuttgart\/2020\/02\/06\/stuttgart-hauptbahnhof-bahnverkehr-normalisiert-sich\/","title":{"rendered":"Stuttgart Hauptbahnhof: Bahnverkehr normalisiert sich"},"content":{"rendered":"<ul>\n<li style=\"text-align: justify;\">Regionalverkehr f\u00e4hrt ab 16 Uhr wieder ab Hauptbahnhof<\/li>\n<li style=\"text-align: justify;\">Ab Freitag folgt auch der Fernverkehr \u2022 Kulanzregelung gilt weiter<\/li>\n<\/ul>\n<p style=\"text-align: justify;\">Stuttgart.| Die Instandsetzungsarbeiten nach dem Brand am Stuttgarter Hauptbahnhof am Dienstag gehen stetig voran. Alle drei Infotafeln auf dem Querbahnsteig sowie die vorderen Zugzielanzeiger an den Bahnsteigen sowie Bahnsteigbeschallung sind bereits wieder in Betrieb. Auch die Bahnsteigbeleuchtung l\u00e4uft gr\u00f6\u00dftenteils wieder. An der Instandsetzung der weiteren elektronischen Zugzielanzeiger, der Uhren und Fahrkartenautomaten arbeitet die DB mit Hochdruck. Weiterhin sind daher zus\u00e4tzliche Servicemitarbeiter im Einsatz.<\/p>\n<p style=\"text-align: justify;\">Ab heute, 16 Uhr sind 15 Gleise im Hauptbahnhof wieder nutzbar. Nahezu der gesamte Regionalverkehr f\u00e4hrt daher ab 16 Uhr nach dem regul\u00e4ren Fahrplan von und nach Stuttgart Hauptbahnhof, Ausnahme ist die Regionalbahn von\/ nach Geislingen\/Ulm, diese Z\u00fcge, die im Stundentakt fahren, wenden bis heute Betriebsschluss weiterhin in Plochingen. Im Hauptbahnhof kann es aber im Rahmen der Betriebsaufnahme noch zu kurzfristigen Gleisverlegungen bei den Nahverkehrsz\u00fcgen kommen.<\/p>\n<p style=\"text-align: justify;\">Z\u00fcge in Richtung Paris starten und enden in Karlsruhe. Die IC-Verbindung zwischen Karlsruhe und N\u00fcrnberg wird nur zwischen Aalen und N\u00fcrnberg bedient. Alle anderen Fernverkehrsz\u00fcge halten anstatt Stuttgart Hbf in Esslingen am Neckar und teilweise in Vaihingen (Enz). IC-Z\u00fcge aus dem Rhein\/Ruhr-Gebiet enden und beginnen vorzeitig in Heidelberg. Es kann dar\u00fcber hinaus noch zu vereinzelten Zugausf\u00e4llen kommen.<\/p>\n<p style=\"text-align: justify;\">Ab Freitag verkehren dann Nah- und Fernverkehr wieder nach dem regul\u00e4ren Fahrplan ab Hauptbahnhof bis auf die IC Verbindung von Klagenfurt \u00fcber Stuttgart nach Frankfurt\/Main.<\/p>\n<p style=\"text-align: justify;\">Folgende ICE\/IC-Linien im Fernverkehr fahren heute von und nach Stuttgart Hauptbahnhof:<\/p>\n<p style=\"text-align: justify;\">\u2022 Die ICE-Linien Berlin\/Dortmund-Stuttgart-M\u00fcnchen<br \/>\n\u2022 IC-Linie Stuttgart Singen -Z\u00fcrich (G\u00e4ubahn)<br \/>\n\u2022 ICE Linien Essen\/Hamburg-Mannheim-Stuttgart<br \/>\n\u2022 IC-Linie Essen-Mannheim-Stuttgart<\/p>\n<p style=\"text-align: justify;\">Die S-Bahn f\u00e4hrt ohne Einschr\u00e4nkungen auf allen Linien und setzt \u00fcberwiegend Z\u00fcge mit maximaler Zugl\u00e4nge ein.<\/p>\n<p style=\"text-align: justify;\">Die Deutsche Bahn empfiehlt Fahrg\u00e4sten sich rechtzeitig vor Reiseantritt auf <a href=\"http:\/\/www.bahn.de\" target=\"_blank\" rel=\"noopener noreferrer\">www.bahn.de<\/a> oder in der App DB Navigator \u00fcber die aktuelle Verkehrslage zu informieren und eine l\u00e4ngere Reisezeit einzuplanen.<\/p>\n<p style=\"text-align: justify;\">Alle Tickets des Fernverkehrs f\u00fcr Stecken, die vom 04.02.- 07.02 2020 von der Sperrung des Stuttgarter Hauptbahnhofs betroffen sind, behalten ihre G\u00fcltigkeit. Tickets k\u00f6nnen bis zum 14.02.2020 kostenfrei storniert oder nach St\u00f6rungsende flexibel genutzt werden. Dies gilt auch f\u00fcr zuggebundene Tickets. Sitzplatzreservierungen k\u00f6nnen umgetauscht werden. Weitere Informationen unter <a href=\"http:\/\/bahn.de\/fahrgastrechte\" target=\"_blank\" rel=\"noopener noreferrer\">bahn.de\/fahrgastrechte<\/a>.<\/p>\n<hr \/>\n<p style=\"text-align: justify;\">\n","protected":false},"excerpt":{"rendered":"<p>Regionalverkehr f\u00e4hrt ab 16 Uhr wieder ab Hauptbahnhof Ab Freitag folgt auch der Fernverkehr \u2022 Kulanzregelung gilt weiter Stuttgart.| Die Instandsetzungsarbeiten nach dem Brand am Stuttgarter Hauptbahnhof am Dienstag gehen stetig voran. Alle drei Infotafeln auf dem Querbahnsteig sowie die vorderen Zugzielanzeiger an den Bahnsteigen sowie Bahnsteigbeschallung sind bereits wieder in Betrieb. Auch die Bahnsteigbeleuchtung [&hellip;]<\/p>\n","protected":false},"author":4,"featured_media":0,"comment_status":"closed","ping_status":"open","sticky":false,"template":"","format":"standard","meta":{"inline_featured_image":false,"_exactmetrics_skip_tracking":false,"_exactmetrics_sitenote_active":false,"_exactmetrics_sitenote_note":"","_exactmetrics_sitenote_category":0,"footnotes":""},"categories":[59,2239],"tags":[111,14857,11521,5,68,9,275,16541],"class_list":{"0":"post-137647","1":"post","2":"type-post","3":"status-publish","4":"format-standard","6":"category-aktuell","7":"category-stuttgart-lokal","8":"tag-bahn","9":"tag-die-webzeitung","10":"tag-hauptbahnhof","11":"tag-internetzeitung","12":"tag-online-zeitung","13":"tag-schaumedia","14":"tag-stuttgart","15":"tag-zugverkehr"},"image_feature":null,"author_name":"Redaktion","pure_taxonomies":{"categories":[{"term_id":59,"name":"Aktuell","slug":"aktuell","term_group":0,"term_taxonomy_id":60,"taxonomy":"category","description":"","parent":0,"count":1017,"filter":"raw","image":""},{"term_id":2239,"name":"Stuttgart","slug":"stuttgart-lokal","term_group":0,"term_taxonomy_id":2252,"taxonomy":"category","description":"Berichte und Informationen aus Stuttgart","parent":1433,"count":941,"filter":"raw","image":""}],"tags":[{"term_id":111,"name":"Bahn","slug":"bahn","term_group":0,"term_taxonomy_id":113,"taxonomy":"post_tag","description":"","parent":0,"count":36,"filter":"raw","image":""},{"term_id":14857,"name":"Die-Webzeitung","slug":"die-webzeitung","term_group":0,"term_taxonomy_id":14876,"taxonomy":"post_tag","description":"","parent":0,"count":3623,"filter":"raw","image":""},{"term_id":11521,"name":"Hauptbahnhof","slug":"hauptbahnhof","term_group":0,"term_taxonomy_id":11559,"taxonomy":"post_tag","description":"","parent":0,"count":7,"filter":"raw","image":""},{"term_id":5,"name":"Internetzeitung","slug":"internetzeitung","term_group":0,"term_taxonomy_id":5,"taxonomy":"post_tag","description":"","parent":0,"count":1461,"filter":"raw","image":""},{"term_id":68,"name":"Online-Zeitung","slug":"online-zeitung","term_group":0,"term_taxonomy_id":69,"taxonomy":"post_tag","description":"","parent":0,"count":3593,"filter":"raw","image":""},{"term_id":9,"name":"SchauMedia","slug":"schaumedia","term_group":0,"term_taxonomy_id":9,"taxonomy":"post_tag","description":"","parent":0,"count":1607,"filter":"raw","image":""},{"term_id":275,"name":"Stuttgart","slug":"stuttgart","term_group":0,"term_taxonomy_id":281,"taxonomy":"post_tag","description":"","parent":0,"count":1194,"filter":"raw","image":""},{"term_id":16541,"name":"Zugverkehr","slug":"zugverkehr","term_group":0,"term_taxonomy_id":16560,"taxonomy":"post_tag","description":"","parent":0,"count":2,"filter":"raw","image":""}]},"_links":{"self":[{"href":"https:\/\/die-webzeitung.de\/stuttgart\/wp-json\/wp\/v2\/posts\/137647","targetHints":{"allow":["GET"]}}],"collection":[{"href":"https:\/\/die-webzeitung.de\/stuttgart\/wp-json\/wp\/v2\/posts"}],"about":[{"href":"https:\/\/die-webzeitung.de\/stuttgart\/wp-json\/wp\/v2\/types\/post"}],"author":[{"embeddable":true,"href":"https:\/\/die-webzeitung.de\/stuttgart\/wp-json\/wp\/v2\/users\/4"}],"replies":[{"embeddable":true,"href":"https:\/\/die-webzeitung.de\/stuttgart\/wp-json\/wp\/v2\/comments?post=137647"}],"version-history":[{"count":1,"href":"https:\/\/die-webzeitung.de\/stuttgart\/wp-json\/wp\/v2\/posts\/137647\/revisions"}],"predecessor-version":[{"id":137648,"href":"https:\/\/die-webzeitung.de\/stuttgart\/wp-json\/wp\/v2\/posts\/137647\/revisions\/137648"}],"wp:attachment":[{"href":"https:\/\/die-webzeitung.de\/stuttgart\/wp-json\/wp\/v2\/media?parent=137647"}],"wp:term":[{"taxonomy":"category","embeddable":true,"href":"https:\/\/die-webzeitung.de\/stuttgart\/wp-json\/wp\/v2\/categories?post=137647"},{"taxonomy":"post_tag","embeddable":true,"href":"https:\/\/die-webzeitung.de\/stuttgart\/wp-json\/wp\/v2\/tags?post=137647"}],"curies":[{"name":"wp","href":"https:\/\/api.w.org\/{rel}","templated":true}]}}