{"id":137640,"date":"2020-02-06T11:55:45","date_gmt":"2020-02-06T10:55:45","guid":{"rendered":"https:\/\/die-webzeitung.de\/stuttgart\/?p=137640"},"modified":"2020-02-06T11:55:45","modified_gmt":"2020-02-06T10:55:45","slug":"made-in-stuttgart-2020-das-interkulturelle-festival","status":"publish","type":"post","link":"https:\/\/die-webzeitung.de\/stuttgart\/2020\/02\/06\/made-in-stuttgart-2020-das-interkulturelle-festival\/","title":{"rendered":"MADE IN STUTTGART 2020 das interkulturelle Festival"},"content":{"rendered":"<p style=\"text-align: justify;\">Bewerbungsverfahren f\u00fcr Stuttgarter K\u00fcnstler*innen er\u00f6ffnet<\/p>\n<p style=\"text-align: justify;\">Stuttgart.| Vom 11. bis zum 15. November 2020 findet zum f\u00fcnften Mal das interkulturelle und sparten\u00fcbergreifende Festival MADE IN STUTTGART statt, veranstaltet vom Forum der Kulturen Stuttgart e. V. in Kooperation mit 21 Stuttgarter Kultureinrichtungen.<\/p>\n<p style=\"text-align: justify;\">Wie auch beim Schwester-Festival MADE IN GERMANY wird eine aus Stuttgarter B\u00fcrger*innen bestehende Jury, die ihre Arbeit bereits aufgenommen hat, das Programm f\u00fcr MADE IN STUTTGART 2020 gestalten \u2013 eine Besonderheit in der deutschen Kulturlandschaft!<\/p>\n<p style=\"text-align: justify;\">Professionelle und semi-professionelle K\u00fcnstler*innen aus Stuttgart mit Migrationsgeschichte sind nun aufgerufen, sich mit ihren fertigen Produktion zu bewerben: Theater, Musik, Tanz, Literatur, Film, neue Medien, Performance und mehr \u2013 das interkulturelle Festival MADE IN STUTTGART steht ausdr\u00fccklich allen Kunstformen offen.<\/p>\n<p style=\"text-align: justify;\">Neben dem Festivalprogramm sollen sogenannte Labore Raum f\u00fcr aktiven k\u00fcnstlerischen Austausch bieten und kreative Begegnungen zwischen K\u00fcnstler*innen und Einrichtungen erm\u00f6glichen. Bestenfalls k\u00f6nnen daraus Kooperationen entstehen, die \u00fcber den Festivalzeitraum hinausreichen. Auch f\u00fcr die Teilnahme an den Laboren k\u00f6nnen sich die K\u00fcnstler*innen ab sofort und bis zum 31. M\u00e4rz 2020 bewerben!<\/p>\n<p style=\"text-align: justify;\">Alle weiteren Informationen zum Bewerbungsverfahren unter: <a href=\"http:\/\/mis.madeingermany-stuttgart.de\/mitmachen\/kuenstlerinnen\/\" target=\"_blank\" rel=\"noopener noreferrer\">mis.madeingermany-stuttgart.de\/mitmachen\/kuenstlerinnen\/<\/a><\/p>\n<hr \/>\n<p style=\"text-align: justify;\">\n","protected":false},"excerpt":{"rendered":"<p>Bewerbungsverfahren f\u00fcr Stuttgarter K\u00fcnstler*innen er\u00f6ffnet Stuttgart.| Vom 11. bis zum 15. November 2020 findet zum f\u00fcnften Mal das interkulturelle und sparten\u00fcbergreifende Festival MADE IN STUTTGART statt, veranstaltet vom Forum der Kulturen Stuttgart e. V. in Kooperation mit 21 Stuttgarter Kultureinrichtungen. Wie auch beim Schwester-Festival MADE IN GERMANY wird eine aus Stuttgarter B\u00fcrger*innen bestehende Jury, die [&hellip;]<\/p>\n","protected":false},"author":4,"featured_media":0,"comment_status":"closed","ping_status":"open","sticky":false,"template":"","format":"standard","meta":{"inline_featured_image":false,"_exactmetrics_skip_tracking":false,"_exactmetrics_sitenote_active":false,"_exactmetrics_sitenote_note":"","_exactmetrics_sitenote_category":0,"footnotes":""},"categories":[2239],"tags":[14857,1454,2228,5,68,9,275],"class_list":{"0":"post-137640","1":"post","2":"type-post","3":"status-publish","4":"format-standard","6":"category-stuttgart-lokal","7":"tag-die-webzeitung","8":"tag-festival","9":"tag-interkulturell","10":"tag-internetzeitung","11":"tag-online-zeitung","12":"tag-schaumedia","13":"tag-stuttgart"},"image_feature":null,"author_name":"Redaktion","pure_taxonomies":{"categories":[{"term_id":2239,"name":"Stuttgart","slug":"stuttgart-lokal","term_group":0,"term_taxonomy_id":2252,"taxonomy":"category","description":"Berichte und Informationen aus Stuttgart","parent":1433,"count":941,"filter":"raw","image":""}],"tags":[{"term_id":14857,"name":"Die-Webzeitung","slug":"die-webzeitung","term_group":0,"term_taxonomy_id":14876,"taxonomy":"post_tag","description":"","parent":0,"count":3623,"filter":"raw","image":""},{"term_id":1454,"name":"Festival","slug":"festival","term_group":0,"term_taxonomy_id":1463,"taxonomy":"post_tag","description":"","parent":0,"count":5,"filter":"raw","image":""},{"term_id":2228,"name":"interkulturell","slug":"interkulturell","term_group":0,"term_taxonomy_id":2240,"taxonomy":"post_tag","description":"","parent":0,"count":1,"filter":"raw","image":""},{"term_id":5,"name":"Internetzeitung","slug":"internetzeitung","term_group":0,"term_taxonomy_id":5,"taxonomy":"post_tag","description":"","parent":0,"count":1461,"filter":"raw","image":""},{"term_id":68,"name":"Online-Zeitung","slug":"online-zeitung","term_group":0,"term_taxonomy_id":69,"taxonomy":"post_tag","description":"","parent":0,"count":3593,"filter":"raw","image":""},{"term_id":9,"name":"SchauMedia","slug":"schaumedia","term_group":0,"term_taxonomy_id":9,"taxonomy":"post_tag","description":"","parent":0,"count":1607,"filter":"raw","image":""},{"term_id":275,"name":"Stuttgart","slug":"stuttgart","term_group":0,"term_taxonomy_id":281,"taxonomy":"post_tag","description":"","parent":0,"count":1194,"filter":"raw","image":""}]},"_links":{"self":[{"href":"https:\/\/die-webzeitung.de\/stuttgart\/wp-json\/wp\/v2\/posts\/137640","targetHints":{"allow":["GET"]}}],"collection":[{"href":"https:\/\/die-webzeitung.de\/stuttgart\/wp-json\/wp\/v2\/posts"}],"about":[{"href":"https:\/\/die-webzeitung.de\/stuttgart\/wp-json\/wp\/v2\/types\/post"}],"author":[{"embeddable":true,"href":"https:\/\/die-webzeitung.de\/stuttgart\/wp-json\/wp\/v2\/users\/4"}],"replies":[{"embeddable":true,"href":"https:\/\/die-webzeitung.de\/stuttgart\/wp-json\/wp\/v2\/comments?post=137640"}],"version-history":[{"count":1,"href":"https:\/\/die-webzeitung.de\/stuttgart\/wp-json\/wp\/v2\/posts\/137640\/revisions"}],"predecessor-version":[{"id":137641,"href":"https:\/\/die-webzeitung.de\/stuttgart\/wp-json\/wp\/v2\/posts\/137640\/revisions\/137641"}],"wp:attachment":[{"href":"https:\/\/die-webzeitung.de\/stuttgart\/wp-json\/wp\/v2\/media?parent=137640"}],"wp:term":[{"taxonomy":"category","embeddable":true,"href":"https:\/\/die-webzeitung.de\/stuttgart\/wp-json\/wp\/v2\/categories?post=137640"},{"taxonomy":"post_tag","embeddable":true,"href":"https:\/\/die-webzeitung.de\/stuttgart\/wp-json\/wp\/v2\/tags?post=137640"}],"curies":[{"name":"wp","href":"https:\/\/api.w.org\/{rel}","templated":true}]}}