{"id":137583,"date":"2020-01-31T17:44:00","date_gmt":"2020-01-31T16:44:00","guid":{"rendered":"https:\/\/die-webzeitung.de\/stuttgart\/2020\/01\/31\/sandro-sukno-kommt-zum-sv-ludwigsburg\/"},"modified":"2020-01-31T17:44:00","modified_gmt":"2020-01-31T16:44:00","slug":"sandro-sukno-kommt-zum-sv-ludwigsburg","status":"publish","type":"post","link":"https:\/\/die-webzeitung.de\/stuttgart\/2020\/01\/31\/sandro-sukno-kommt-zum-sv-ludwigsburg\/","title":{"rendered":"Sandro Sukno kommt zum SV Ludwigsburg"},"content":{"rendered":"<h5 style=\"text-align: justify;\"><strong>Historischer SVL-Transfer<\/strong><\/h5>\n<p style=\"text-align: justify;\">Ludwigsburg.| Es ist wohl der gr\u00f6\u00dfte Transfer in der Wasserball-Geschichte des Schwimmvereins Ludwigsburg 08: Der Weltwasserballer von 2017 und ehemalige kroatische Nationalspieler Sandro Sukno (29) hat f\u00fcr ein halbes Jahr beim Pro-A Bundesligisten SV Ludwigsburg seine Zusage gegeben.<\/p>\n<p style=\"text-align: justify;\">Er soll den SV Ludwigsburg aus den Tabellenkeller Richtung Klassenerhalt in der Pro A-Bundesliga f\u00fchren.\u00a0Nach zwei Jahren Abstinenz aufgrund von Herzproblemen, wird der aktuelle Co-Trainer und ehemalige Kapit\u00e4n der kroatischen Wasserball-Nationalmannschaft Sandro Sukno f\u00fcr ein halbes Jahr f\u00fcr den SVL aktiv werden.<\/p>\n<p style=\"text-align: justify;\">Zuletzt stand Sukno beim kroatischen Profi-Erstligisten und Champions-League Teilnehmer VK Jug Dubrovnik\u00a0 unter Vertrag, wo er sein eigentliches Comeback als Spieler letztes Jahr im April plante. \u201eEs geht Sandro gesundheitlich gut und er konnte\u00a0sich vorstellen neben seinem Engagement f\u00fcr die Nationalmannschaft in Deutschland wieder in seinen Sport zur\u00fcckzukehren\u201c, sagt SVL-Vorstand Matthias Nagel und erg\u00e4nzt: \u201eEs ist eine einzigartige Chance, eine Pers\u00f6nlichkeit\u00a0wie Sandro Sukno bei uns zu haben. Er wird uns sportlich, aber auch in der \u00f6ffentlichen Wahrnehmung\u00a0sicherlich weiterhelfen.&#8221;<\/p>\n<p style=\"text-align: justify;\">Bei seinem Heimatverein Jug Dubrovnik (Kroatien) hat Sukno das Wasserballspielen gelernt und sich zu einen Weltklasse-Spieler entwickelt. Dort deb\u00fctierte der schussgewaltige Kroate mit 15 Jahren f\u00fcr die erste Profimannschaft, mit 18 f\u00fcr die kroatische Nationalmannschaft bei der EM 2008 in Malaga.<\/p>\n<p style=\"text-align: justify;\">Bei der WM in Rom 2009 holte Sandro Sukno mit Kroatien Bronze, ein Jahr sp\u00e4ter bei der Heim-EM in Zagreb Gold und anschlie\u00dfend bei der WM 2011 in Shanghai Bronze. Im WM-Jahr wechselt Sukno von Jug Dubrovnik zum italienischen Ligaprimus Pro Recco. Nach den Goldgewinn bei den Olympischen Spielen 2012 in London wechselte Sukno zum kroatischen Erstligisten Primorje Rijeka.<\/p>\n<p style=\"text-align: justify;\">2013 folgte bei der WM in Barcelona die Bronzemedaille, 2015 bei der WM in russischen Kazan die Silbermedaille. Im selben Jahr kehrte Sukno beim internationalen Top-Klub Pro Recco zur\u00fcck. Bei seinen zweiten Olympischen Spielen in Rio 2016 gewann Sukno mit Kroatien Silber, bei der WM 2017 in Budapest folgte der Weltmeistertitel.<\/p>\n<p style=\"text-align: justify;\">Nach diagnostizierten Herzproblemen im selben Jahr machte Sukno eine Pause vom Profisport, ehe er im M\u00e4rz 2018 in Cleveland eine Herz-OP hatte und im August 2018 bei Jug Dubrovnik wieder unterschrieb. Doch sein Comeback blieb aus. Die Gesundheit sei nicht optimal f\u00fcr den Profisport gewesen. Bei der SG Neuk\u00f6lln Berlin zum R\u00fcckrundenauftakt in der Pro A-Bundesliga will Sandro Sukno es also wieder wagen und dem von ihm in den vergangenen Jahren so gepr\u00e4gten Sport aktiv werden.<\/p>\n<hr \/>\n<p style=\"text-align: justify;\">\n","protected":false},"excerpt":{"rendered":"<p>Historischer SVL-Transfer Ludwigsburg.| Es ist wohl der gr\u00f6\u00dfte Transfer in der Wasserball-Geschichte des Schwimmvereins Ludwigsburg 08: Der Weltwasserballer von 2017 und ehemalige kroatische Nationalspieler Sandro Sukno (29) hat f\u00fcr ein halbes Jahr beim Pro-A Bundesligisten SV Ludwigsburg seine Zusage gegeben. Er soll den SV Ludwigsburg aus den Tabellenkeller Richtung Klassenerhalt in der Pro A-Bundesliga f\u00fchren.\u00a0Nach [&hellip;]<\/p>\n","protected":false},"author":4,"featured_media":0,"comment_status":"closed","ping_status":"open","sticky":false,"template":"","format":"standard","meta":{"inline_featured_image":false,"_exactmetrics_skip_tracking":false,"_exactmetrics_sitenote_active":false,"_exactmetrics_sitenote_note":"","_exactmetrics_sitenote_category":0,"footnotes":""},"categories":[110],"tags":[131,14857,5,68,9,15012,14387,14027],"class_list":{"0":"post-137583","1":"post","2":"type-post","3":"status-publish","4":"format-standard","6":"category-sport","7":"tag-bundesliga","8":"tag-die-webzeitung","9":"tag-internetzeitung","10":"tag-online-zeitung","11":"tag-schaumedia","12":"tag-schwimmen","13":"tag-schwimmverein","14":"tag-wasserball"},"image_feature":null,"author_name":"Redaktion","pure_taxonomies":{"categories":[{"term_id":110,"name":"Sport","slug":"sport","term_group":0,"term_taxonomy_id":112,"taxonomy":"category","description":"Sportberichte","parent":0,"count":1043,"filter":"raw","image":""}],"tags":[{"term_id":131,"name":"Bundesliga","slug":"bundesliga","term_group":0,"term_taxonomy_id":133,"taxonomy":"post_tag","description":"","parent":0,"count":699,"filter":"raw","image":""},{"term_id":14857,"name":"Die-Webzeitung","slug":"die-webzeitung","term_group":0,"term_taxonomy_id":14876,"taxonomy":"post_tag","description":"","parent":0,"count":3623,"filter":"raw","image":""},{"term_id":5,"name":"Internetzeitung","slug":"internetzeitung","term_group":0,"term_taxonomy_id":5,"taxonomy":"post_tag","description":"","parent":0,"count":1461,"filter":"raw","image":""},{"term_id":68,"name":"Online-Zeitung","slug":"online-zeitung","term_group":0,"term_taxonomy_id":69,"taxonomy":"post_tag","description":"","parent":0,"count":3593,"filter":"raw","image":""},{"term_id":9,"name":"SchauMedia","slug":"schaumedia","term_group":0,"term_taxonomy_id":9,"taxonomy":"post_tag","description":"","parent":0,"count":1607,"filter":"raw","image":""},{"term_id":15012,"name":"schwimmen","slug":"schwimmen","term_group":0,"term_taxonomy_id":15031,"taxonomy":"post_tag","description":"","parent":0,"count":149,"filter":"raw","image":""},{"term_id":14387,"name":"Schwimmverein","slug":"schwimmverein","term_group":0,"term_taxonomy_id":14421,"taxonomy":"post_tag","description":"","parent":0,"count":152,"filter":"raw","image":""},{"term_id":14027,"name":"Wasserball","slug":"wasserball","term_group":0,"term_taxonomy_id":14069,"taxonomy":"post_tag","description":"","parent":0,"count":132,"filter":"raw","image":""}]},"_links":{"self":[{"href":"https:\/\/die-webzeitung.de\/stuttgart\/wp-json\/wp\/v2\/posts\/137583","targetHints":{"allow":["GET"]}}],"collection":[{"href":"https:\/\/die-webzeitung.de\/stuttgart\/wp-json\/wp\/v2\/posts"}],"about":[{"href":"https:\/\/die-webzeitung.de\/stuttgart\/wp-json\/wp\/v2\/types\/post"}],"author":[{"embeddable":true,"href":"https:\/\/die-webzeitung.de\/stuttgart\/wp-json\/wp\/v2\/users\/4"}],"replies":[{"embeddable":true,"href":"https:\/\/die-webzeitung.de\/stuttgart\/wp-json\/wp\/v2\/comments?post=137583"}],"version-history":[{"count":0,"href":"https:\/\/die-webzeitung.de\/stuttgart\/wp-json\/wp\/v2\/posts\/137583\/revisions"}],"wp:attachment":[{"href":"https:\/\/die-webzeitung.de\/stuttgart\/wp-json\/wp\/v2\/media?parent=137583"}],"wp:term":[{"taxonomy":"category","embeddable":true,"href":"https:\/\/die-webzeitung.de\/stuttgart\/wp-json\/wp\/v2\/categories?post=137583"},{"taxonomy":"post_tag","embeddable":true,"href":"https:\/\/die-webzeitung.de\/stuttgart\/wp-json\/wp\/v2\/tags?post=137583"}],"curies":[{"name":"wp","href":"https:\/\/api.w.org\/{rel}","templated":true}]}}