{"id":137562,"date":"2020-01-27T15:39:21","date_gmt":"2020-01-27T14:39:21","guid":{"rendered":"https:\/\/die-webzeitung.de\/stuttgart\/?p=137562"},"modified":"2020-01-27T15:39:21","modified_gmt":"2020-01-27T14:39:21","slug":"schueleraustausch-jugendliche-suchen-zuhause-im-landkreis-boeblingen","status":"publish","type":"post","link":"https:\/\/die-webzeitung.de\/stuttgart\/2020\/01\/27\/schueleraustausch-jugendliche-suchen-zuhause-im-landkreis-boeblingen\/","title":{"rendered":"Sch\u00fcleraustausch: Jugendliche suchen Zuhause im Landkreis B\u00f6blingen"},"content":{"rendered":"<h5 style=\"text-align: justify;\"><strong>Landrat\u00a0 Roland Bernhard <\/strong><strong>und AFS sind auf der Suche nach Gastfamilien. Rund 100 internationale Jugendliche kommen im Februar.<\/strong><\/h5>\n<p style=\"text-align: justify;\">Landkreis B\u00f6blingen, 14.01.2020.| Einer internationalen Sch\u00fclerin oder einem Sch\u00fcler ein zweites Zuhause auf Zeit bieten und dabei selbst eine neue Kultur entdecken \u2013 das ist gelebte Weltoffenheit und Gastfreundschaft. Die Familien im Landkreis B\u00f6blingen haben ab Februar 2020 genau diese Chance. Sie k\u00f6nnen durch die Aufnahme internationaler Gastsch\u00fclerinnen und Gastsch\u00fcler ihr eigenes Familienleben bereichern und die Vorfreude auf von jungen Menschen weltweit auf ihr Austauschjahr erh\u00f6hen.<\/p>\n<p style=\"text-align: justify;\">Im Februar reisen knapp 100 Sch\u00fclerinnen und Sch\u00fcler aus aller Welt mit der gemeinn\u00fctzigen und von Ehrenamtlichen getragenen Austauschorganisation AFS Interkulturelle Begegnungen e.V. nach Deutschland. Darunter auch Gastsch\u00fclerin Maria Luisa (18) aus Costa Rica. Die Sch\u00fclerin ist ein begeisterte T\u00e4nzerin und m\u00f6chte sp\u00e4ter Architektin werden. Maria Luisa m\u00f6chte ebenso wie die anderen Jugendlichen f\u00fcr ein ganzes oder aber auch nur ein halbes Schuljahr Deutschland und seine vielf\u00e4ltige Kultur kennenlernen, ihre Sprachkenntnisse verbessern und Teil ihrer Gastfamilie werden.<\/p>\n<p style=\"text-align: justify;\">Gemeinsam mit AFS sucht Landrat\u00a0 Roland Bernhard Familien, die einen Jugendlichen wie Maria Luisa von einigen Wochen bis zu einem Jahr bei sich aufnehmen m\u00f6chten. \u201eFamilien erleben durch die Aufnahme eines Gastkindes eine andere Kultur hautnah mit und lernen gleichzeitig ihren eigenen Alltag aus einer neuen Perspektive kennen. Jede Familie aus unserem Landkreis, die diese Erfahrung machen m\u00f6chte, ist eine Bereicherung\u201c, erg\u00e4nzt \u00a0Bernhard \u00fcber das Gastfamilienprogramm von AFS.<\/p>\n<p style=\"text-align: justify;\">Gastfamilien sind so vielf\u00e4ltig wie die Welt: Ein Gastkind aufnehmen k\u00f6nnen Paare mit oder ohne Kinder, Alleinerziehende, gleichgeschlechtliche Paare, Senioren und Alleinstehende. Ein freies Bett, Neugierde auf andere Kulturen und Gastfreundschaft gen\u00fcgen. Die AFS-Gesch\u00e4ftsstelle und auch ein aktives Netzwerk ehrenamtlich Engagierter vor Ort bereiten alle Beteiligten auf den Austausch vor und begleiten w\u00e4hrend des Aufenthaltes des internationalen Besuchs.<\/p>\n<p style=\"text-align: justify;\">Interessierte, die ein Gastkind ab Februar aufnehmen m\u00f6chten, k\u00f6nnen sich direkt an die Austauschorganisation AFS wenden \u2013 unter der Telefonnummer 040 399222-90 oder per E-Mail an <a href=\"mailto:gastfamilie@afs.de\" target=\"_blank\" rel=\"noopener noreferrer\">gastfamilie@afs.de<\/a>. Weitere Informationen unter <a href=\"http:\/\/www.afs.de\/gastfamilie\" target=\"_blank\" rel=\"noopener noreferrer\">www.afs.de\/gastfamilie<\/a>.<\/p>\n<hr \/>\n<p style=\"text-align: justify;\">\n","protected":false},"excerpt":{"rendered":"<p>Landrat\u00a0 Roland Bernhard und AFS sind auf der Suche nach Gastfamilien. Rund 100 internationale Jugendliche kommen im Februar. Landkreis B\u00f6blingen, 14.01.2020.| Einer internationalen Sch\u00fclerin oder einem Sch\u00fcler ein zweites Zuhause auf Zeit bieten und dabei selbst eine neue Kultur entdecken \u2013 das ist gelebte Weltoffenheit und Gastfreundschaft. Die Familien im Landkreis B\u00f6blingen haben ab Februar [&hellip;]<\/p>\n","protected":false},"author":4,"featured_media":0,"comment_status":"closed","ping_status":"open","sticky":false,"template":"","format":"standard","meta":{"inline_featured_image":false,"_exactmetrics_skip_tracking":false,"_exactmetrics_sitenote_active":false,"_exactmetrics_sitenote_note":"","_exactmetrics_sitenote_category":0,"footnotes":""},"categories":[2246],"tags":[3061,14857,16531,14837,16530,5,68,9],"class_list":{"0":"post-137562","1":"post","2":"type-post","3":"status-publish","4":"format-standard","6":"category-kreis-boeblingen","7":"tag-boblingen","8":"tag-die-webzeitung","9":"tag-gaeste","10":"tag-gastfamilie","11":"tag-gastschueler","12":"tag-internetzeitung","13":"tag-online-zeitung","14":"tag-schaumedia"},"image_feature":null,"author_name":"Redaktion","pure_taxonomies":{"categories":[{"term_id":2246,"name":"Kreis B\u00f6blingen","slug":"kreis-boeblingen","term_group":0,"term_taxonomy_id":2259,"taxonomy":"category","description":"","parent":171,"count":197,"filter":"raw","image":""}],"tags":[{"term_id":3061,"name":"B\u00f6blingen","slug":"boblingen","term_group":0,"term_taxonomy_id":3075,"taxonomy":"post_tag","description":"","parent":0,"count":260,"filter":"raw","image":""},{"term_id":14857,"name":"Die-Webzeitung","slug":"die-webzeitung","term_group":0,"term_taxonomy_id":14876,"taxonomy":"post_tag","description":"","parent":0,"count":3623,"filter":"raw","image":""},{"term_id":16531,"name":"G\u00e4ste","slug":"gaeste","term_group":0,"term_taxonomy_id":16550,"taxonomy":"post_tag","description":"","parent":0,"count":1,"filter":"raw","image":""},{"term_id":14837,"name":"Gastfamilie","slug":"gastfamilie","term_group":0,"term_taxonomy_id":14856,"taxonomy":"post_tag","description":"","parent":0,"count":1,"filter":"raw","image":""},{"term_id":16530,"name":"Gastsch\u00fcler","slug":"gastschueler","term_group":0,"term_taxonomy_id":16549,"taxonomy":"post_tag","description":"","parent":0,"count":1,"filter":"raw","image":""},{"term_id":5,"name":"Internetzeitung","slug":"internetzeitung","term_group":0,"term_taxonomy_id":5,"taxonomy":"post_tag","description":"","parent":0,"count":1461,"filter":"raw","image":""},{"term_id":68,"name":"Online-Zeitung","slug":"online-zeitung","term_group":0,"term_taxonomy_id":69,"taxonomy":"post_tag","description":"","parent":0,"count":3593,"filter":"raw","image":""},{"term_id":9,"name":"SchauMedia","slug":"schaumedia","term_group":0,"term_taxonomy_id":9,"taxonomy":"post_tag","description":"","parent":0,"count":1607,"filter":"raw","image":""}]},"_links":{"self":[{"href":"https:\/\/die-webzeitung.de\/stuttgart\/wp-json\/wp\/v2\/posts\/137562","targetHints":{"allow":["GET"]}}],"collection":[{"href":"https:\/\/die-webzeitung.de\/stuttgart\/wp-json\/wp\/v2\/posts"}],"about":[{"href":"https:\/\/die-webzeitung.de\/stuttgart\/wp-json\/wp\/v2\/types\/post"}],"author":[{"embeddable":true,"href":"https:\/\/die-webzeitung.de\/stuttgart\/wp-json\/wp\/v2\/users\/4"}],"replies":[{"embeddable":true,"href":"https:\/\/die-webzeitung.de\/stuttgart\/wp-json\/wp\/v2\/comments?post=137562"}],"version-history":[{"count":1,"href":"https:\/\/die-webzeitung.de\/stuttgart\/wp-json\/wp\/v2\/posts\/137562\/revisions"}],"predecessor-version":[{"id":137563,"href":"https:\/\/die-webzeitung.de\/stuttgart\/wp-json\/wp\/v2\/posts\/137562\/revisions\/137563"}],"wp:attachment":[{"href":"https:\/\/die-webzeitung.de\/stuttgart\/wp-json\/wp\/v2\/media?parent=137562"}],"wp:term":[{"taxonomy":"category","embeddable":true,"href":"https:\/\/die-webzeitung.de\/stuttgart\/wp-json\/wp\/v2\/categories?post=137562"},{"taxonomy":"post_tag","embeddable":true,"href":"https:\/\/die-webzeitung.de\/stuttgart\/wp-json\/wp\/v2\/tags?post=137562"}],"curies":[{"name":"wp","href":"https:\/\/api.w.org\/{rel}","templated":true}]}}