{"id":137510,"date":"2020-01-21T14:25:48","date_gmt":"2020-01-21T13:25:48","guid":{"rendered":"https:\/\/die-webzeitung.de\/stuttgart\/2020\/01\/21\/fuenf-bayerische-filmpreise-fuer-mfg-gefoerderte-filme\/"},"modified":"2020-01-21T14:25:48","modified_gmt":"2020-01-21T13:25:48","slug":"fuenf-bayerische-filmpreise-fuer-mfg-gefoerderte-filme","status":"publish","type":"post","link":"https:\/\/die-webzeitung.de\/stuttgart\/2020\/01\/21\/fuenf-bayerische-filmpreise-fuer-mfg-gefoerderte-filme\/","title":{"rendered":"F\u00fcnf Bayerische Filmpreise f\u00fcr MFG-gef\u00f6rderte Filme"},"content":{"rendered":"<p style=\"text-align: justify;\">Der 41. Bayrische Filmpreis wurde an die MFG-gef\u00f6rderten Produktionen \u00a0\u201eZoros Solo\u201c (\u201eBestes Drehbuch\u201c), \u201e25 km\/h\u201c (\u201eBester Darsteller\u201c), \u201eSystemsprenger\u201c (\u201eProduzentenpreis\u201c) sowie \u201eAls Hitler das rosa Kaninchen stahl\u201c (\u201eBester Kinder- und Jugendfilm\u201c) verliehen. \u201eIch war noch niemals in New York\u201c erhielt den \u201eSonderpreis des Bayerischen Filmpreises\u201d.<\/p>\n<p style=\"text-align: justify;\">Am 17. Januar 2020 fand die 41. Verleihung des Bayerischen Filmpreises im M\u00fcnchner Prinzregententheater statt. Bereits wie im vergangenen Jahr wurde auch bei der diesj\u00e4hrigen Verleihung der Produzentenpreis geteilt: 100.000 Euro gingen an Jonas und Jakob D. Weydemann (Weydemann Bros) f\u00fcr die Produktion von \u201eSystemsprenger&#8221;. Die Drehbuchautorin und Regisseurin Nora Fingscheidt erz\u00e4hlt die Geschichte von Benni, einer wilden Neunj\u00e4hrigen, die man im Jugendamt einen \u201eSystemsprenger\u201c nennt. \u201eDie sp\u00fcrbare Energie, aber auch die erz\u00e4hlerische Sicherheit dieser Ausnahmeproduktion lassen alle Gewerke, das gesamte Team gl\u00e4nzen&#8221;, hei\u00dft es seitens der Jury. Bereits 2017 wurde das Drehbuch zu \u201eSystemsprenger\u201c mit dem von der MFG verliehenen Thomas Strittmatter Preis ausgezeichnet.<\/p>\n<p style=\"text-align: justify;\">Die Autoren Martin Busker und Fabian Hebestreit erhielten den mit 10.000 Euro dotierten Bayerischen Filmpreis in der Kategorie Drehbuch f\u00fcr \u201eZoros Solo&#8221;. \u00dcberreicht wurde der Preis von Hauptdarsteller Mert Dincer und den Stuttgarter Hymnus-Chorknaben. Die von der MFG Baden-W\u00fcrttemberg im Verleih und in der Produktion gef\u00f6rderte Tragikom\u00f6die ist eine emotionale, humorvolle Geschichte \u00fcber die Suche nach Heimat und Zugeh\u00f6rigkeit, \u00fcber die Bedeutung von Familie und Freundschaft, die alle Grenzen \u00fcberschreitet.<\/p>\n<p style=\"text-align: justify;\">Den ebenfalls mit 10.000 Euro dotierten Darstellerpreis mussten sich die Film-Kollegen Bjarne M\u00e4del und Lars Eidinger f\u00fcr ihre Rollen in Markus Gollers Roadmovie \u201e25 km\/h\u201c teilen. \u00a0In dem Film brillieren die beiden Schauspieler als Br\u00fcderpaar, das sich nach 30 Jahren auf der Beerdigung des Vaters wieder begegnet und beschlie\u00dft ihren Jugendtraum zu verwirklichen. Sie fahren mit dem Moped zum Timmendorfer Strand und lernen sich dabei besser kennen.<\/p>\n<p style=\"text-align: justify;\">Die MFG Baden-W\u00fcrttemberg f\u00f6rderte die Produktion wie auch DFFF, FFA, FFF Bayern, FF Hamburg Schleswig Holstein und Film- und Medienstiftung NRW.<\/p>\n<p style=\"text-align: justify;\">F\u00fcr \u201eAls Hitler das rosa Kaninchen stahl\u201c erhielten die Produzenten Fabian Maubach und Jochen Laube (Sommerhaus Filmproduktion) den Bayerischen Filmpreis f\u00fcr den besten Kinder- und Jugendfilm (dotiert mit 10.000 Euro). Die einf\u00fchlsam inszenierte Romanadaption von Caroline Link ist eine ber\u00fchrende Geschichte \u00fcber Zusammenhalt, Zuversicht und dar\u00fcber, was es hei\u00dft, eine Familie zu sein. Die Produktion erhielt von der MFG Baden-W\u00fcrttemberg, dem FFF Bayern, dem Medienboard Berlin-Brandenburg und der Stiftung Kuratorium Junger Deutscher Film F\u00f6rderung.<\/p>\n<p style=\"text-align: justify;\">Regisseur Philipp St\u00f6lzl wurde in der Kategorie \u201eSonderpreis des Bayerischen Filmpreises\u201d f\u00fcr die Musicalverfilmung \u00a0\u201eIch war noch niemals in New York\u201c um eine romantische, turbulente und (un)freiwillige Kreuzfahrt nach New York ausgezeichnet. Die MFG Baden-W\u00fcrttemberg hat diese Produktion von UFA Fiction (Berlin) mit Referenzmitteln unterst\u00fctzt.<\/p>\n<p style=\"text-align: justify;\">Aus der Begr\u00fcndung der Jury: \u201eGrell und quietschbunt, die \u00dcbertreibung nicht scheuend, ist Philipp St\u00f6lzls \u201aIch war noch niemals in New York\u2019 in jeder Hinsicht ein ungew\u00f6hnlicher deutscher Kinofilm. Getrieben vom Sound und von den Songs eines Udo J\u00fcrgens\u2019, hat der Filmmacher sich an ein Musical Made in Germany gewagt. Die Jury w\u00fcrdigt den k\u00fcnstlerischen Leiter dieser tolldreisten Unternehmung stellvertretend f\u00fcr die, in allen Kategorien, au\u00dferordentliche Leistung des Teams und des Ensembles.\u201c<\/p>\n<hr \/>\n<p style=\"text-align: justify;\">\n","protected":false},"excerpt":{"rendered":"<p>Der 41. Bayrische Filmpreis wurde an die MFG-gef\u00f6rderten Produktionen \u00a0\u201eZoros Solo\u201c (\u201eBestes Drehbuch\u201c), \u201e25 km\/h\u201c (\u201eBester Darsteller\u201c), \u201eSystemsprenger\u201c (\u201eProduzentenpreis\u201c) sowie \u201eAls Hitler das rosa Kaninchen stahl\u201c (\u201eBester Kinder- und Jugendfilm\u201c) verliehen. \u201eIch war noch niemals in New York\u201c erhielt den \u201eSonderpreis des Bayerischen Filmpreises\u201d. Am 17. Januar 2020 fand die 41. Verleihung des Bayerischen Filmpreises [&hellip;]<\/p>\n","protected":false},"author":4,"featured_media":0,"comment_status":"closed","ping_status":"open","sticky":false,"template":"","format":"standard","meta":{"inline_featured_image":false,"_exactmetrics_skip_tracking":false,"_exactmetrics_sitenote_active":false,"_exactmetrics_sitenote_note":"","_exactmetrics_sitenote_category":0,"footnotes":""},"categories":[9098],"tags":[9301,14857,694,5,68,9],"class_list":{"0":"post-137510","1":"post","2":"type-post","3":"status-publish","4":"format-standard","6":"category-baden-wuerttemberg","7":"tag-bayern","8":"tag-die-webzeitung","9":"tag-filmpreis","10":"tag-internetzeitung","11":"tag-online-zeitung","12":"tag-schaumedia"},"image_feature":null,"author_name":"Redaktion","pure_taxonomies":{"categories":[{"term_id":9098,"name":"Baden-W\u00fcrttemberg","slug":"baden-wuerttemberg","term_group":0,"term_taxonomy_id":9124,"taxonomy":"category","description":"","parent":171,"count":238,"filter":"raw","image":""}],"tags":[{"term_id":9301,"name":"Bayern","slug":"bayern","term_group":0,"term_taxonomy_id":9329,"taxonomy":"post_tag","description":"","parent":0,"count":2,"filter":"raw","image":""},{"term_id":14857,"name":"Die-Webzeitung","slug":"die-webzeitung","term_group":0,"term_taxonomy_id":14876,"taxonomy":"post_tag","description":"","parent":0,"count":3623,"filter":"raw","image":""},{"term_id":694,"name":"Filmpreis","slug":"filmpreis","term_group":0,"term_taxonomy_id":702,"taxonomy":"post_tag","description":"","parent":0,"count":4,"filter":"raw","image":""},{"term_id":5,"name":"Internetzeitung","slug":"internetzeitung","term_group":0,"term_taxonomy_id":5,"taxonomy":"post_tag","description":"","parent":0,"count":1461,"filter":"raw","image":""},{"term_id":68,"name":"Online-Zeitung","slug":"online-zeitung","term_group":0,"term_taxonomy_id":69,"taxonomy":"post_tag","description":"","parent":0,"count":3593,"filter":"raw","image":""},{"term_id":9,"name":"SchauMedia","slug":"schaumedia","term_group":0,"term_taxonomy_id":9,"taxonomy":"post_tag","description":"","parent":0,"count":1607,"filter":"raw","image":""}]},"_links":{"self":[{"href":"https:\/\/die-webzeitung.de\/stuttgart\/wp-json\/wp\/v2\/posts\/137510","targetHints":{"allow":["GET"]}}],"collection":[{"href":"https:\/\/die-webzeitung.de\/stuttgart\/wp-json\/wp\/v2\/posts"}],"about":[{"href":"https:\/\/die-webzeitung.de\/stuttgart\/wp-json\/wp\/v2\/types\/post"}],"author":[{"embeddable":true,"href":"https:\/\/die-webzeitung.de\/stuttgart\/wp-json\/wp\/v2\/users\/4"}],"replies":[{"embeddable":true,"href":"https:\/\/die-webzeitung.de\/stuttgart\/wp-json\/wp\/v2\/comments?post=137510"}],"version-history":[{"count":0,"href":"https:\/\/die-webzeitung.de\/stuttgart\/wp-json\/wp\/v2\/posts\/137510\/revisions"}],"wp:attachment":[{"href":"https:\/\/die-webzeitung.de\/stuttgart\/wp-json\/wp\/v2\/media?parent=137510"}],"wp:term":[{"taxonomy":"category","embeddable":true,"href":"https:\/\/die-webzeitung.de\/stuttgart\/wp-json\/wp\/v2\/categories?post=137510"},{"taxonomy":"post_tag","embeddable":true,"href":"https:\/\/die-webzeitung.de\/stuttgart\/wp-json\/wp\/v2\/tags?post=137510"}],"curies":[{"name":"wp","href":"https:\/\/api.w.org\/{rel}","templated":true}]}}