{"id":137443,"date":"2020-01-14T15:45:53","date_gmt":"2020-01-14T14:45:53","guid":{"rendered":"https:\/\/die-webzeitung.de\/stuttgart\/?p=137443"},"modified":"2020-01-14T15:45:53","modified_gmt":"2020-01-14T14:45:53","slug":"ausbau-der-sigmaringer-strasse-in-moehringen","status":"publish","type":"post","link":"https:\/\/die-webzeitung.de\/stuttgart\/2020\/01\/14\/ausbau-der-sigmaringer-strasse-in-moehringen\/","title":{"rendered":"Ausbau der Sigmaringer Stra\u00dfe in M\u00f6hringen"},"content":{"rendered":"<h5 style=\"text-align: justify;\"><strong>Einrichtung einer Einbahnstra\u00dfenregelung auf der Sigmaringer Stra\u00dfe<\/strong><\/h5>\n<p style=\"text-align: justify;\">Stuttgart.| F\u00fcr den Ausbau der Sigmaringer Stra\u00dfe wird ab Montag, 20. Januar, die n\u00e4chste Bauphase f\u00fcr die Stra\u00dfenbauarbeiten eingerichtet. Wie schon im Dezember wird hierf\u00fcr in der Sigmaringer Stra\u00dfe zwischen der Gammertinger Stra\u00dfe und Ortseingang Degerloch eine Einbahnstra\u00dfenregelung in Fahrtrichtung Degerloch eingerichtet. Der Verkehr von Degerloch in Richtung M\u00f6hringen wird ab der Abfahrt B27\/M\u00f6hringen \u00fcber die Epplestra\u00dfe beziehungsweise Landhauskreuzung\/Si- Centrum umgeleitet. Von der Einbahnstra\u00dfenregelung ist auch die Ausfahrt aus der Kolb\u00e4ckerstra\u00dfe auf die Sigmaringer Stra\u00dfe betroffen.<\/p>\n<p style=\"text-align: justify;\">Die Arbeiten sind witterungsabh\u00e4ngig und werden voraussichtlich bis Ende Februar andauern. F\u00fcr Beeintr\u00e4chtigungen w\u00e4hrend der Bauzeit bittet das Tiefbauamt Verkehrsteilnehmer sowie Anlieger um Verst\u00e4ndnis.<\/p>\n<hr \/>\n<p style=\"text-align: justify;\">\n","protected":false},"excerpt":{"rendered":"<p>Einrichtung einer Einbahnstra\u00dfenregelung auf der Sigmaringer Stra\u00dfe Stuttgart.| F\u00fcr den Ausbau der Sigmaringer Stra\u00dfe wird ab Montag, 20. Januar, die n\u00e4chste Bauphase f\u00fcr die Stra\u00dfenbauarbeiten eingerichtet. Wie schon im Dezember wird hierf\u00fcr in der Sigmaringer Stra\u00dfe zwischen der Gammertinger Stra\u00dfe und Ortseingang Degerloch eine Einbahnstra\u00dfenregelung in Fahrtrichtung Degerloch eingerichtet. Der Verkehr von Degerloch in Richtung [&hellip;]<\/p>\n","protected":false},"author":4,"featured_media":0,"comment_status":"closed","ping_status":"open","sticky":false,"template":"","format":"standard","meta":{"inline_featured_image":false,"_exactmetrics_skip_tracking":false,"_exactmetrics_sitenote_active":false,"_exactmetrics_sitenote_note":"","_exactmetrics_sitenote_category":0,"footnotes":""},"categories":[2239],"tags":[14857,5,68,9,275],"class_list":{"0":"post-137443","1":"post","2":"type-post","3":"status-publish","4":"format-standard","6":"category-stuttgart-lokal","7":"tag-die-webzeitung","8":"tag-internetzeitung","9":"tag-online-zeitung","10":"tag-schaumedia","11":"tag-stuttgart"},"image_feature":null,"author_name":"Redaktion","pure_taxonomies":{"categories":[{"term_id":2239,"name":"Stuttgart","slug":"stuttgart-lokal","term_group":0,"term_taxonomy_id":2252,"taxonomy":"category","description":"Berichte und Informationen aus Stuttgart","parent":1433,"count":941,"filter":"raw","image":""}],"tags":[{"term_id":14857,"name":"Die-Webzeitung","slug":"die-webzeitung","term_group":0,"term_taxonomy_id":14876,"taxonomy":"post_tag","description":"","parent":0,"count":3623,"filter":"raw","image":""},{"term_id":5,"name":"Internetzeitung","slug":"internetzeitung","term_group":0,"term_taxonomy_id":5,"taxonomy":"post_tag","description":"","parent":0,"count":1461,"filter":"raw","image":""},{"term_id":68,"name":"Online-Zeitung","slug":"online-zeitung","term_group":0,"term_taxonomy_id":69,"taxonomy":"post_tag","description":"","parent":0,"count":3593,"filter":"raw","image":""},{"term_id":9,"name":"SchauMedia","slug":"schaumedia","term_group":0,"term_taxonomy_id":9,"taxonomy":"post_tag","description":"","parent":0,"count":1607,"filter":"raw","image":""},{"term_id":275,"name":"Stuttgart","slug":"stuttgart","term_group":0,"term_taxonomy_id":281,"taxonomy":"post_tag","description":"","parent":0,"count":1194,"filter":"raw","image":""}]},"_links":{"self":[{"href":"https:\/\/die-webzeitung.de\/stuttgart\/wp-json\/wp\/v2\/posts\/137443","targetHints":{"allow":["GET"]}}],"collection":[{"href":"https:\/\/die-webzeitung.de\/stuttgart\/wp-json\/wp\/v2\/posts"}],"about":[{"href":"https:\/\/die-webzeitung.de\/stuttgart\/wp-json\/wp\/v2\/types\/post"}],"author":[{"embeddable":true,"href":"https:\/\/die-webzeitung.de\/stuttgart\/wp-json\/wp\/v2\/users\/4"}],"replies":[{"embeddable":true,"href":"https:\/\/die-webzeitung.de\/stuttgart\/wp-json\/wp\/v2\/comments?post=137443"}],"version-history":[{"count":1,"href":"https:\/\/die-webzeitung.de\/stuttgart\/wp-json\/wp\/v2\/posts\/137443\/revisions"}],"predecessor-version":[{"id":137444,"href":"https:\/\/die-webzeitung.de\/stuttgart\/wp-json\/wp\/v2\/posts\/137443\/revisions\/137444"}],"wp:attachment":[{"href":"https:\/\/die-webzeitung.de\/stuttgart\/wp-json\/wp\/v2\/media?parent=137443"}],"wp:term":[{"taxonomy":"category","embeddable":true,"href":"https:\/\/die-webzeitung.de\/stuttgart\/wp-json\/wp\/v2\/categories?post=137443"},{"taxonomy":"post_tag","embeddable":true,"href":"https:\/\/die-webzeitung.de\/stuttgart\/wp-json\/wp\/v2\/tags?post=137443"}],"curies":[{"name":"wp","href":"https:\/\/api.w.org\/{rel}","templated":true}]}}