{"id":137415,"date":"2020-01-11T12:03:49","date_gmt":"2020-01-11T11:03:49","guid":{"rendered":"https:\/\/die-webzeitung.de\/stuttgart\/?p=137415"},"modified":"2020-01-11T12:03:49","modified_gmt":"2020-01-11T11:03:49","slug":"polizei-warnt-vor-hackern-und-betruegern","status":"publish","type":"post","link":"https:\/\/die-webzeitung.de\/stuttgart\/2020\/01\/11\/polizei-warnt-vor-hackern-und-betruegern\/","title":{"rendered":"Polizei warnt vor Hackern und Betr\u00fcgern"},"content":{"rendered":"<h5 style=\"text-align: justify;\"><strong>Warnung vor betr\u00fcgerischen E-Mails<\/strong><\/h5>\n<p style=\"text-align: justify;\">Landkreise Reutlingen\/Esslingen.| Die Polizei warnt vor E-Mails, die derzeit offenbar von Betr\u00fcgern versandt werden. Offenbar wurden in der Vergangenheit mehrere E-Mail-Konten von verschiedenen Gesch\u00e4digten gehackt. Dort gespeicherte E-Mail-Adressen von Kontaktpersonen wurden dann von den Betr\u00fcgern unter der jeweils gehackten E-Mail-Adresse angeschrieben. Die Adressaten gewannen so den Eindruck, dass eine ihnen bekannte Person der Absender sei. In den E-Mails wird vorget\u00e4uscht, dass dieser angeblich bei einer Reise in die Ukraine in eine Notlage geraten sei, Geld und Papiere seien gestohlen worden. Dann wird leihweise um einen vierstelligen Betrag gebeten.<\/p>\n<p style=\"text-align: justify;\">Nichts davon ist wahr. Soweit bislang bekannt, erkannten die Angeschriebenen den Betrugsversuch, sodass es zu keinem Schaden kam. Zwischenzeitlich liegen mehrere Anzeigen, bislang aus den Landkreisen Reutlingen und Esslingen, vor. Es ist davon auszugehen, dass weitere Personen &#8211; auch andernorts &#8211; ebenfalls auf diese Art und Weise angeschrieben wurden oder noch angeschrieben werden, weshalb die Polizei vor dieser Masche warnt.<\/p>\n<hr \/>\n<p style=\"text-align: justify;\">\n","protected":false},"excerpt":{"rendered":"<p>Warnung vor betr\u00fcgerischen E-Mails Landkreise Reutlingen\/Esslingen.| Die Polizei warnt vor E-Mails, die derzeit offenbar von Betr\u00fcgern versandt werden. Offenbar wurden in der Vergangenheit mehrere E-Mail-Konten von verschiedenen Gesch\u00e4digten gehackt. Dort gespeicherte E-Mail-Adressen von Kontaktpersonen wurden dann von den Betr\u00fcgern unter der jeweils gehackten E-Mail-Adresse angeschrieben. Die Adressaten gewannen so den Eindruck, dass eine ihnen bekannte [&hellip;]<\/p>\n","protected":false},"author":4,"featured_media":137416,"comment_status":"closed","ping_status":"open","sticky":false,"template":"","format":"standard","meta":{"inline_featured_image":false,"_exactmetrics_skip_tracking":false,"_exactmetrics_sitenote_active":false,"_exactmetrics_sitenote_note":"","_exactmetrics_sitenote_category":0,"footnotes":""},"categories":[59,2247],"tags":[10157,16041,14857,489,14440,5,68,9],"class_list":{"0":"post-137415","1":"post","2":"type-post","3":"status-publish","4":"format-standard","5":"has-post-thumbnail","7":"category-aktuell","8":"category-kreis-esslingen","9":"tag-betrug","10":"tag-datenklau","11":"tag-die-webzeitung","12":"tag-email","13":"tag-esslingen","14":"tag-internetzeitung","15":"tag-online-zeitung","16":"tag-schaumedia"},"image_feature":"https:\/\/die-webzeitung.de\/stuttgart\/wp-content\/uploads\/sites\/4\/2020\/01\/phishing-3390518_1920.jpg","author_name":"Redaktion","pure_taxonomies":{"categories":[{"term_id":59,"name":"Aktuell","slug":"aktuell","term_group":0,"term_taxonomy_id":60,"taxonomy":"category","description":"","parent":0,"count":1017,"filter":"raw","image":""},{"term_id":2247,"name":"Kreis Esslingen","slug":"kreis-esslingen","term_group":0,"term_taxonomy_id":2260,"taxonomy":"category","description":"Informationen aus dem Landkreis Esslingen","parent":171,"count":214,"filter":"raw","image":""}],"tags":[{"term_id":10157,"name":"Betrug","slug":"betrug","term_group":0,"term_taxonomy_id":10188,"taxonomy":"post_tag","description":"","parent":0,"count":17,"filter":"raw","image":""},{"term_id":16041,"name":"Datenklau","slug":"datenklau","term_group":0,"term_taxonomy_id":16060,"taxonomy":"post_tag","description":"","parent":0,"count":1,"filter":"raw","image":""},{"term_id":14857,"name":"Die-Webzeitung","slug":"die-webzeitung","term_group":0,"term_taxonomy_id":14876,"taxonomy":"post_tag","description":"","parent":0,"count":3623,"filter":"raw","image":""},{"term_id":489,"name":"Email","slug":"email","term_group":0,"term_taxonomy_id":496,"taxonomy":"post_tag","description":"","parent":0,"count":1,"filter":"raw","image":""},{"term_id":14440,"name":"Esslingen","slug":"esslingen","term_group":0,"term_taxonomy_id":3885,"taxonomy":"post_tag","description":"","parent":0,"count":202,"filter":"raw","image":""},{"term_id":5,"name":"Internetzeitung","slug":"internetzeitung","term_group":0,"term_taxonomy_id":5,"taxonomy":"post_tag","description":"","parent":0,"count":1461,"filter":"raw","image":""},{"term_id":68,"name":"Online-Zeitung","slug":"online-zeitung","term_group":0,"term_taxonomy_id":69,"taxonomy":"post_tag","description":"","parent":0,"count":3593,"filter":"raw","image":""},{"term_id":9,"name":"SchauMedia","slug":"schaumedia","term_group":0,"term_taxonomy_id":9,"taxonomy":"post_tag","description":"","parent":0,"count":1607,"filter":"raw","image":""}]},"_links":{"self":[{"href":"https:\/\/die-webzeitung.de\/stuttgart\/wp-json\/wp\/v2\/posts\/137415","targetHints":{"allow":["GET"]}}],"collection":[{"href":"https:\/\/die-webzeitung.de\/stuttgart\/wp-json\/wp\/v2\/posts"}],"about":[{"href":"https:\/\/die-webzeitung.de\/stuttgart\/wp-json\/wp\/v2\/types\/post"}],"author":[{"embeddable":true,"href":"https:\/\/die-webzeitung.de\/stuttgart\/wp-json\/wp\/v2\/users\/4"}],"replies":[{"embeddable":true,"href":"https:\/\/die-webzeitung.de\/stuttgart\/wp-json\/wp\/v2\/comments?post=137415"}],"version-history":[{"count":1,"href":"https:\/\/die-webzeitung.de\/stuttgart\/wp-json\/wp\/v2\/posts\/137415\/revisions"}],"predecessor-version":[{"id":137417,"href":"https:\/\/die-webzeitung.de\/stuttgart\/wp-json\/wp\/v2\/posts\/137415\/revisions\/137417"}],"wp:featuredmedia":[{"embeddable":true,"href":"https:\/\/die-webzeitung.de\/stuttgart\/wp-json\/wp\/v2\/media\/137416"}],"wp:attachment":[{"href":"https:\/\/die-webzeitung.de\/stuttgart\/wp-json\/wp\/v2\/media?parent=137415"}],"wp:term":[{"taxonomy":"category","embeddable":true,"href":"https:\/\/die-webzeitung.de\/stuttgart\/wp-json\/wp\/v2\/categories?post=137415"},{"taxonomy":"post_tag","embeddable":true,"href":"https:\/\/die-webzeitung.de\/stuttgart\/wp-json\/wp\/v2\/tags?post=137415"}],"curies":[{"name":"wp","href":"https:\/\/api.w.org\/{rel}","templated":true}]}}