{"id":137392,"date":"2020-01-08T17:01:11","date_gmt":"2020-01-08T16:01:11","guid":{"rendered":"https:\/\/die-webzeitung.de\/stuttgart\/?p=137392"},"modified":"2020-01-08T17:01:11","modified_gmt":"2020-01-08T16:01:11","slug":"neue-energie-fuer-das-pallotti-areal-in-birkach","status":"publish","type":"post","link":"https:\/\/die-webzeitung.de\/stuttgart\/2020\/01\/08\/neue-energie-fuer-das-pallotti-areal-in-birkach\/","title":{"rendered":"Neue Energie f\u00fcr das Pallotti-Areal in Birkach"},"content":{"rendered":"<p style=\"text-align: justify;\">Stuttgart.| Stuttgart Netze und Netze BW beginnen am 13. Januar 2020 mit der Verlegung von Strom-, Gas- und Wasserleitungen f\u00fcr die Neubebauung mit acht Wohngeb\u00e4uden und einer Kindertagesst\u00e4tte.<\/p>\n<p style=\"text-align: justify;\">Auf dem ehemaligen Grundst\u00fcck der St.-Vinzenz-Pallotti-Kirche baut das Siedlungswerk 61 Eigentumswohnungen. Auf dem Nachbargrundst\u00fcck entsteht neben einer Kita das zuk\u00fcnftige \u201ePallotti-Haus\u201c. In diesem sollen Wohngruppen f\u00fcr Studierende und Menschen mit Fluchterfahrung, Mietwohnungen f\u00fcr mittlere Einkommen, gef\u00f6rderte Familienwohnungen, ein Gemeinderaum der katholischen Kirchengemeinde St. Antonius sowie ein Quartiersraum f\u00fcr Veranstaltungen entstehen.<\/p>\n<p style=\"text-align: justify;\">Nachdem die Rohbauarbeiten f\u00fcr die Geb\u00e4ude weitgehend abgeschlossen sind, wird nun die Energieversorgung des Gebiets umgebaut und modernisiert. Die Stuttgart Netze ist f\u00fcr das Stromnetz verantwortlich. Dieses wird so ausgebaut, dass neben der sicheren und zuverl\u00e4ssigen Versorgung der H\u00e4user auch gen\u00fcgend Kapazit\u00e4ten f\u00fcr das Laden von Elektrofahrzeugen verf\u00fcgbar ist. Dazu wird ein neues Niederspannungsstromnetz aufgebaut, das \u00fcber eine neue Umspannstation und drei neue Kabelverteilerschr\u00e4nke versorgt wird. Insgesamt investiert die Stuttgart Netze rund 370.000 Euro in die Modernisierung der Stromversorgung.<\/p>\n<p style=\"text-align: justify;\"><strong>Neue Wasserleitungen und Anschluss ans Gasnetz<br \/>\n<\/strong>Doch nicht nur das Stromnetz, auch die Netze f\u00fcr Wasser und Gas werden im Zuge der Neubebauung auf den neuesten Stand gebracht. Hierf\u00fcr ist in Stuttgart die Netze BW zust\u00e4ndig. Zur Erschlie\u00dfung des Areals verlegt der Netzbetreiber eine jeweils circa 100 Meter lange neue Wasser- und Gasanschlussleitung. In diesem Zuge bringt das Unternehmen auch die angrenzenden Gas- und Wasserleitungen im Kreuzungsbereich Aulendorfer Stra\u00dfe \/ Birkheckenstra\u00dfe auf den neuesten Stand. Insgesamt investiert die Netze BW etwa 360.000 Euro in die sichere Gas- und Wasserversorgung.<\/p>\n<p style=\"text-align: justify;\">Die Bauarbeiten von Stuttgart Netze und Netze BW beginnen am 13. Januar 2020 und dauern voraussichtlich bis zum Sommer 2020. W\u00e4hrend dieser Zeit kann es im Bereich der Aulendorfer Stra\u00dfe und Birkheckenstra\u00dfe in Birkach zu Verkehrsbeeintr\u00e4chtigungen kommen. So wird die Aulendorfer Stra\u00dfe abschnittsweise halbseitig gesperrt und der Verkehr mit einer Baustellenampel geregelt. Autofahrer nach Sch\u00f6nberg und Richtung Birkheckenstra\u00dfe werden umgeleitet.<\/p>\n<hr \/>\n<p style=\"text-align: justify;\">\n","protected":false},"excerpt":{"rendered":"<p>Stuttgart.| Stuttgart Netze und Netze BW beginnen am 13. Januar 2020 mit der Verlegung von Strom-, Gas- und Wasserleitungen f\u00fcr die Neubebauung mit acht Wohngeb\u00e4uden und einer Kindertagesst\u00e4tte. Auf dem ehemaligen Grundst\u00fcck der St.-Vinzenz-Pallotti-Kirche baut das Siedlungswerk 61 Eigentumswohnungen. Auf dem Nachbargrundst\u00fcck entsteht neben einer Kita das zuk\u00fcnftige \u201ePallotti-Haus\u201c. In diesem sollen Wohngruppen f\u00fcr Studierende [&hellip;]<\/p>\n","protected":false},"author":4,"featured_media":0,"comment_status":"closed","ping_status":"open","sticky":false,"template":"","format":"standard","meta":{"inline_featured_image":false,"_exactmetrics_skip_tracking":false,"_exactmetrics_sitenote_active":false,"_exactmetrics_sitenote_note":"","_exactmetrics_sitenote_category":0,"footnotes":""},"categories":[2239],"tags":[9478,14857,5,15421,68,9,275],"class_list":{"0":"post-137392","1":"post","2":"type-post","3":"status-publish","4":"format-standard","6":"category-stuttgart-lokal","7":"tag-birkach","8":"tag-die-webzeitung","9":"tag-internetzeitung","10":"tag-netze","11":"tag-online-zeitung","12":"tag-schaumedia","13":"tag-stuttgart"},"image_feature":null,"author_name":"Redaktion","pure_taxonomies":{"categories":[{"term_id":2239,"name":"Stuttgart","slug":"stuttgart-lokal","term_group":0,"term_taxonomy_id":2252,"taxonomy":"category","description":"Berichte und Informationen aus Stuttgart","parent":1433,"count":941,"filter":"raw","image":""}],"tags":[{"term_id":9478,"name":"Birkach","slug":"birkach","term_group":0,"term_taxonomy_id":9508,"taxonomy":"post_tag","description":"","parent":0,"count":1,"filter":"raw","image":""},{"term_id":14857,"name":"Die-Webzeitung","slug":"die-webzeitung","term_group":0,"term_taxonomy_id":14876,"taxonomy":"post_tag","description":"","parent":0,"count":3623,"filter":"raw","image":""},{"term_id":5,"name":"Internetzeitung","slug":"internetzeitung","term_group":0,"term_taxonomy_id":5,"taxonomy":"post_tag","description":"","parent":0,"count":1461,"filter":"raw","image":""},{"term_id":15421,"name":"Netze","slug":"netze","term_group":0,"term_taxonomy_id":15440,"taxonomy":"post_tag","description":"","parent":0,"count":9,"filter":"raw","image":""},{"term_id":68,"name":"Online-Zeitung","slug":"online-zeitung","term_group":0,"term_taxonomy_id":69,"taxonomy":"post_tag","description":"","parent":0,"count":3593,"filter":"raw","image":""},{"term_id":9,"name":"SchauMedia","slug":"schaumedia","term_group":0,"term_taxonomy_id":9,"taxonomy":"post_tag","description":"","parent":0,"count":1607,"filter":"raw","image":""},{"term_id":275,"name":"Stuttgart","slug":"stuttgart","term_group":0,"term_taxonomy_id":281,"taxonomy":"post_tag","description":"","parent":0,"count":1194,"filter":"raw","image":""}]},"_links":{"self":[{"href":"https:\/\/die-webzeitung.de\/stuttgart\/wp-json\/wp\/v2\/posts\/137392","targetHints":{"allow":["GET"]}}],"collection":[{"href":"https:\/\/die-webzeitung.de\/stuttgart\/wp-json\/wp\/v2\/posts"}],"about":[{"href":"https:\/\/die-webzeitung.de\/stuttgart\/wp-json\/wp\/v2\/types\/post"}],"author":[{"embeddable":true,"href":"https:\/\/die-webzeitung.de\/stuttgart\/wp-json\/wp\/v2\/users\/4"}],"replies":[{"embeddable":true,"href":"https:\/\/die-webzeitung.de\/stuttgart\/wp-json\/wp\/v2\/comments?post=137392"}],"version-history":[{"count":1,"href":"https:\/\/die-webzeitung.de\/stuttgart\/wp-json\/wp\/v2\/posts\/137392\/revisions"}],"predecessor-version":[{"id":137393,"href":"https:\/\/die-webzeitung.de\/stuttgart\/wp-json\/wp\/v2\/posts\/137392\/revisions\/137393"}],"wp:attachment":[{"href":"https:\/\/die-webzeitung.de\/stuttgart\/wp-json\/wp\/v2\/media?parent=137392"}],"wp:term":[{"taxonomy":"category","embeddable":true,"href":"https:\/\/die-webzeitung.de\/stuttgart\/wp-json\/wp\/v2\/categories?post=137392"},{"taxonomy":"post_tag","embeddable":true,"href":"https:\/\/die-webzeitung.de\/stuttgart\/wp-json\/wp\/v2\/tags?post=137392"}],"curies":[{"name":"wp","href":"https:\/\/api.w.org\/{rel}","templated":true}]}}