{"id":137348,"date":"2020-01-02T18:45:12","date_gmt":"2020-01-02T17:45:12","guid":{"rendered":"https:\/\/die-webzeitung.de\/stuttgart\/?p=137348"},"modified":"2020-01-02T18:47:06","modified_gmt":"2020-01-02T17:47:06","slug":"naerrische-termine-narrenzunft-weilemer-hoernleshasa-e-v","status":"publish","type":"post","link":"https:\/\/die-webzeitung.de\/stuttgart\/2020\/01\/02\/naerrische-termine-narrenzunft-weilemer-hoernleshasa-e-v\/","title":{"rendered":"N\u00e4rrische Termine der Narrenzunft Weilemer H\u00f6rnleshasa e.V."},"content":{"rendered":"<p style=\"text-align: justify;\">06.01.20 &#8211; 17:01 Uhr, H\u00e4sabstauben am H\u00f6rnleshasabrunnen in der Glemsgaustra\u00dfe Weilimdorf<\/p>\n<p style=\"text-align: justify;\">18.01.20 &#8211; 19:01 Uhr, 12. H\u00f6rnleshasanacht in der Lindenbachhalle Weilimdorf (Einlass ab 18:01 Uhr)<\/p>\n<p style=\"text-align: justify;\">20.02.20 &#8211; 17:01 Uhr, 14. Rathaussturm auf dem L\u00f6wenmarkt vor dem Bezirksrathaus Weilimdorf (Bewirtung und Musik ab 15:30 Uhr)<\/p>\n<p style=\"text-align: justify;\">Unsere Sitzplatzreservierung f\u00fcr die H\u00f6rnleshasanacht mussten wir aufgrund der hohen Nachfrage vorzeitig beenden. Es wird also wieder voll in der Lindenbachhalle! Der Einlass ist dennoch<br \/>\nm\u00f6glich (allerdings ohne Sitzplatzgarantie) &#8211; Eintritt frei!<\/p>\n<hr \/>\n<p style=\"text-align: justify;\">\n","protected":false},"excerpt":{"rendered":"<p>06.01.20 &#8211; 17:01 Uhr, H\u00e4sabstauben am H\u00f6rnleshasabrunnen in der Glemsgaustra\u00dfe Weilimdorf 18.01.20 &#8211; 19:01 Uhr, 12. H\u00f6rnleshasanacht in der Lindenbachhalle Weilimdorf (Einlass ab 18:01 Uhr) 20.02.20 &#8211; 17:01 Uhr, 14. Rathaussturm auf dem L\u00f6wenmarkt vor dem Bezirksrathaus Weilimdorf (Bewirtung und Musik ab 15:30 Uhr) Unsere Sitzplatzreservierung f\u00fcr die H\u00f6rnleshasanacht mussten wir aufgrund der hohen Nachfrage [&hellip;]<\/p>\n","protected":false},"author":4,"featured_media":0,"comment_status":"closed","ping_status":"open","sticky":false,"template":"","format":"standard","meta":{"inline_featured_image":false,"_exactmetrics_skip_tracking":false,"_exactmetrics_sitenote_active":false,"_exactmetrics_sitenote_note":"","_exactmetrics_sitenote_category":0,"footnotes":""},"categories":[59,2239],"tags":[14857,5,16509,68,9,275],"class_list":{"0":"post-137348","1":"post","2":"type-post","3":"status-publish","4":"format-standard","6":"category-aktuell","7":"category-stuttgart-lokal","8":"tag-die-webzeitung","9":"tag-internetzeitung","10":"tag-narrenzunft","11":"tag-online-zeitung","12":"tag-schaumedia","13":"tag-stuttgart"},"image_feature":null,"author_name":"Redaktion","pure_taxonomies":{"categories":[{"term_id":59,"name":"Aktuell","slug":"aktuell","term_group":0,"term_taxonomy_id":60,"taxonomy":"category","description":"","parent":0,"count":1017,"filter":"raw","image":""},{"term_id":2239,"name":"Stuttgart","slug":"stuttgart-lokal","term_group":0,"term_taxonomy_id":2252,"taxonomy":"category","description":"Berichte und Informationen aus Stuttgart","parent":1433,"count":941,"filter":"raw","image":""}],"tags":[{"term_id":14857,"name":"Die-Webzeitung","slug":"die-webzeitung","term_group":0,"term_taxonomy_id":14876,"taxonomy":"post_tag","description":"","parent":0,"count":3623,"filter":"raw","image":""},{"term_id":5,"name":"Internetzeitung","slug":"internetzeitung","term_group":0,"term_taxonomy_id":5,"taxonomy":"post_tag","description":"","parent":0,"count":1461,"filter":"raw","image":""},{"term_id":16509,"name":"Narrenzunft","slug":"narrenzunft","term_group":0,"term_taxonomy_id":16528,"taxonomy":"post_tag","description":"","parent":0,"count":1,"filter":"raw","image":""},{"term_id":68,"name":"Online-Zeitung","slug":"online-zeitung","term_group":0,"term_taxonomy_id":69,"taxonomy":"post_tag","description":"","parent":0,"count":3593,"filter":"raw","image":""},{"term_id":9,"name":"SchauMedia","slug":"schaumedia","term_group":0,"term_taxonomy_id":9,"taxonomy":"post_tag","description":"","parent":0,"count":1607,"filter":"raw","image":""},{"term_id":275,"name":"Stuttgart","slug":"stuttgart","term_group":0,"term_taxonomy_id":281,"taxonomy":"post_tag","description":"","parent":0,"count":1194,"filter":"raw","image":""}]},"_links":{"self":[{"href":"https:\/\/die-webzeitung.de\/stuttgart\/wp-json\/wp\/v2\/posts\/137348","targetHints":{"allow":["GET"]}}],"collection":[{"href":"https:\/\/die-webzeitung.de\/stuttgart\/wp-json\/wp\/v2\/posts"}],"about":[{"href":"https:\/\/die-webzeitung.de\/stuttgart\/wp-json\/wp\/v2\/types\/post"}],"author":[{"embeddable":true,"href":"https:\/\/die-webzeitung.de\/stuttgart\/wp-json\/wp\/v2\/users\/4"}],"replies":[{"embeddable":true,"href":"https:\/\/die-webzeitung.de\/stuttgart\/wp-json\/wp\/v2\/comments?post=137348"}],"version-history":[{"count":2,"href":"https:\/\/die-webzeitung.de\/stuttgart\/wp-json\/wp\/v2\/posts\/137348\/revisions"}],"predecessor-version":[{"id":137350,"href":"https:\/\/die-webzeitung.de\/stuttgart\/wp-json\/wp\/v2\/posts\/137348\/revisions\/137350"}],"wp:attachment":[{"href":"https:\/\/die-webzeitung.de\/stuttgart\/wp-json\/wp\/v2\/media?parent=137348"}],"wp:term":[{"taxonomy":"category","embeddable":true,"href":"https:\/\/die-webzeitung.de\/stuttgart\/wp-json\/wp\/v2\/categories?post=137348"},{"taxonomy":"post_tag","embeddable":true,"href":"https:\/\/die-webzeitung.de\/stuttgart\/wp-json\/wp\/v2\/tags?post=137348"}],"curies":[{"name":"wp","href":"https:\/\/api.w.org\/{rel}","templated":true}]}}