{"id":137332,"date":"2019-12-31T14:10:03","date_gmt":"2019-12-31T13:10:03","guid":{"rendered":"https:\/\/die-webzeitung.de\/stuttgart\/2019\/12\/31\/ehf-euro-2020-semper-muss-absagen-und-schmidt-rueckt-nach\/"},"modified":"2019-12-31T14:10:03","modified_gmt":"2019-12-31T13:10:03","slug":"ehf-euro-2020-semper-muss-absagen-und-schmidt-rueckt-nach","status":"publish","type":"post","link":"https:\/\/die-webzeitung.de\/stuttgart\/2019\/12\/31\/ehf-euro-2020-semper-muss-absagen-und-schmidt-rueckt-nach\/","title":{"rendered":"EHF EURO 2020: Semper muss absagen und Schmidt r\u00fcckt nach"},"content":{"rendered":"<ul>\n<li style=\"text-align: justify;\"><strong>Wechsel im rechten R\u00fcckraum<\/strong><\/li>\n<li style=\"text-align: justify;\"><strong>Stuttgarter Linksh\u00e4nder steht vor Deb\u00fct in der Nationalmannschaft<\/strong><\/li>\n<\/ul>\n<p style=\"text-align: justify;\">Franz Semper hat am Montagabend seine Teilnahme an der EHF EURO 2020 absagen m\u00fcssen. Der 22-j\u00e4hrige Linksh\u00e4nder des SC DHfK Leipzig hat wegen Zeichen einer Herzmuskelentz\u00fcndung f\u00fcr mindestens drei Wochen absolutes Sportverbot erhalten.<\/p>\n<p style=\"text-align: justify;\">Semper pausierte am vergangenen Sonntag beim Bundesligaspiel der Leipziger in Balingen wegen eines langwierigen grippalen Infektes. Auf Veranlassung von DHB-Nationalmannschaftsarzt Prof. Dr. Kurt Steuer und nach R\u00fccksprache mit den Mannschafts\u00e4rzten des SC DHfK wurde an der Klinik f\u00fcr Kardiologie des Universit\u00e4tsklinikums Leipzig ein Kontrolluntersuchung durchgef\u00fchrt. Hierbei stellte Prof. Andreas Hagendorff Zeichen einer Herzmuskelentz\u00fcndung fest.<\/p>\n<p style=\"text-align: justify;\">Bundestrainer Christian Prokop reagierte am Silvestermorgen und nominierte David Schmidt nach. Wie Torwart Johannes Bitter spielt der 26-j\u00e4hrige f\u00fcr den TVB 1898 Stuttgart, wie Linksau\u00dfen Patrick Zieker steht er vor seinem Deb\u00fct in der Nationalmannschaft. Der geb\u00fcrtige Karlsruher Schmidt durchlief die Nachwuchsschule der Rhein-Neckar L\u00f6wen und lief von 2015 bis 2018 f\u00fcr die Eulen Ludwigshafen auf. In dieser Saison hat der BWL-Student in 15 Spielen 71 Tore erzielt, davon zehn beim 32:33 gegen die F\u00fcchse Berlin am vergangenen Sonntag.<\/p>\n<p style=\"text-align: justify;\">\u201eMit der krankheitsbedingten Absage von Franz Semper f\u00e4llt uns erneut ein R\u00fcckraumrechter aus, der eine hohe Durschlagkraft besitzt. Ich w\u00fcnsche ihm eine schnelle Genesung\u201c, sagt Prokop. \u201eDavid Schmidt wird nun mit Kai H\u00e4fner zusammen die Position R\u00fcckraumrechts ausf\u00fcllen. Ich hoffe, dass er die im Verein gezeigten Leistungen voll in die Nationalmannschaft einbringen kann.\u201c<\/p>\n<p style=\"text-align: justify;\">Die deutsche Handball-Nationalmannschaft kommt am Donnerstag, 2. Januar, bis 11 Uhr in Frankfurt am Main zum Start der EM-Vorbereitung zusammen. Nach L\u00e4nderspielen gegen Island (Mannheim, 4. Januar, 17.20 Uhr, live im ZDF) und \u00d6sterreich (Wien, 6. Januar, 14.40 Uhr, live in der ARD) startet das Team in das EM-Turnier. In Trondheim treffen die M\u00e4nner um Kapit\u00e4n Uwe Gensheimer auf die Niederlande (9. Januar), Spanien (11. Januar) und Lettland (13. Januar, Spielbeginn jeweils um 18.15 Uhr). Die ersten beiden Teams der Vorrunde ziehen in die Hauptrunde ein, die am 16. Januar in Wien beginnt.<\/p>\n<p style=\"text-align: justify;\"><strong>Das Aufgebot der deutschen Handball-Nationalmannschaft:<br \/>\n<\/strong>Linksau\u00dfen: Uwe Gensheimer (Rhein-Neckar L\u00f6wen), Patrick Zieker (TVB Stuttgart)<br \/>\nR\u00fcckraum links: Fabian B\u00f6hm (TSV Hannover-Burgdorf), Philipp Weber (SC DHfK Leipzig), Julius K\u00fchn (MT Melsungen)<br \/>\nR\u00fcckraum Mitte: Paul Drux (F\u00fcchse Berlin), Marian Michalczik (TSV GWD Minden)<br \/>\nR\u00fcckraum rechts: Kai H\u00e4fner (MT Melsungen), David Schmidt (TVB Stuttgart)<br \/>\nRechtsau\u00dfen: Tobias Reichmann (MT Melsungen), Timo Kastening (TSV Hannover-Burgdorf)<br \/>\nKreis: Hendrik Pekeler (THW Kiel), Jannik Kohlbacher (Rhein-Neckar L\u00f6wen), Patrick Wiencek (THW Kiel), Johannes Golla<br \/>\nTor: Andreas Wolff (KS Vive Kielce\/POL), Johannes Bitter (TVB Stuttgart)<\/p>\n<p style=\"text-align: justify;\"><strong>Aktuelle Termine<\/strong><br \/>\n02.01.20: Beginn der EM-Vorbereitung in Frankfurt am Main<br \/>\n03.01.20: Medientermin M\u00e4nner-Nationalmannschaft in Frankfurt am Main<br \/>\n04.01.20: L\u00e4nderspiel M\u00e4nner Deutschland &#8211; Island in Mannheim<br \/>\n05.01.20: Flug M\u00e4nner-Nationalmannschaft nach Wien<br \/>\n06.01.20: L\u00e4nderspiel M\u00e4nner \u00d6sterreich &#8211; Deutschland in Wien<br \/>\n07.01.20: Flug M\u00e4nner-Nationalmannschaft nach Trondheim<br \/>\n09.-26.01.20: EHF EURO 2020 M\u00e4nner in Norwegen, \u00d6sterreich und Schweden<br \/>\n09.01.20: Vorrunde EHF EURO 2020 Deutschland \u2013 Niederlande<br \/>\n11.01.20: Vorrunde EHF EURO 2020 Spanien \u2013 Deutschland<br \/>\n13.01.20: Vorrunde EHF EURO 2020 Lettland \u2013 Deutschland<\/p>\n<hr \/>\n<p style=\"text-align: justify;\">\n","protected":false},"excerpt":{"rendered":"<p>Wechsel im rechten R\u00fcckraum Stuttgarter Linksh\u00e4nder steht vor Deb\u00fct in der Nationalmannschaft Franz Semper hat am Montagabend seine Teilnahme an der EHF EURO 2020 absagen m\u00fcssen. Der 22-j\u00e4hrige Linksh\u00e4nder des SC DHfK Leipzig hat wegen Zeichen einer Herzmuskelentz\u00fcndung f\u00fcr mindestens drei Wochen absolutes Sportverbot erhalten. Semper pausierte am vergangenen Sonntag beim Bundesligaspiel der Leipziger in [&hellip;]<\/p>\n","protected":false},"author":4,"featured_media":0,"comment_status":"closed","ping_status":"open","sticky":false,"template":"","format":"standard","meta":{"inline_featured_image":false,"_exactmetrics_skip_tracking":false,"_exactmetrics_sitenote_active":false,"_exactmetrics_sitenote_note":"","_exactmetrics_sitenote_category":0,"footnotes":""},"categories":[110],"tags":[16508,14857,15964,9105,133,5,68,9],"class_list":{"0":"post-137332","1":"post","2":"type-post","3":"status-publish","4":"format-standard","6":"category-sport","7":"tag-16508","8":"tag-die-webzeitung","9":"tag-ehb","10":"tag-euro","11":"tag-handball","12":"tag-internetzeitung","13":"tag-online-zeitung","14":"tag-schaumedia"},"image_feature":null,"author_name":"Redaktion","pure_taxonomies":{"categories":[{"term_id":110,"name":"Sport","slug":"sport","term_group":0,"term_taxonomy_id":112,"taxonomy":"category","description":"Sportberichte","parent":0,"count":1043,"filter":"raw","image":""}],"tags":[{"term_id":16508,"name":"2020","slug":"2020","term_group":0,"term_taxonomy_id":16527,"taxonomy":"post_tag","description":"","parent":0,"count":1,"filter":"raw","image":""},{"term_id":14857,"name":"Die-Webzeitung","slug":"die-webzeitung","term_group":0,"term_taxonomy_id":14876,"taxonomy":"post_tag","description":"","parent":0,"count":3623,"filter":"raw","image":""},{"term_id":15964,"name":"EHB","slug":"ehb","term_group":0,"term_taxonomy_id":15983,"taxonomy":"post_tag","description":"","parent":0,"count":1,"filter":"raw","image":""},{"term_id":9105,"name":"Euro","slug":"euro","term_group":0,"term_taxonomy_id":9131,"taxonomy":"post_tag","description":"","parent":0,"count":9,"filter":"raw","image":""},{"term_id":133,"name":"Handball","slug":"handball","term_group":0,"term_taxonomy_id":135,"taxonomy":"post_tag","description":"","parent":0,"count":387,"filter":"raw","image":""},{"term_id":5,"name":"Internetzeitung","slug":"internetzeitung","term_group":0,"term_taxonomy_id":5,"taxonomy":"post_tag","description":"","parent":0,"count":1461,"filter":"raw","image":""},{"term_id":68,"name":"Online-Zeitung","slug":"online-zeitung","term_group":0,"term_taxonomy_id":69,"taxonomy":"post_tag","description":"","parent":0,"count":3593,"filter":"raw","image":""},{"term_id":9,"name":"SchauMedia","slug":"schaumedia","term_group":0,"term_taxonomy_id":9,"taxonomy":"post_tag","description":"","parent":0,"count":1607,"filter":"raw","image":""}]},"_links":{"self":[{"href":"https:\/\/die-webzeitung.de\/stuttgart\/wp-json\/wp\/v2\/posts\/137332","targetHints":{"allow":["GET"]}}],"collection":[{"href":"https:\/\/die-webzeitung.de\/stuttgart\/wp-json\/wp\/v2\/posts"}],"about":[{"href":"https:\/\/die-webzeitung.de\/stuttgart\/wp-json\/wp\/v2\/types\/post"}],"author":[{"embeddable":true,"href":"https:\/\/die-webzeitung.de\/stuttgart\/wp-json\/wp\/v2\/users\/4"}],"replies":[{"embeddable":true,"href":"https:\/\/die-webzeitung.de\/stuttgart\/wp-json\/wp\/v2\/comments?post=137332"}],"version-history":[{"count":0,"href":"https:\/\/die-webzeitung.de\/stuttgart\/wp-json\/wp\/v2\/posts\/137332\/revisions"}],"wp:attachment":[{"href":"https:\/\/die-webzeitung.de\/stuttgart\/wp-json\/wp\/v2\/media?parent=137332"}],"wp:term":[{"taxonomy":"category","embeddable":true,"href":"https:\/\/die-webzeitung.de\/stuttgart\/wp-json\/wp\/v2\/categories?post=137332"},{"taxonomy":"post_tag","embeddable":true,"href":"https:\/\/die-webzeitung.de\/stuttgart\/wp-json\/wp\/v2\/tags?post=137332"}],"curies":[{"name":"wp","href":"https:\/\/api.w.org\/{rel}","templated":true}]}}