{"id":137318,"date":"2019-12-30T13:02:13","date_gmt":"2019-12-30T12:02:13","guid":{"rendered":"https:\/\/die-webzeitung.de\/stuttgart\/?p=137318"},"modified":"2019-12-30T13:02:13","modified_gmt":"2019-12-30T12:02:13","slug":"am-radweg-zwischen-boeblingen-und-ehningen-ruhen-die-arbeiten","status":"publish","type":"post","link":"https:\/\/die-webzeitung.de\/stuttgart\/2019\/12\/30\/am-radweg-zwischen-boeblingen-und-ehningen-ruhen-die-arbeiten\/","title":{"rendered":"Am Radweg zwischen B\u00f6blingen und Ehningen ruhen die Arbeiten"},"content":{"rendered":"<h5 style=\"text-align: justify;\"><strong>Die Ma\u00dfnahme ist im Zeitplan \u2013 mit der Fertigstellung wird im Fr\u00fchjahr 2020 gerechnet<\/strong><\/h5>\n<p style=\"text-align: justify;\">Kreis B\u00f6blingen.| Aktuell ruhen die Arbeiten am Ausbau des Radschnellweg-Bauabschnitts von B\u00f6blingen nach Ehningen. Wenn es die Witterungsverh\u00e4ltnisse zulassen, geht es am 27. Januar 2020 weiter. Die Arbeiten sollen im Lauf des Fr\u00fchjahrs fertiggestellt sein.<\/p>\n<p style=\"text-align: justify;\">Was hat sich bisher getan? Zu Beginn wurde eine Umleitungsstrecke im angrenzenden Waldst\u00fcck hergestellt und ausgeschildert. Die eigentlichen Radwegbauarbeiten begannen mit dem Abtrag der Asphaltdecke des bisherigen Radwegs. Im Anschluss wurde das Erdreich abgetragen bzw. angef\u00fcllt, um die Steigungsgradienten radverkehrsfreundlicher zu gestalten und den Radlern so unn\u00f6tige H\u00f6henmeter zu ersparen. Auf einem Gro\u00dfteil der Strecke konnte auch der Unterbau bzw. die Frostschutzschicht des zuk\u00fcnftigen Radwegs noch hergestellt werden. Zus\u00e4tzlich zu den Wegbauarbeiten stellte die Baufirma einen neuen Leitungskanal her, in dem die Stromversorgung und bereits vorhandene Telekommunikationsleitungen Platz finden.<\/p>\n<p style=\"text-align: justify;\">Nach der Radschnellverbindung von B\u00f6blingen\/Sindelfingen nach Stuttgart ist der Bauabschnitt von B\u00f6blingen nach Ehningen schon das zweite Radschnellweg-Bauprojekt in der Region Stuttgart, das der Landkreis B\u00f6blingen in die Tat umsetzt. Am 9. September 2019 war der Spatenstich f\u00fcr die rd. zwei km lange Strecke erfolgt. Sie ist Baustein einer k\u00fcnftigen Radschnellverbindung, die bis nach Herrenberg f\u00fchren k\u00f6nnte. Diese Verkehrsachse stellt einen Ausbauschwerpunkt f\u00fcr die Radinfrastruktur im Landkreis B\u00f6blingen dar und ist gleichzeitig Teil des RadNETZ Baden-W\u00fcrttemberg.<\/p>\n<hr \/>\n<p style=\"text-align: justify;\">\n","protected":false},"excerpt":{"rendered":"<p>Die Ma\u00dfnahme ist im Zeitplan \u2013 mit der Fertigstellung wird im Fr\u00fchjahr 2020 gerechnet Kreis B\u00f6blingen.| Aktuell ruhen die Arbeiten am Ausbau des Radschnellweg-Bauabschnitts von B\u00f6blingen nach Ehningen. Wenn es die Witterungsverh\u00e4ltnisse zulassen, geht es am 27. Januar 2020 weiter. Die Arbeiten sollen im Lauf des Fr\u00fchjahrs fertiggestellt sein. Was hat sich bisher getan? Zu [&hellip;]<\/p>\n","protected":false},"author":4,"featured_media":0,"comment_status":"closed","ping_status":"open","sticky":false,"template":"","format":"standard","meta":{"inline_featured_image":false,"_exactmetrics_skip_tracking":false,"_exactmetrics_sitenote_active":false,"_exactmetrics_sitenote_note":"","_exactmetrics_sitenote_category":0,"footnotes":""},"categories":[2246],"tags":[3061,14857,5,68,15905,9],"class_list":{"0":"post-137318","1":"post","2":"type-post","3":"status-publish","4":"format-standard","6":"category-kreis-boeblingen","7":"tag-boblingen","8":"tag-die-webzeitung","9":"tag-internetzeitung","10":"tag-online-zeitung","11":"tag-radschnellweg","12":"tag-schaumedia"},"image_feature":null,"author_name":"Redaktion","pure_taxonomies":{"categories":[{"term_id":2246,"name":"Kreis B\u00f6blingen","slug":"kreis-boeblingen","term_group":0,"term_taxonomy_id":2259,"taxonomy":"category","description":"","parent":171,"count":197,"filter":"raw","image":""}],"tags":[{"term_id":3061,"name":"B\u00f6blingen","slug":"boblingen","term_group":0,"term_taxonomy_id":3075,"taxonomy":"post_tag","description":"","parent":0,"count":260,"filter":"raw","image":""},{"term_id":14857,"name":"Die-Webzeitung","slug":"die-webzeitung","term_group":0,"term_taxonomy_id":14876,"taxonomy":"post_tag","description":"","parent":0,"count":3623,"filter":"raw","image":""},{"term_id":5,"name":"Internetzeitung","slug":"internetzeitung","term_group":0,"term_taxonomy_id":5,"taxonomy":"post_tag","description":"","parent":0,"count":1461,"filter":"raw","image":""},{"term_id":68,"name":"Online-Zeitung","slug":"online-zeitung","term_group":0,"term_taxonomy_id":69,"taxonomy":"post_tag","description":"","parent":0,"count":3593,"filter":"raw","image":""},{"term_id":15905,"name":"Radschnellweg","slug":"radschnellweg","term_group":0,"term_taxonomy_id":15924,"taxonomy":"post_tag","description":"","parent":0,"count":7,"filter":"raw","image":""},{"term_id":9,"name":"SchauMedia","slug":"schaumedia","term_group":0,"term_taxonomy_id":9,"taxonomy":"post_tag","description":"","parent":0,"count":1607,"filter":"raw","image":""}]},"_links":{"self":[{"href":"https:\/\/die-webzeitung.de\/stuttgart\/wp-json\/wp\/v2\/posts\/137318","targetHints":{"allow":["GET"]}}],"collection":[{"href":"https:\/\/die-webzeitung.de\/stuttgart\/wp-json\/wp\/v2\/posts"}],"about":[{"href":"https:\/\/die-webzeitung.de\/stuttgart\/wp-json\/wp\/v2\/types\/post"}],"author":[{"embeddable":true,"href":"https:\/\/die-webzeitung.de\/stuttgart\/wp-json\/wp\/v2\/users\/4"}],"replies":[{"embeddable":true,"href":"https:\/\/die-webzeitung.de\/stuttgart\/wp-json\/wp\/v2\/comments?post=137318"}],"version-history":[{"count":1,"href":"https:\/\/die-webzeitung.de\/stuttgart\/wp-json\/wp\/v2\/posts\/137318\/revisions"}],"predecessor-version":[{"id":137319,"href":"https:\/\/die-webzeitung.de\/stuttgart\/wp-json\/wp\/v2\/posts\/137318\/revisions\/137319"}],"wp:attachment":[{"href":"https:\/\/die-webzeitung.de\/stuttgart\/wp-json\/wp\/v2\/media?parent=137318"}],"wp:term":[{"taxonomy":"category","embeddable":true,"href":"https:\/\/die-webzeitung.de\/stuttgart\/wp-json\/wp\/v2\/categories?post=137318"},{"taxonomy":"post_tag","embeddable":true,"href":"https:\/\/die-webzeitung.de\/stuttgart\/wp-json\/wp\/v2\/tags?post=137318"}],"curies":[{"name":"wp","href":"https:\/\/api.w.org\/{rel}","templated":true}]}}