{"id":137180,"date":"2019-12-19T16:13:06","date_gmt":"2019-12-19T15:13:06","guid":{"rendered":"https:\/\/die-webzeitung.de\/stuttgart\/2019\/12\/19\/verkehrsverbuende-arbeiten-an-einem-landesweiten-eticket-system\/"},"modified":"2019-12-19T16:13:06","modified_gmt":"2019-12-19T15:13:06","slug":"verkehrsverbuende-arbeiten-an-einem-landesweiten-eticket-system","status":"publish","type":"post","link":"https:\/\/die-webzeitung.de\/stuttgart\/2019\/12\/19\/verkehrsverbuende-arbeiten-an-einem-landesweiten-eticket-system\/","title":{"rendered":"Verkehrsverb\u00fcnde arbeiten an einem landesweiten eTicket-System"},"content":{"rendered":"<h5 style=\"text-align: justify;\"><strong>F\u00f6rderbescheid vom Bundesverkehrsministerium<\/strong><\/h5>\n<p style=\"text-align: justify;\">Baden-W\u00fcrttemberg.| Mit dem System FAIRTIQ k\u00f6nnen in der Schweiz Tickets aller Verkehrsverb\u00fcnde und des nationales Eisenbahnsystems in einer App mit einem check-in-check-out-Verfahrens gekauft werden. Der Kunde checkt sich mit seinem Handy bei Fahrtantritt lediglich einmal ein und beim Ausstieg wieder aus. Der Fahrpreis wird automatisch berechnet. Der Fahrgast braucht bei diesem System keinerlei Tarifkenntnisse. Er muss sich auch nicht mehr um die Grenzen der Verkehrsverb\u00fcnde k\u00fcmmern. Er bekommt automatisch den jeweiligen Verbundtarif oder im verbund\u00fcberschreitenden Verkehr den Schweiz-weiten Bahntarif abgerechnet.<\/p>\n<p style=\"text-align: justify;\">Genau ein solches System streben auch die baden-w\u00fcrttembergischen Verb\u00fcnde an und haben daf\u00fcr bereits einen \u201eLetter of Intend\u201c unterschrieben. Der VVS wird in K\u00fcrze ein Pilotprojekt starten. Projektpartner sind die Stuttgarter Stra\u00dfenbahnen AG, der benachbarte Verkehrsverbund Pforzheim-Enzkreis und das Schweizer Dienstleister FAIRTIQ. Mit dem Pilotprojekt soll nachgewiesen werden, dass das check-in-check-out-Verfahren auch in unterirdischen S- und U-Bahn-Stationen einwandfrei funktioniert und dass auch die Zuordnung zu den Tarifsystemen der Verb\u00fcnde und des Baden-W\u00fcrttemberg-Tarifs keine Probleme bereitet. Zum Test werden im ersten Halbjahr 2020 interessierte Kunden eingeladen.<\/p>\n<p style=\"text-align: justify;\">Dieses Pilotprojekt wird vom Bundesministerium f\u00fcr Verkehr und digitale Infrastruktur (BMVI) mit 128.000 Euro finanziell gef\u00f6rdert. Der F\u00f6rderbescheid wurde heute (am 19. Dezember 2019) in Berlin von Bundesverkehrsminister Andreas Scheuer dem VVS-Gesch\u00e4ftsf\u00fchrer Horst Stammler \u00fcberreicht. Der Zuschuss wird im Rahmen des Bundesprogramms Saubere Luft (\u201eDieselmilliarde\u201c) gew\u00e4hrt.<\/p>\n<p style=\"text-align: justify;\">Horst Stammler: \u201eWir freuen uns \u00fcber den Zuschussbescheid. Jetzt k\u00f6nnen wir loslegen. Unser Ziel ist, bis 2022 ein landesweites eTicket-System f\u00fcr alle 22 Verkehrsverb\u00fcnde und den Baden-W\u00fcrttemberg-Tarif zu schaffen\u201c.<\/p>\n<hr \/>\n<p style=\"text-align: justify;\">\n","protected":false},"excerpt":{"rendered":"<p>F\u00f6rderbescheid vom Bundesverkehrsministerium Baden-W\u00fcrttemberg.| Mit dem System FAIRTIQ k\u00f6nnen in der Schweiz Tickets aller Verkehrsverb\u00fcnde und des nationales Eisenbahnsystems in einer App mit einem check-in-check-out-Verfahrens gekauft werden. Der Kunde checkt sich mit seinem Handy bei Fahrtantritt lediglich einmal ein und beim Ausstieg wieder aus. Der Fahrpreis wird automatisch berechnet. Der Fahrgast braucht bei diesem System [&hellip;]<\/p>\n","protected":false},"author":4,"featured_media":0,"comment_status":"closed","ping_status":"open","sticky":false,"template":"","format":"standard","meta":{"inline_featured_image":false,"_exactmetrics_skip_tracking":false,"_exactmetrics_sitenote_active":false,"_exactmetrics_sitenote_note":"","_exactmetrics_sitenote_category":0,"footnotes":""},"categories":[59,9098],"tags":[4,14857,16493,5,68,9,2035,16494],"class_list":{"0":"post-137180","1":"post","2":"type-post","3":"status-publish","4":"format-standard","6":"category-aktuell","7":"category-baden-wuerttemberg","8":"tag-baden-wurttemberg","9":"tag-die-webzeitung","10":"tag-eticket","11":"tag-internetzeitung","12":"tag-online-zeitung","13":"tag-schaumedia","14":"tag-system","15":"tag-verkehrsverbuende"},"image_feature":null,"author_name":"Redaktion","pure_taxonomies":{"categories":[{"term_id":59,"name":"Aktuell","slug":"aktuell","term_group":0,"term_taxonomy_id":60,"taxonomy":"category","description":"","parent":0,"count":1017,"filter":"raw","image":""},{"term_id":9098,"name":"Baden-W\u00fcrttemberg","slug":"baden-wuerttemberg","term_group":0,"term_taxonomy_id":9124,"taxonomy":"category","description":"","parent":171,"count":238,"filter":"raw","image":""}],"tags":[{"term_id":4,"name":"Baden-W\u00fcrttemberg","slug":"baden-wurttemberg","term_group":0,"term_taxonomy_id":4,"taxonomy":"post_tag","description":"","parent":0,"count":136,"filter":"raw","image":""},{"term_id":14857,"name":"Die-Webzeitung","slug":"die-webzeitung","term_group":0,"term_taxonomy_id":14876,"taxonomy":"post_tag","description":"","parent":0,"count":3623,"filter":"raw","image":""},{"term_id":16493,"name":"eTicket","slug":"eticket","term_group":0,"term_taxonomy_id":16512,"taxonomy":"post_tag","description":"","parent":0,"count":1,"filter":"raw","image":""},{"term_id":5,"name":"Internetzeitung","slug":"internetzeitung","term_group":0,"term_taxonomy_id":5,"taxonomy":"post_tag","description":"","parent":0,"count":1461,"filter":"raw","image":""},{"term_id":68,"name":"Online-Zeitung","slug":"online-zeitung","term_group":0,"term_taxonomy_id":69,"taxonomy":"post_tag","description":"","parent":0,"count":3593,"filter":"raw","image":""},{"term_id":9,"name":"SchauMedia","slug":"schaumedia","term_group":0,"term_taxonomy_id":9,"taxonomy":"post_tag","description":"","parent":0,"count":1607,"filter":"raw","image":""},{"term_id":2035,"name":"System","slug":"system","term_group":0,"term_taxonomy_id":2047,"taxonomy":"post_tag","description":"","parent":0,"count":1,"filter":"raw","image":""},{"term_id":16494,"name":"Verkehrsverb\u00fcnde","slug":"verkehrsverbuende","term_group":0,"term_taxonomy_id":16513,"taxonomy":"post_tag","description":"","parent":0,"count":1,"filter":"raw","image":""}]},"_links":{"self":[{"href":"https:\/\/die-webzeitung.de\/stuttgart\/wp-json\/wp\/v2\/posts\/137180","targetHints":{"allow":["GET"]}}],"collection":[{"href":"https:\/\/die-webzeitung.de\/stuttgart\/wp-json\/wp\/v2\/posts"}],"about":[{"href":"https:\/\/die-webzeitung.de\/stuttgart\/wp-json\/wp\/v2\/types\/post"}],"author":[{"embeddable":true,"href":"https:\/\/die-webzeitung.de\/stuttgart\/wp-json\/wp\/v2\/users\/4"}],"replies":[{"embeddable":true,"href":"https:\/\/die-webzeitung.de\/stuttgart\/wp-json\/wp\/v2\/comments?post=137180"}],"version-history":[{"count":0,"href":"https:\/\/die-webzeitung.de\/stuttgart\/wp-json\/wp\/v2\/posts\/137180\/revisions"}],"wp:attachment":[{"href":"https:\/\/die-webzeitung.de\/stuttgart\/wp-json\/wp\/v2\/media?parent=137180"}],"wp:term":[{"taxonomy":"category","embeddable":true,"href":"https:\/\/die-webzeitung.de\/stuttgart\/wp-json\/wp\/v2\/categories?post=137180"},{"taxonomy":"post_tag","embeddable":true,"href":"https:\/\/die-webzeitung.de\/stuttgart\/wp-json\/wp\/v2\/tags?post=137180"}],"curies":[{"name":"wp","href":"https:\/\/api.w.org\/{rel}","templated":true}]}}