{"id":137167,"date":"2019-12-18T14:41:26","date_gmt":"2019-12-18T13:41:26","guid":{"rendered":"https:\/\/die-webzeitung.de\/stuttgart\/?p=137167"},"modified":"2019-12-18T14:41:26","modified_gmt":"2019-12-18T13:41:26","slug":"abfallgebuehrenerhoehung-beschlossen","status":"publish","type":"post","link":"https:\/\/die-webzeitung.de\/stuttgart\/2019\/12\/18\/abfallgebuehrenerhoehung-beschlossen\/","title":{"rendered":"Abfallgeb\u00fchrenerh\u00f6hung beschlossen"},"content":{"rendered":"<ul>\n<li style=\"text-align: justify;\">Verbrennungskosten spielen untergeordnete Rolle bei Anpassung der M\u00fcllgeb\u00fchren<\/li>\n<li style=\"text-align: justify;\">M\u00fcllgeb\u00fchren seit 1994 unterhalb der Inflationskurve<\/li>\n<\/ul>\n<p style=\"text-align: justify;\">Kreis B\u00f6blingen.| In der letzten Sitzung des Kreistages wurde die \u00c4nderung der Geb\u00fchrensatzung des Abfallwirtschaftsbetriebes beschlossen. In der Beschlussvorlage der Verwaltung wurden unter Anderem gestiegene Verbrennungskosten beim Restm\u00fcllheizkraftwerk als ein Grund f\u00fcr die notwendigen Geb\u00fchrenanpassungen genannt.<\/p>\n<p style=\"text-align: justify;\">Der Zweckverband RBB als Betreiber des Restm\u00fcllheizkraftwerks erl\u00e4utert dazu, dass im kommenden Jahr 2020 der Annahmepreis zwar steigt, es sich dabei aber um einen Sondereffekt handelt, da 2020 eine Turbinenrevision ansteht. Diese f\u00e4llt durchschnittlich alle acht Jahre an.<\/p>\n<p style=\"text-align: justify;\">Der Verbrennungspreis ist tats\u00e4chlich \u00fcber einen l\u00e4ngeren Zeitraum seit 2000 kontinuierlich gesunken. Ohne den Effekt der Turbinenrevision l\u00e4ge der Verbrennungspreis bei ca. 144 Euro pro Tonne Restabfall f\u00fcr 2020. In der Prognose wie auch in der Mittelfristplanung geht der RBB von einem weiter fallenden Annahmepreis aus.<\/p>\n<p style=\"text-align: justify;\">Auch der Brand der Verg\u00e4rungsanlage in Leonberg f\u00fchrt zu keiner Geb\u00fchrenanpassung, da der Abfallwirtschaftsbetrieb mit Schadenersatz durch die Versicherung rechnet.<\/p>\n<p style=\"text-align: justify;\">Der Grund f\u00fcr die Geb\u00fchrenanpassung im Abfallwirtschaftsbereich liegt \u00fcberwiegend in den gestiegenen Betriebskosten, h\u00f6heren Personalkosten durch verbesserte Tarifabschl\u00fcsse und stark r\u00fcckl\u00e4ufige Verwertungserl\u00f6se bei der Altpapiervermarktung.<\/p>\n<p style=\"text-align: justify;\">Insgesamt ist es dem Abfallwirtschaftsbetrieb jedoch gelungen, die Geb\u00fchrenentwicklung seit 1994 insgesamt unter dem Anstieg der allgemeinen Lebenshaltungskosten zu halten.<\/p>\n<hr \/>\n<p style=\"text-align: justify;\">\n","protected":false},"excerpt":{"rendered":"<p>Verbrennungskosten spielen untergeordnete Rolle bei Anpassung der M\u00fcllgeb\u00fchren M\u00fcllgeb\u00fchren seit 1994 unterhalb der Inflationskurve Kreis B\u00f6blingen.| In der letzten Sitzung des Kreistages wurde die \u00c4nderung der Geb\u00fchrensatzung des Abfallwirtschaftsbetriebes beschlossen. In der Beschlussvorlage der Verwaltung wurden unter Anderem gestiegene Verbrennungskosten beim Restm\u00fcllheizkraftwerk als ein Grund f\u00fcr die notwendigen Geb\u00fchrenanpassungen genannt. Der Zweckverband RBB als Betreiber [&hellip;]<\/p>\n","protected":false},"author":4,"featured_media":0,"comment_status":"closed","ping_status":"open","sticky":false,"template":"","format":"standard","meta":{"inline_featured_image":false,"_exactmetrics_skip_tracking":false,"_exactmetrics_sitenote_active":false,"_exactmetrics_sitenote_note":"","_exactmetrics_sitenote_category":0,"footnotes":""},"categories":[2246],"tags":[16490,3061,14857,3807,5,68,9],"class_list":{"0":"post-137167","1":"post","2":"type-post","3":"status-publish","4":"format-standard","6":"category-kreis-boeblingen","7":"tag-abfallgebuehren","8":"tag-boblingen","9":"tag-die-webzeitung","10":"tag-erhohung","11":"tag-internetzeitung","12":"tag-online-zeitung","13":"tag-schaumedia"},"image_feature":null,"author_name":"Redaktion","pure_taxonomies":{"categories":[{"term_id":2246,"name":"Kreis B\u00f6blingen","slug":"kreis-boeblingen","term_group":0,"term_taxonomy_id":2259,"taxonomy":"category","description":"","parent":171,"count":197,"filter":"raw","image":""}],"tags":[{"term_id":16490,"name":"Abfallgeb\u00fchren","slug":"abfallgebuehren","term_group":0,"term_taxonomy_id":16509,"taxonomy":"post_tag","description":"","parent":0,"count":1,"filter":"raw","image":""},{"term_id":3061,"name":"B\u00f6blingen","slug":"boblingen","term_group":0,"term_taxonomy_id":3075,"taxonomy":"post_tag","description":"","parent":0,"count":260,"filter":"raw","image":""},{"term_id":14857,"name":"Die-Webzeitung","slug":"die-webzeitung","term_group":0,"term_taxonomy_id":14876,"taxonomy":"post_tag","description":"","parent":0,"count":3623,"filter":"raw","image":""},{"term_id":3807,"name":"Erh\u00f6hung","slug":"erhohung","term_group":0,"term_taxonomy_id":3822,"taxonomy":"post_tag","description":"","parent":0,"count":1,"filter":"raw","image":""},{"term_id":5,"name":"Internetzeitung","slug":"internetzeitung","term_group":0,"term_taxonomy_id":5,"taxonomy":"post_tag","description":"","parent":0,"count":1461,"filter":"raw","image":""},{"term_id":68,"name":"Online-Zeitung","slug":"online-zeitung","term_group":0,"term_taxonomy_id":69,"taxonomy":"post_tag","description":"","parent":0,"count":3593,"filter":"raw","image":""},{"term_id":9,"name":"SchauMedia","slug":"schaumedia","term_group":0,"term_taxonomy_id":9,"taxonomy":"post_tag","description":"","parent":0,"count":1607,"filter":"raw","image":""}]},"_links":{"self":[{"href":"https:\/\/die-webzeitung.de\/stuttgart\/wp-json\/wp\/v2\/posts\/137167","targetHints":{"allow":["GET"]}}],"collection":[{"href":"https:\/\/die-webzeitung.de\/stuttgart\/wp-json\/wp\/v2\/posts"}],"about":[{"href":"https:\/\/die-webzeitung.de\/stuttgart\/wp-json\/wp\/v2\/types\/post"}],"author":[{"embeddable":true,"href":"https:\/\/die-webzeitung.de\/stuttgart\/wp-json\/wp\/v2\/users\/4"}],"replies":[{"embeddable":true,"href":"https:\/\/die-webzeitung.de\/stuttgart\/wp-json\/wp\/v2\/comments?post=137167"}],"version-history":[{"count":1,"href":"https:\/\/die-webzeitung.de\/stuttgart\/wp-json\/wp\/v2\/posts\/137167\/revisions"}],"predecessor-version":[{"id":137168,"href":"https:\/\/die-webzeitung.de\/stuttgart\/wp-json\/wp\/v2\/posts\/137167\/revisions\/137168"}],"wp:attachment":[{"href":"https:\/\/die-webzeitung.de\/stuttgart\/wp-json\/wp\/v2\/media?parent=137167"}],"wp:term":[{"taxonomy":"category","embeddable":true,"href":"https:\/\/die-webzeitung.de\/stuttgart\/wp-json\/wp\/v2\/categories?post=137167"},{"taxonomy":"post_tag","embeddable":true,"href":"https:\/\/die-webzeitung.de\/stuttgart\/wp-json\/wp\/v2\/tags?post=137167"}],"curies":[{"name":"wp","href":"https:\/\/api.w.org\/{rel}","templated":true}]}}