{"id":137159,"date":"2019-12-17T18:31:51","date_gmt":"2019-12-17T17:31:51","guid":{"rendered":"https:\/\/die-webzeitung.de\/stuttgart\/?p=137159"},"modified":"2019-12-17T18:31:51","modified_gmt":"2019-12-17T17:31:51","slug":"allianz-mtv-stuttgart-erneut-beim-dvv-pokalfinale","status":"publish","type":"post","link":"https:\/\/die-webzeitung.de\/stuttgart\/2019\/12\/17\/allianz-mtv-stuttgart-erneut-beim-dvv-pokalfinale\/","title":{"rendered":"Allianz MTV Stuttgart: erneut beim DVV-Pokalfinale"},"content":{"rendered":"<h5 style=\"text-align: justify;\"><strong>Volleyballerinnen qualifizieren sich nach 2019 und 2017 zum insgesamt sechsten Mal f\u00fcr das Endspiel um dem DVV Pokal in Mannheim am 16.02.2020.<\/strong><\/h5>\n<p style=\"text-align: justify;\">In einem packenden und nervenaufreibenden Halbfinale gegen den letztj\u00e4hrigen Finalgegner im FinaleSSC Pa lmberg Schwerin, konnte sich das Team aus der Landeshauptstadt schlussendlich im Tiebreak mit 3:2 durchsetzen und somit das ersehnte Ticket in die SAP-Arena l\u00f6sen. Dies gelang nicht nur durch einen k\u00e4mpferischen und ambitionierten Auftritt eines Teams, dass hei\u00df darauf ist Titel zu gewinnen, sondern auch dank 2.251 Fans in der ausverkauften SCHARRena. Diese standen wie eine \u201eBlaue Wand\u201c hinter den Spielerinnen auf dem Platz und schafften es in entscheidenden Phasen die notwenige zus\u00e4tzliche Energie zu liefern.<\/p>\n<p style=\"text-align: justify;\">Nun ist es nur noch ein Schritt, um den Pokal nach 2011, 2015 und 2017 erneut nach Stuttgart zu holen. Gegner wird am 16. Februar 2020 der Dresdner SC sein. Die Damen von der Elbe setzten sich in ihrem Halbfinale mit 3:1 gegen den VfB Lotto Suhl durch. Somit kommt es zu einer Neuauflage der Finalbegegnungen der beiden Mannschaften von 2016. Damals hatten die Dresdnerinnen das bessere Ende f\u00fcr sich und holten den DVV-Pokal nach Sachsen. Dies wollen die Schw\u00e4binnen im neuen Jahr unter allem Umst\u00e4nden verhindern und selbst den Pokal mit nach Hause nehmen.<\/p>\n<p style=\"text-align: justify;\">Aufgrund der kurzen Anreise aus Stuttgart plant der Deutsche Meister m\u00f6glichst viele Fans nach Mannheim zu bringen und dort erneut eine gigantische \u201eBlaue Wand\u201c aufzubauen. Hierf\u00fcr haben die Verantwortlichen unterschiedliche Pakete f\u00fcr die Fans zur Auswahl geschn\u00fcrt, die \u00fcber den vereinseigenen Fanshop unter <a href=\"http:\/\/www.allianz-mtv-shop.de\" target=\"_blank\" rel=\"noopener noreferrer\" data-saferedirecturl=\"https:\/\/www.google.com\/url?q=http:\/\/www.allianz-mtv-shop.de&amp;source=gmail&amp;ust=1576685797195000&amp;usg=AFQjCNFdQWB7crffNVKRzmYwJBx11hO1sQ\">www.allianz-mtv-shop.de<\/a> buchbar sind.<\/p>\n<p style=\"text-align: justify;\">Das absolute Fanerlebnis bieten die Pl\u00e4tze direkt in der \u201eBlauen Wand\u201c. Diese beeindruckende Ansammlung an Fans direkt hinter der Grundlinie macht nicht nur vor Ort und im TV m\u00e4chtig Eindruck, sondern vermag auch die Spielerinnen zu unglaublichen H\u00f6chstleistungen zu befl\u00fcgeln. Dies zeigte sich zuletzt im Finale 2017, als die Damen vom Neckar einen 0:2-R\u00fcckstand gegen Schwerin in einen 3:2-Sieg verwandelten und somit bislang zum letzten Mal den Pokal in den S\u00fcden holten. Diese Atmosph\u00e4re k\u00f6nnen die Fans f\u00fcr 56 Euro inklusive Pokalshirt buchen. Dar\u00fcber hinaus kann die Anfahrt im komfortablen Reisebus f\u00fcr nur 20 Euro gesondert dazu gebucht werden.<\/p>\n<p style=\"text-align: justify;\">Zu den Tickets der Kategorien 2 (31 Euro\/ erm\u00e4\u00dfigt 25 Euro) und 3 (15 Euro\/ erm\u00e4\u00dfigt 12 Euro) k\u00f6nnen wie bereits in den letzten Jahren auch das Pokalshirt (15 Euro) und die Busfahrt (20 Euro) optional dazugebucht werden. Dar\u00fcber hinaus wird es auch wieder VIP-Tickets geben, die auf Nachfrage buchbar sind.<\/p>\n<p style=\"text-align: justify;\">Gesch\u00e4ftsf\u00fchrer Aurel Irion: \u201eWir sind unglaublich stolz darauf, dass wir erneut das Pokalfinale erreicht haben. Fakt ist aber, dass wir noch nichts gewonnen haben. Wir ben\u00f6tigen wie letzte Woche in der SCHARRena auch in Mannheim jeden einzelnen Fan. In der SAP-Arena zu spielen ist ein gro\u00dfartiges Erlebnis f\u00fcr alle Spielerinnen und dann auch noch mit der \u201eBlauen Wand\u201c im R\u00fccken. Das ist einfach ein G\u00e4nsehaut-Moment. Wir werden alles daf\u00fcr tun, dass auch die Fans wieder ein unglaubliches Event geboten bekommen. Vielleicht gelingt uns ja auch in diesem Jahr ein neuer Fanrekord aus Stuttgart. In der vergangenen Saison haben \u00fcber 1300 Stuttgart-Fans den Weg nach Mannheim auf sich genommen. Dies wollen wir im neuen Jahr toppen!\u201c<\/p>\n<hr \/>\n<p style=\"text-align: justify;\">\n","protected":false},"excerpt":{"rendered":"<p>Volleyballerinnen qualifizieren sich nach 2019 und 2017 zum insgesamt sechsten Mal f\u00fcr das Endspiel um dem DVV Pokal in Mannheim am 16.02.2020. In einem packenden und nervenaufreibenden Halbfinale gegen den letztj\u00e4hrigen Finalgegner im FinaleSSC Pa lmberg Schwerin, konnte sich das Team aus der Landeshauptstadt schlussendlich im Tiebreak mit 3:2 durchsetzen und somit das ersehnte Ticket [&hellip;]<\/p>\n","protected":false},"author":4,"featured_media":0,"comment_status":"closed","ping_status":"open","sticky":false,"template":"","format":"standard","meta":{"inline_featured_image":false,"_exactmetrics_skip_tracking":false,"_exactmetrics_sitenote_active":false,"_exactmetrics_sitenote_note":"","_exactmetrics_sitenote_category":0,"footnotes":""},"categories":[59,110],"tags":[16187,131,14857,5,68,9,275,10629],"class_list":{"0":"post-137159","1":"post","2":"type-post","3":"status-publish","4":"format-standard","6":"category-aktuell","7":"category-sport","8":"tag-allianz-mtv","9":"tag-bundesliga","10":"tag-die-webzeitung","11":"tag-internetzeitung","12":"tag-online-zeitung","13":"tag-schaumedia","14":"tag-stuttgart","15":"tag-volleyball"},"image_feature":null,"author_name":"Redaktion","pure_taxonomies":{"categories":[{"term_id":59,"name":"Aktuell","slug":"aktuell","term_group":0,"term_taxonomy_id":60,"taxonomy":"category","description":"","parent":0,"count":1017,"filter":"raw","image":""},{"term_id":110,"name":"Sport","slug":"sport","term_group":0,"term_taxonomy_id":112,"taxonomy":"category","description":"Sportberichte","parent":0,"count":1043,"filter":"raw","image":""}],"tags":[{"term_id":16187,"name":"Allianz MTV","slug":"allianz-mtv","term_group":0,"term_taxonomy_id":16206,"taxonomy":"post_tag","description":"","parent":0,"count":44,"filter":"raw","image":""},{"term_id":131,"name":"Bundesliga","slug":"bundesliga","term_group":0,"term_taxonomy_id":133,"taxonomy":"post_tag","description":"","parent":0,"count":699,"filter":"raw","image":""},{"term_id":14857,"name":"Die-Webzeitung","slug":"die-webzeitung","term_group":0,"term_taxonomy_id":14876,"taxonomy":"post_tag","description":"","parent":0,"count":3623,"filter":"raw","image":""},{"term_id":5,"name":"Internetzeitung","slug":"internetzeitung","term_group":0,"term_taxonomy_id":5,"taxonomy":"post_tag","description":"","parent":0,"count":1461,"filter":"raw","image":""},{"term_id":68,"name":"Online-Zeitung","slug":"online-zeitung","term_group":0,"term_taxonomy_id":69,"taxonomy":"post_tag","description":"","parent":0,"count":3593,"filter":"raw","image":""},{"term_id":9,"name":"SchauMedia","slug":"schaumedia","term_group":0,"term_taxonomy_id":9,"taxonomy":"post_tag","description":"","parent":0,"count":1607,"filter":"raw","image":""},{"term_id":275,"name":"Stuttgart","slug":"stuttgart","term_group":0,"term_taxonomy_id":281,"taxonomy":"post_tag","description":"","parent":0,"count":1194,"filter":"raw","image":""},{"term_id":10629,"name":"Volleyball","slug":"volleyball","term_group":0,"term_taxonomy_id":10665,"taxonomy":"post_tag","description":"","parent":0,"count":90,"filter":"raw","image":""}]},"_links":{"self":[{"href":"https:\/\/die-webzeitung.de\/stuttgart\/wp-json\/wp\/v2\/posts\/137159","targetHints":{"allow":["GET"]}}],"collection":[{"href":"https:\/\/die-webzeitung.de\/stuttgart\/wp-json\/wp\/v2\/posts"}],"about":[{"href":"https:\/\/die-webzeitung.de\/stuttgart\/wp-json\/wp\/v2\/types\/post"}],"author":[{"embeddable":true,"href":"https:\/\/die-webzeitung.de\/stuttgart\/wp-json\/wp\/v2\/users\/4"}],"replies":[{"embeddable":true,"href":"https:\/\/die-webzeitung.de\/stuttgart\/wp-json\/wp\/v2\/comments?post=137159"}],"version-history":[{"count":1,"href":"https:\/\/die-webzeitung.de\/stuttgart\/wp-json\/wp\/v2\/posts\/137159\/revisions"}],"predecessor-version":[{"id":137160,"href":"https:\/\/die-webzeitung.de\/stuttgart\/wp-json\/wp\/v2\/posts\/137159\/revisions\/137160"}],"wp:attachment":[{"href":"https:\/\/die-webzeitung.de\/stuttgart\/wp-json\/wp\/v2\/media?parent=137159"}],"wp:term":[{"taxonomy":"category","embeddable":true,"href":"https:\/\/die-webzeitung.de\/stuttgart\/wp-json\/wp\/v2\/categories?post=137159"},{"taxonomy":"post_tag","embeddable":true,"href":"https:\/\/die-webzeitung.de\/stuttgart\/wp-json\/wp\/v2\/tags?post=137159"}],"curies":[{"name":"wp","href":"https:\/\/api.w.org\/{rel}","templated":true}]}}