{"id":137146,"date":"2019-12-16T15:16:43","date_gmt":"2019-12-16T14:16:43","guid":{"rendered":"https:\/\/die-webzeitung.de\/stuttgart\/?p=137146"},"modified":"2019-12-16T15:16:43","modified_gmt":"2019-12-16T14:16:43","slug":"rutesheim-zum-dritten-mal-in-folge-fahrradaktivste-kommune-im-kreis","status":"publish","type":"post","link":"https:\/\/die-webzeitung.de\/stuttgart\/2019\/12\/16\/rutesheim-zum-dritten-mal-in-folge-fahrradaktivste-kommune-im-kreis\/","title":{"rendered":"Rutesheim zum dritten Mal in Folge fahrradaktivste Kommune im Kreis"},"content":{"rendered":"<h5 style=\"text-align: justify;\"><strong>Landrat Roland Bernhard k\u00fcrt die ersten 3 Pl\u00e4tze beim STADTRADELN im Landkreis B\u00f6blingen<\/strong><\/h5>\n<p style=\"text-align: justify;\">Vom 11. bis 31. Mai galt es wieder, im Rahmen der Aktion STADTRADELN m\u00f6glichst viele Radkilometer zu sammeln. Auch dieses Mal wurde wieder die \u201efahrradaktivste Kommune\u201c im Landkreis B\u00f6blingen. Landrat Roland Bernhard gab nun die Sieger bekannt \u2013 mit knapp 13 geradelten Kilometern \/ Einwohner hat erneut die Stadt Rutesheim die Nase vorn, zum 3. Mal in Folge. Zum Vorjahr gab es eine enorme Steigerung; damals gewann Rutesheim mit 8,3 geradelten Kilometern \/ Einwohner, 2017 belegte man mit knapp sieben geradelten Kilometern \/ Einwohner Platz 1.<\/p>\n<p style=\"text-align: justify;\">\u201eEinen herzlichen G\u00fcckwunsch an die Stadt Rutesheim, die offenbar nicht mehr gewillt ist, sich diesen ersten Platz streitig machen zu lassen und sich um mehr als 50% selbst \u00fcbertroffen hat\u201c, so Landrat Bernhard im Rahmen der Siegerehrung bei der letzten Kreistagssitzung des Jahres am 16.12.2019. \u201eToll, wie hier, aber auch in den vielen anderen Kommunen RadKULTUR gelebt wird.\u201c<\/p>\n<p style=\"text-align: justify;\">Der 2. Platz geht an Renningen, mit rd. 4 geradelten Kilometern \/ Einwohner. Auch Renningen ist Wiederholungst\u00e4ter; im Vorjahr belegte man ebenfalls Platz 2 mit 4,5 Kilometern \/ Einwohner, (2017 Platz 3). Auf dem 3. Platz ist in diesem Jahr die Stadt Weil der Stadt mit knapp 3 geradelten Kilometern \/ Einwohner. Insgesamt radelten die Teilnehmer in Rutesheim 140.112 km (rd. 45.000 km mehr als im Vorjahr!), in Renningen 77.177 km und in Weil der Stadt 55.140 km.<\/p>\n<p style=\"text-align: justify;\">Rutesheim schneidet dieses Jahr auch auf Landes- und Bundesebene sehr gut ab. In der Kategorie der Gemeinden zwischen 10.000 und 49.999 Einwohnern konnte der 7. Platz im Ranking von Baden-W\u00fcrttembergs Fahrradaktivsten Kommunen erradelt werden. Bundesweit hat Rutesheim bei diesen Einwohnergrenzen den 3. Platz in der Gewinnkategorie \u201eFahrradaktivstes Kommunalparlament\u201c erradelt \u2013 der dortige Stadtrat hat immerhin 133,7 \u201eParlamentarierInnen-Kilometer\u201c geschafft.<\/p>\n<p style=\"text-align: justify;\">An der diesj\u00e4hrigen Aktion STADTRADELN haben sich 11 der Kommunen im Landkreis B\u00f6blingen und innerhalb der St\u00e4dte und Gemeinden zahlreiche Offene Teams beteiligt. \u00dcber 3.000 B\u00fcrgerinnen und B\u00fcrger haben mitgemacht. Insgesamt wurden knapp 600.000 klimafreundliche Radkilometer gesammelt, das entspricht einer Ersparnis von rd. 86 Tonnen CO\u00b2 Aussto\u00df. Auf den Pl\u00e4tzen vier bis zehn landeten die Kommunen Steinenbronn, Herrenberg, Holzgerlingen, Sindelfingen, Sch\u00f6naich, B\u00f6blingen, M\u00f6tzingen und Leonberg.<\/p>\n<p style=\"text-align: justify;\">\u201eAuch in diesem Jahr war es eine tolle Aktion und der Dank geht an alle, die mitgemacht haben, aber nat\u00fcrlich insbesondere an die, die nicht nur dann radfahren\u201c, so Bernhard. \u201eWir wollen den Anteil des Radverkehrs im Landkreis B\u00f6blingen steigern und tun unsererseits viel daf\u00fcr, mit einer modernen Infrastruktur dieses Ziel zu f\u00f6rdern. Jeder Radkilometer ist ein Beitrag zum Klimaschutz.\u201c<\/p>\n<hr \/>\n<p style=\"text-align: justify;\">\n","protected":false},"excerpt":{"rendered":"<p>Landrat Roland Bernhard k\u00fcrt die ersten 3 Pl\u00e4tze beim STADTRADELN im Landkreis B\u00f6blingen Vom 11. bis 31. Mai galt es wieder, im Rahmen der Aktion STADTRADELN m\u00f6glichst viele Radkilometer zu sammeln. Auch dieses Mal wurde wieder die \u201efahrradaktivste Kommune\u201c im Landkreis B\u00f6blingen. Landrat Roland Bernhard gab nun die Sieger bekannt \u2013 mit knapp 13 geradelten [&hellip;]<\/p>\n","protected":false},"author":4,"featured_media":0,"comment_status":"closed","ping_status":"open","sticky":false,"template":"","format":"standard","meta":{"inline_featured_image":false,"_exactmetrics_skip_tracking":false,"_exactmetrics_sitenote_active":false,"_exactmetrics_sitenote_note":"","_exactmetrics_sitenote_category":0,"footnotes":""},"categories":[2246],"tags":[3061,14857,5,68,13309,9,7788],"class_list":{"0":"post-137146","1":"post","2":"type-post","3":"status-publish","4":"format-standard","6":"category-kreis-boeblingen","7":"tag-boblingen","8":"tag-die-webzeitung","9":"tag-internetzeitung","10":"tag-online-zeitung","11":"tag-rutesheim","12":"tag-schaumedia","13":"tag-stadtradeln"},"image_feature":null,"author_name":"Redaktion","pure_taxonomies":{"categories":[{"term_id":2246,"name":"Kreis B\u00f6blingen","slug":"kreis-boeblingen","term_group":0,"term_taxonomy_id":2259,"taxonomy":"category","description":"","parent":171,"count":197,"filter":"raw","image":""}],"tags":[{"term_id":3061,"name":"B\u00f6blingen","slug":"boblingen","term_group":0,"term_taxonomy_id":3075,"taxonomy":"post_tag","description":"","parent":0,"count":260,"filter":"raw","image":""},{"term_id":14857,"name":"Die-Webzeitung","slug":"die-webzeitung","term_group":0,"term_taxonomy_id":14876,"taxonomy":"post_tag","description":"","parent":0,"count":3623,"filter":"raw","image":""},{"term_id":5,"name":"Internetzeitung","slug":"internetzeitung","term_group":0,"term_taxonomy_id":5,"taxonomy":"post_tag","description":"","parent":0,"count":1461,"filter":"raw","image":""},{"term_id":68,"name":"Online-Zeitung","slug":"online-zeitung","term_group":0,"term_taxonomy_id":69,"taxonomy":"post_tag","description":"","parent":0,"count":3593,"filter":"raw","image":""},{"term_id":13309,"name":"Rutesheim","slug":"rutesheim","term_group":0,"term_taxonomy_id":13350,"taxonomy":"post_tag","description":"","parent":0,"count":2,"filter":"raw","image":""},{"term_id":9,"name":"SchauMedia","slug":"schaumedia","term_group":0,"term_taxonomy_id":9,"taxonomy":"post_tag","description":"","parent":0,"count":1607,"filter":"raw","image":""},{"term_id":7788,"name":"Stadtradeln","slug":"stadtradeln","term_group":0,"term_taxonomy_id":7810,"taxonomy":"post_tag","description":"","parent":0,"count":12,"filter":"raw","image":""}]},"_links":{"self":[{"href":"https:\/\/die-webzeitung.de\/stuttgart\/wp-json\/wp\/v2\/posts\/137146","targetHints":{"allow":["GET"]}}],"collection":[{"href":"https:\/\/die-webzeitung.de\/stuttgart\/wp-json\/wp\/v2\/posts"}],"about":[{"href":"https:\/\/die-webzeitung.de\/stuttgart\/wp-json\/wp\/v2\/types\/post"}],"author":[{"embeddable":true,"href":"https:\/\/die-webzeitung.de\/stuttgart\/wp-json\/wp\/v2\/users\/4"}],"replies":[{"embeddable":true,"href":"https:\/\/die-webzeitung.de\/stuttgart\/wp-json\/wp\/v2\/comments?post=137146"}],"version-history":[{"count":1,"href":"https:\/\/die-webzeitung.de\/stuttgart\/wp-json\/wp\/v2\/posts\/137146\/revisions"}],"predecessor-version":[{"id":137147,"href":"https:\/\/die-webzeitung.de\/stuttgart\/wp-json\/wp\/v2\/posts\/137146\/revisions\/137147"}],"wp:attachment":[{"href":"https:\/\/die-webzeitung.de\/stuttgart\/wp-json\/wp\/v2\/media?parent=137146"}],"wp:term":[{"taxonomy":"category","embeddable":true,"href":"https:\/\/die-webzeitung.de\/stuttgart\/wp-json\/wp\/v2\/categories?post=137146"},{"taxonomy":"post_tag","embeddable":true,"href":"https:\/\/die-webzeitung.de\/stuttgart\/wp-json\/wp\/v2\/tags?post=137146"}],"curies":[{"name":"wp","href":"https:\/\/api.w.org\/{rel}","templated":true}]}}