{"id":137142,"date":"2019-12-16T14:43:57","date_gmt":"2019-12-16T13:43:57","guid":{"rendered":"https:\/\/die-webzeitung.de\/stuttgart\/?p=137142"},"modified":"2019-12-16T14:43:57","modified_gmt":"2019-12-16T13:43:57","slug":"stuttgart-traegt-weiterhin-den-titel-fairtrade-stadt","status":"publish","type":"post","link":"https:\/\/die-webzeitung.de\/stuttgart\/2019\/12\/16\/stuttgart-traegt-weiterhin-den-titel-fairtrade-stadt\/","title":{"rendered":"Stuttgart tr\u00e4gt weiterhin den Titel Fairtrade-Stadt"},"content":{"rendered":"<p style=\"text-align: justify;\">Stuttgart.| Die Landeshauptstadt darf auch f\u00fcr die n\u00e4chsten zwei Jahre den Titel \u201eFairtrade- Stadt\u201c f\u00fcr sich beanspruchen. Dank erfolgreicher Re-Zertifizierungen vieler Stadtbezirke und der ersten Re-Zertifizierung der Gesamtstadt im Jahr 2015 sind die Kriterien f\u00fcr den Titel weiterhin erf\u00fcllt.<\/p>\n<p style=\"text-align: justify;\">Stuttgart wurde am 2. Oktober 2013 als 200. Stadt Deutschlands zur Fairtrade-Stadt zertifiziert \u2013 zun\u00e4chst limitiert auf zwei Jahre. Im September 2015 erfolgte die erste Re-Zertifizierung, im Oktober 2019 wurde der Titel f\u00fcr die n\u00e4chsten zwei Jahre verliehen.<\/p>\n<p style=\"text-align: justify;\">Es gab in den vergangenen vier Jahren viele zentral und dezentral organisierte Fairtrade-Veranstaltungen und Aktivit\u00e4ten im Rathaus und in den Bezirken sowie \u2013 als besonderes Highlight \u2013 seit 2014 den erfolgreichen Betrieb des \u201eWelthauses Stuttgart\u201c mit Welcome Center, Weltladen, Globalem Klassenzimmer, Weltcaf\u00e9 und Weltwerkstatt, der zur Re-Zertifizierung beigetragen hat.<\/p>\n<p style=\"text-align: justify;\">Die B\u00fcrgermeisterin f\u00fcr Soziales und gesellschaftliche Integration, Dr. Alexandra Su\u00dfmann, sagt: \u201eDie Titelerneuerung haben wir mit vielen engagierten B\u00fcrgerinnen und B\u00fcrgern gerne erarbeitet. Die Stadt Stuttgart wird angesichts der weltweiten ungleichen Verteilung der materiellen G\u00fcter und Lebensbedingungen den Gedanken des Fairen Handels weiterverbreiten und dadurch f\u00fcr etwas mehr Gerechtigkeit sorgen.\u201c<\/p>\n<p style=\"text-align: justify;\">Einige Stuttgarter Schulen haben sich in den vergangenen vier Jahren als \u201eFairtrade- Schools\u201c zertifiziert. Die Bezirks\u00e4mter beteiligten sich an Fairtrade-Aktionstagen wie Banana Fairday, Coffee Fairday oder Faire Rosen. Die \u201eFaire Woche\u201c wird jedes Jahr im September mit Ausstellungen und Veranstaltungen organisiert, die Stadt wirkt mit bei Vortragsveranstaltungen der Kampagne \u201eFair macht Schule\u201c. 2016 wurde mit der Kampagne \u201eFaire Grabsteine\u201c auf die M\u00f6glichkeit aufmerksam gemacht, Grabsteine aus fairem Handel oder regionale Produkte zu beziehen.<\/p>\n<p style=\"text-align: justify;\">Zusammen mit der Stiftung Entwicklungszusammenarbeit Baden-W\u00fcrttemberg und Engagement Global wurde 2017 das breit aufgestellte Agenda-2030-B\u00fcndnis \u201emEin Stuttgart \u2212 mEine Welt\u201c unter Koordination des Welthauses gegr\u00fcndet, um die Ziele f\u00fcr nachhaltige Entwicklung (SDG) st\u00e4rker in der Stadtgesellschaft zu verankern und f\u00fcr eigenes Handeln zu mobilisieren. Dazu z\u00e4hlt die<\/p>\n<p style=\"text-align: justify;\">Durchf\u00fchrung von regelm\u00e4\u00dfigen Veranstaltungen im Rahmen der Fairen Woche mit Vertreterinnen und Vertretern von Fair Trade aus dem globalen S\u00fcden. F\u00fcr dieses Engagement erhielt die Stadt zusammen mit den Kooperationspartnern 2017 zum zweiten Mal hintereinander in der Kategorie \u201eGro\u00dfe Kommune\u201c den ersten Preis der landesweiten Initiative \u201eMeine.Deine.Eine Welt\u201c der Stiftung Entwicklungszusammenarbeit.<\/p>\n<p style=\"text-align: justify;\">Auch bei der eigenen kommunalen Beschaffung handelt die Stadt \u00f6kologisch und fair. Bezogen werden nur Produkte ohne ausbeuterische Kinderarbeit, sowie Produkte, die nachhaltig, biologisch und klimafreundlich hergestellt werden. Die Neufassung der st\u00e4dtischen Beschaffungs- und Vergabeordnung verpflichtet die Verwaltung seit dem 1. Januar 2015 bei Beschaffungen und Vergaben \u00f6kologische und soziale Kriterien zu ber\u00fccksichtigen.<\/p>\n<hr \/>\n<p style=\"text-align: justify;\">\n","protected":false},"excerpt":{"rendered":"<p>Stuttgart.| Die Landeshauptstadt darf auch f\u00fcr die n\u00e4chsten zwei Jahre den Titel \u201eFairtrade- Stadt\u201c f\u00fcr sich beanspruchen. Dank erfolgreicher Re-Zertifizierungen vieler Stadtbezirke und der ersten Re-Zertifizierung der Gesamtstadt im Jahr 2015 sind die Kriterien f\u00fcr den Titel weiterhin erf\u00fcllt. Stuttgart wurde am 2. Oktober 2013 als 200. Stadt Deutschlands zur Fairtrade-Stadt zertifiziert \u2013 zun\u00e4chst limitiert [&hellip;]<\/p>\n","protected":false},"author":4,"featured_media":0,"comment_status":"closed","ping_status":"open","sticky":false,"template":"","format":"standard","meta":{"inline_featured_image":false,"_exactmetrics_skip_tracking":false,"_exactmetrics_sitenote_active":false,"_exactmetrics_sitenote_note":"","_exactmetrics_sitenote_category":0,"footnotes":""},"categories":[2239],"tags":[14857,16484,5,68,9,275],"class_list":{"0":"post-137142","1":"post","2":"type-post","3":"status-publish","4":"format-standard","6":"category-stuttgart-lokal","7":"tag-die-webzeitung","8":"tag-fairtrade-stadt","9":"tag-internetzeitung","10":"tag-online-zeitung","11":"tag-schaumedia","12":"tag-stuttgart"},"image_feature":null,"author_name":"Redaktion","pure_taxonomies":{"categories":[{"term_id":2239,"name":"Stuttgart","slug":"stuttgart-lokal","term_group":0,"term_taxonomy_id":2252,"taxonomy":"category","description":"Berichte und Informationen aus Stuttgart","parent":1433,"count":941,"filter":"raw","image":""}],"tags":[{"term_id":14857,"name":"Die-Webzeitung","slug":"die-webzeitung","term_group":0,"term_taxonomy_id":14876,"taxonomy":"post_tag","description":"","parent":0,"count":3623,"filter":"raw","image":""},{"term_id":16484,"name":"Fairtrade-Stadt","slug":"fairtrade-stadt","term_group":0,"term_taxonomy_id":16503,"taxonomy":"post_tag","description":"","parent":0,"count":1,"filter":"raw","image":""},{"term_id":5,"name":"Internetzeitung","slug":"internetzeitung","term_group":0,"term_taxonomy_id":5,"taxonomy":"post_tag","description":"","parent":0,"count":1461,"filter":"raw","image":""},{"term_id":68,"name":"Online-Zeitung","slug":"online-zeitung","term_group":0,"term_taxonomy_id":69,"taxonomy":"post_tag","description":"","parent":0,"count":3593,"filter":"raw","image":""},{"term_id":9,"name":"SchauMedia","slug":"schaumedia","term_group":0,"term_taxonomy_id":9,"taxonomy":"post_tag","description":"","parent":0,"count":1607,"filter":"raw","image":""},{"term_id":275,"name":"Stuttgart","slug":"stuttgart","term_group":0,"term_taxonomy_id":281,"taxonomy":"post_tag","description":"","parent":0,"count":1194,"filter":"raw","image":""}]},"_links":{"self":[{"href":"https:\/\/die-webzeitung.de\/stuttgart\/wp-json\/wp\/v2\/posts\/137142","targetHints":{"allow":["GET"]}}],"collection":[{"href":"https:\/\/die-webzeitung.de\/stuttgart\/wp-json\/wp\/v2\/posts"}],"about":[{"href":"https:\/\/die-webzeitung.de\/stuttgart\/wp-json\/wp\/v2\/types\/post"}],"author":[{"embeddable":true,"href":"https:\/\/die-webzeitung.de\/stuttgart\/wp-json\/wp\/v2\/users\/4"}],"replies":[{"embeddable":true,"href":"https:\/\/die-webzeitung.de\/stuttgart\/wp-json\/wp\/v2\/comments?post=137142"}],"version-history":[{"count":1,"href":"https:\/\/die-webzeitung.de\/stuttgart\/wp-json\/wp\/v2\/posts\/137142\/revisions"}],"predecessor-version":[{"id":137143,"href":"https:\/\/die-webzeitung.de\/stuttgart\/wp-json\/wp\/v2\/posts\/137142\/revisions\/137143"}],"wp:attachment":[{"href":"https:\/\/die-webzeitung.de\/stuttgart\/wp-json\/wp\/v2\/media?parent=137142"}],"wp:term":[{"taxonomy":"category","embeddable":true,"href":"https:\/\/die-webzeitung.de\/stuttgart\/wp-json\/wp\/v2\/categories?post=137142"},{"taxonomy":"post_tag","embeddable":true,"href":"https:\/\/die-webzeitung.de\/stuttgart\/wp-json\/wp\/v2\/tags?post=137142"}],"curies":[{"name":"wp","href":"https:\/\/api.w.org\/{rel}","templated":true}]}}