{"id":137140,"date":"2019-12-16T14:42:30","date_gmt":"2019-12-16T13:42:30","guid":{"rendered":"https:\/\/die-webzeitung.de\/stuttgart\/?p=137140"},"modified":"2019-12-16T14:42:30","modified_gmt":"2019-12-16T13:42:30","slug":"gewerbeaufsicht-schliesst-betrieb-in-feuerbach","status":"publish","type":"post","link":"https:\/\/die-webzeitung.de\/stuttgart\/2019\/12\/16\/gewerbeaufsicht-schliesst-betrieb-in-feuerbach\/","title":{"rendered":"Gewerbeaufsicht schlie\u00dft Betrieb in Feuerbach"},"content":{"rendered":"<p style=\"text-align: justify;\">Stuttgart-Feuerbach.| Die Landeshauptstadt hat mit Hilfe der Polizei Stuttgart einen Betrieb in Feuerbach mit sofortiger Wirkung stillgelegt, wie sie am Montag, 16. Dezember, mitteilte. Die Gewerbeaufsicht hatte bei einer Kontrolle in der Vorwoche schwerwiegende Verst\u00f6\u00dfe gegen die Betriebssicherheitsverordnung und die Arbeitsst\u00e4ttenverordnung festgestellt. Die Gewerbeaufsicht hat deshalb eine sofortige Schlie\u00dfung angeordnet und vollzogen hat. Der Betrieb handelt mit gebrauchten Kleidungsst\u00fccken und Accessoires.<\/p>\n<hr \/>\n<p style=\"text-align: justify;\">\n","protected":false},"excerpt":{"rendered":"<p>Stuttgart-Feuerbach.| Die Landeshauptstadt hat mit Hilfe der Polizei Stuttgart einen Betrieb in Feuerbach mit sofortiger Wirkung stillgelegt, wie sie am Montag, 16. Dezember, mitteilte. Die Gewerbeaufsicht hatte bei einer Kontrolle in der Vorwoche schwerwiegende Verst\u00f6\u00dfe gegen die Betriebssicherheitsverordnung und die Arbeitsst\u00e4ttenverordnung festgestellt. Die Gewerbeaufsicht hat deshalb eine sofortige Schlie\u00dfung angeordnet und vollzogen hat. Der Betrieb [&hellip;]<\/p>\n","protected":false},"author":4,"featured_media":0,"comment_status":"closed","ping_status":"open","sticky":false,"template":"","format":"standard","meta":{"inline_featured_image":false,"_exactmetrics_skip_tracking":false,"_exactmetrics_sitenote_active":false,"_exactmetrics_sitenote_note":"","_exactmetrics_sitenote_category":0,"footnotes":""},"categories":[2239],"tags":[14857,5,68,9,275],"class_list":{"0":"post-137140","1":"post","2":"type-post","3":"status-publish","4":"format-standard","6":"category-stuttgart-lokal","7":"tag-die-webzeitung","8":"tag-internetzeitung","9":"tag-online-zeitung","10":"tag-schaumedia","11":"tag-stuttgart"},"image_feature":null,"author_name":"Redaktion","pure_taxonomies":{"categories":[{"term_id":2239,"name":"Stuttgart","slug":"stuttgart-lokal","term_group":0,"term_taxonomy_id":2252,"taxonomy":"category","description":"Berichte und Informationen aus Stuttgart","parent":1433,"count":941,"filter":"raw","image":""}],"tags":[{"term_id":14857,"name":"Die-Webzeitung","slug":"die-webzeitung","term_group":0,"term_taxonomy_id":14876,"taxonomy":"post_tag","description":"","parent":0,"count":3623,"filter":"raw","image":""},{"term_id":5,"name":"Internetzeitung","slug":"internetzeitung","term_group":0,"term_taxonomy_id":5,"taxonomy":"post_tag","description":"","parent":0,"count":1461,"filter":"raw","image":""},{"term_id":68,"name":"Online-Zeitung","slug":"online-zeitung","term_group":0,"term_taxonomy_id":69,"taxonomy":"post_tag","description":"","parent":0,"count":3593,"filter":"raw","image":""},{"term_id":9,"name":"SchauMedia","slug":"schaumedia","term_group":0,"term_taxonomy_id":9,"taxonomy":"post_tag","description":"","parent":0,"count":1607,"filter":"raw","image":""},{"term_id":275,"name":"Stuttgart","slug":"stuttgart","term_group":0,"term_taxonomy_id":281,"taxonomy":"post_tag","description":"","parent":0,"count":1194,"filter":"raw","image":""}]},"_links":{"self":[{"href":"https:\/\/die-webzeitung.de\/stuttgart\/wp-json\/wp\/v2\/posts\/137140","targetHints":{"allow":["GET"]}}],"collection":[{"href":"https:\/\/die-webzeitung.de\/stuttgart\/wp-json\/wp\/v2\/posts"}],"about":[{"href":"https:\/\/die-webzeitung.de\/stuttgart\/wp-json\/wp\/v2\/types\/post"}],"author":[{"embeddable":true,"href":"https:\/\/die-webzeitung.de\/stuttgart\/wp-json\/wp\/v2\/users\/4"}],"replies":[{"embeddable":true,"href":"https:\/\/die-webzeitung.de\/stuttgart\/wp-json\/wp\/v2\/comments?post=137140"}],"version-history":[{"count":1,"href":"https:\/\/die-webzeitung.de\/stuttgart\/wp-json\/wp\/v2\/posts\/137140\/revisions"}],"predecessor-version":[{"id":137141,"href":"https:\/\/die-webzeitung.de\/stuttgart\/wp-json\/wp\/v2\/posts\/137140\/revisions\/137141"}],"wp:attachment":[{"href":"https:\/\/die-webzeitung.de\/stuttgart\/wp-json\/wp\/v2\/media?parent=137140"}],"wp:term":[{"taxonomy":"category","embeddable":true,"href":"https:\/\/die-webzeitung.de\/stuttgart\/wp-json\/wp\/v2\/categories?post=137140"},{"taxonomy":"post_tag","embeddable":true,"href":"https:\/\/die-webzeitung.de\/stuttgart\/wp-json\/wp\/v2\/tags?post=137140"}],"curies":[{"name":"wp","href":"https:\/\/api.w.org\/{rel}","templated":true}]}}