{"id":137091,"date":"2019-12-11T15:03:31","date_gmt":"2019-12-11T14:03:31","guid":{"rendered":"https:\/\/die-webzeitung.de\/stuttgart\/?p=137091"},"modified":"2019-12-11T15:03:31","modified_gmt":"2019-12-11T14:03:31","slug":"kein-silvester-feuerwerk-im-bereich-schlossplatz","status":"publish","type":"post","link":"https:\/\/die-webzeitung.de\/stuttgart\/2019\/12\/11\/kein-silvester-feuerwerk-im-bereich-schlossplatz\/","title":{"rendered":"Kein Silvester-Feuerwerk im Bereich Schlossplatz"},"content":{"rendered":"<ul>\n<li style=\"text-align: justify;\"><strong>Silvester: Stadt ver\u00f6ffentlicht Allgemeinverf\u00fcgung zum Feuerwerksk\u00f6rperverbot rund um den Schlossplatz<\/strong><\/li>\n<li style=\"text-align: justify;\"><strong>Haltestelle Schlossplatz wird am Silvesterabend nicht bedient<\/strong><\/li>\n<\/ul>\n<p style=\"text-align: justify;\">Stuttgart.| Die Landeshauptstadt Stuttgart ver\u00f6ffentlicht am Donnerstag, 12. Dezember, die Regelungen zum Feuerwerksk\u00f6rperverbot auf dem Schlossplatz. Das Amt f\u00fcr \u00f6ffentliche Ordnung erl\u00e4sst hierzu eine Allgemeinverf\u00fcgung auf Grundlage des Polizeigesetzes. Demnach ist das Mitf\u00fchren oder Abbrennen von Feuerwerksk\u00f6rpern wie Raketen, B\u00f6llern und Co. von Dienstag, 31. Dezember 2019, 20 Uhr bis Mittwoch, 1. Januar 2020, 2 Uhr verboten.<\/p>\n<p style=\"text-align: justify;\">Das Verbot gilt f\u00fcr folgende Bereiche in der Stuttgarter Innenstadt: den Schlossplatz, die K\u00f6nigstra\u00dfe zwischen der Domkirche St. Eberhard und dem Geb\u00e4ude K\u00f6nigstra\u00dfe 11, die Arkaden des K\u00f6nigsbaus, die F\u00fcrstenstra\u00dfe zwischen K\u00f6nigstra\u00dfe und dem Aufzug vor den K\u00f6nigsbau-Passagen, die Treppe neben dem Kunstmuseum Stuttgart, die Richard-von-Weizs\u00e4cker-Planie zwischen K\u00f6nigstra\u00dfe und Stauffenbergplatz, den Wolfgang-Windgassen-Weg, die Stauffenbergstra\u00dfe, die Bolzstra\u00dfe zwischen Stauffenbergstra\u00dfe und dem Geb\u00e4ude Bolzstra\u00dfe 4.<\/p>\n<p style=\"text-align: justify;\"><strong>Feuerwerksk\u00f6rperverbot ist Teil des Sicherheitskonzepts f\u00fcr die Silvesterfeier<br \/>\n<\/strong>Laut Beschluss des Verwaltungsausschusses gibt es zum Jahreswechsel 2019\/2020 eine Silvester-Veranstaltung auf dem Schlossplatz. Das Feuerwerksk\u00f6rperverbot ist Teil des Sicherheitskonzepts, das die Stadt in Zusammenarbeit mit der Polizei erarbeitet. Dieses Konzept sieht vor, dass der beschriebene Geltungsbereich des Feuerwerksk\u00f6rperverbots abgesperrt und von der Polizei kontrolliert wird. Innerhalb dieses Bereichs wird eine gesonderte Veranstaltungsfl\u00e4che ausgewiesen, die ebenfalls nochmals abgesperrt und von einem Ordnungsdienst kontrolliert wird. Auf der gesamten Fl\u00e4che ist es verboten, Feuerwerksk\u00f6rper mitzuf\u00fchren oder abzubrennen.<\/p>\n<p style=\"text-align: justify;\">Rechtsgrundlage f\u00fcr die Allgemeinverf\u00fcgung zum Feuerwerksverbot sind die \u00a7\u00a7 1 und 3 des Polizeigesetzes Baden-W\u00fcrttemberg. Dr. Martin Schairer, B\u00fcrgermeister f\u00fcr Sicherheit, Ordnung und Sport, sagte am Mittwoch, 11. Dezember: \u201eWir als Stadt haben das Interesse, dass die Silvesterfeier auf dem Schlossplatz friedlich abl\u00e4uft. Deshalb werden alle erforderlichen Ma\u00dfnahmen ergriffen, um die \u00f6ffentliche Sicherheit und Ordnung zu gew\u00e4hrleisten. Ich bitte die B\u00fcrgerinnen und B\u00fcrger darum, sich an das Feuerwerksk\u00f6rperverbot zu halten. Man kann Silvester auch feiern, ohne zu b\u00f6llern.\u201c<\/p>\n<p style=\"text-align: justify;\"><strong>Stadtbahnen und Busse fahren Haltestelle Schlossplatz nicht an<br \/>\n<\/strong>Aus Sicherheitsgr\u00fcnden wird die Stadtbahn-Haltestelle Schlossplatz in der Zeit von Dienstag, 31. Dezember 2019, 21 Uhr bis Mittwoch, 1. Januar 2020, 1 Uhr voll gesperrt und von den Stadtbahnen auch nicht angefahren. Die Buslinie 42 f\u00e4hrt \u2013 wie jetzt schon w\u00e4hrend des Weihnachtsmarkts \u2013 nicht in den gesperrten Bereich der Richard-von-Weizs\u00e4cker-Planie ein und bedient daher die Haltestelle Schlossplatz nicht; Gleiches gilt f\u00fcr die Linie 44.<\/p>\n<p style=\"text-align: justify;\">Die Haltestelle Schlossplatz ist erst ab etwa 1 Uhr wieder f\u00fcr die Nachtbusse befahrbar. In der Neujahrsnacht k\u00f6nnen daher wie \u00fcblich um 1.20 Uhr, um 2 Uhr, 2.30 Uhr, 3.10 Uhr und 3.40 Uhr die Nachtbusse ab der Haltestelle Schlossplatz starten. Beim sogenannten Silvestertreffen fahren die Stadtbahnlinien U1, U6, U14 und U15 jeweils um 1.30 Uhr, 2.30 Uhr, 3.30 Uhr und die Linien U2, U7, U9 und U12 jeweils um 2 Uhr, 3 Uhr und 4 Uhr an der Haltestelle Charlottenplatz ab. Bei diesen zus\u00e4tzlichen Silvesterfahrten fahren die Linie U9 und U14 abweichend von ihrer normalen Strecke. Die U9 f\u00e4hrt \u00fcber Ostendplatz nach Hedelfingen und die U14 \u00fcber Vogelsang nach Botnang statt zum Hauptbahnhof.<\/p>\n<p style=\"text-align: justify;\"><strong>Multimediashow bildet um Mitternacht den H\u00f6hepunkt<br \/>\n<\/strong>Die Silvesterfeier wird von der in.Stuttgart Veranstaltungsgesellschaft organisiert. Einlass ist am 31. Dezember um 21 Uhr, voraussichtliches Ende am 1. Januar gegen 1 Uhr. Der Eintritt ist frei. Das Programm beginnt gegen 21.30 Uhr. Auf der B\u00fchne, die vor dem Ehrenhof des Neuen Schlosses stehen wird, treten verschiedene K\u00fcnstler auf: darunter der schw\u00e4bische Comedian Dodokay, der Generalmusikdirektor der Staatsoper Stuttgart, Cornelius Meister, die Sopranistin Alexandra Urquiola, der Freiburger Jazzchor, die Akrobatik-Show \u201eAcrodanse\u201c, die Trommelgruppe \u201eDrumaturgia\u201c sowie ein Ensemble um den Tr\u00e4ger des baden- w\u00fcrttembergischen Jazzpreises, Alexander \u201eSandi\u201c Kuhn. Den H\u00f6hepunkt der Silvester-Veranstaltung bildet die Mitternachtsshow mit Videoprojektionen, lichttechnischen Inszenierungen sowie Laser- und Spezialeffekten. Getr\u00e4nke und kleinere Speisen k\u00f6nnen vor Ort gekauft werden.<\/p>\n<hr \/>\n<p style=\"text-align: justify;\">\n","protected":false},"excerpt":{"rendered":"<p>Silvester: Stadt ver\u00f6ffentlicht Allgemeinverf\u00fcgung zum Feuerwerksk\u00f6rperverbot rund um den Schlossplatz Haltestelle Schlossplatz wird am Silvesterabend nicht bedient Stuttgart.| Die Landeshauptstadt Stuttgart ver\u00f6ffentlicht am Donnerstag, 12. Dezember, die Regelungen zum Feuerwerksk\u00f6rperverbot auf dem Schlossplatz. Das Amt f\u00fcr \u00f6ffentliche Ordnung erl\u00e4sst hierzu eine Allgemeinverf\u00fcgung auf Grundlage des Polizeigesetzes. Demnach ist das Mitf\u00fchren oder Abbrennen von Feuerwerksk\u00f6rpern wie [&hellip;]<\/p>\n","protected":false},"author":4,"featured_media":137092,"comment_status":"closed","ping_status":"open","sticky":false,"template":"","format":"standard","meta":{"inline_featured_image":false,"_exactmetrics_skip_tracking":false,"_exactmetrics_sitenote_active":false,"_exactmetrics_sitenote_note":"","_exactmetrics_sitenote_category":0,"footnotes":""},"categories":[59,2239],"tags":[14857,9728,5,12760,68,9,12733,275],"class_list":{"0":"post-137091","1":"post","2":"type-post","3":"status-publish","4":"format-standard","5":"has-post-thumbnail","7":"category-aktuell","8":"category-stuttgart-lokal","9":"tag-die-webzeitung","10":"tag-feuerwerk","11":"tag-internetzeitung","12":"tag-landeshauptstadt","13":"tag-online-zeitung","14":"tag-schaumedia","15":"tag-schlossplatz","16":"tag-stuttgart"},"image_feature":"https:\/\/die-webzeitung.de\/stuttgart\/wp-content\/uploads\/sites\/4\/2019\/12\/IMG_2100.jpg","author_name":"Redaktion","pure_taxonomies":{"categories":[{"term_id":59,"name":"Aktuell","slug":"aktuell","term_group":0,"term_taxonomy_id":60,"taxonomy":"category","description":"","parent":0,"count":1017,"filter":"raw","image":""},{"term_id":2239,"name":"Stuttgart","slug":"stuttgart-lokal","term_group":0,"term_taxonomy_id":2252,"taxonomy":"category","description":"Berichte und Informationen aus Stuttgart","parent":1433,"count":941,"filter":"raw","image":""}],"tags":[{"term_id":14857,"name":"Die-Webzeitung","slug":"die-webzeitung","term_group":0,"term_taxonomy_id":14876,"taxonomy":"post_tag","description":"","parent":0,"count":3623,"filter":"raw","image":""},{"term_id":9728,"name":"Feuerwerk","slug":"feuerwerk","term_group":0,"term_taxonomy_id":9759,"taxonomy":"post_tag","description":"","parent":0,"count":8,"filter":"raw","image":""},{"term_id":5,"name":"Internetzeitung","slug":"internetzeitung","term_group":0,"term_taxonomy_id":5,"taxonomy":"post_tag","description":"","parent":0,"count":1461,"filter":"raw","image":""},{"term_id":12760,"name":"Landeshauptstadt","slug":"landeshauptstadt","term_group":0,"term_taxonomy_id":12801,"taxonomy":"post_tag","description":"","parent":0,"count":7,"filter":"raw","image":""},{"term_id":68,"name":"Online-Zeitung","slug":"online-zeitung","term_group":0,"term_taxonomy_id":69,"taxonomy":"post_tag","description":"","parent":0,"count":3593,"filter":"raw","image":""},{"term_id":9,"name":"SchauMedia","slug":"schaumedia","term_group":0,"term_taxonomy_id":9,"taxonomy":"post_tag","description":"","parent":0,"count":1607,"filter":"raw","image":""},{"term_id":12733,"name":"Schlossplatz","slug":"schlossplatz","term_group":0,"term_taxonomy_id":12774,"taxonomy":"post_tag","description":"","parent":0,"count":8,"filter":"raw","image":""},{"term_id":275,"name":"Stuttgart","slug":"stuttgart","term_group":0,"term_taxonomy_id":281,"taxonomy":"post_tag","description":"","parent":0,"count":1194,"filter":"raw","image":""}]},"_links":{"self":[{"href":"https:\/\/die-webzeitung.de\/stuttgart\/wp-json\/wp\/v2\/posts\/137091","targetHints":{"allow":["GET"]}}],"collection":[{"href":"https:\/\/die-webzeitung.de\/stuttgart\/wp-json\/wp\/v2\/posts"}],"about":[{"href":"https:\/\/die-webzeitung.de\/stuttgart\/wp-json\/wp\/v2\/types\/post"}],"author":[{"embeddable":true,"href":"https:\/\/die-webzeitung.de\/stuttgart\/wp-json\/wp\/v2\/users\/4"}],"replies":[{"embeddable":true,"href":"https:\/\/die-webzeitung.de\/stuttgart\/wp-json\/wp\/v2\/comments?post=137091"}],"version-history":[{"count":1,"href":"https:\/\/die-webzeitung.de\/stuttgart\/wp-json\/wp\/v2\/posts\/137091\/revisions"}],"predecessor-version":[{"id":137093,"href":"https:\/\/die-webzeitung.de\/stuttgart\/wp-json\/wp\/v2\/posts\/137091\/revisions\/137093"}],"wp:featuredmedia":[{"embeddable":true,"href":"https:\/\/die-webzeitung.de\/stuttgart\/wp-json\/wp\/v2\/media\/137092"}],"wp:attachment":[{"href":"https:\/\/die-webzeitung.de\/stuttgart\/wp-json\/wp\/v2\/media?parent=137091"}],"wp:term":[{"taxonomy":"category","embeddable":true,"href":"https:\/\/die-webzeitung.de\/stuttgart\/wp-json\/wp\/v2\/categories?post=137091"},{"taxonomy":"post_tag","embeddable":true,"href":"https:\/\/die-webzeitung.de\/stuttgart\/wp-json\/wp\/v2\/tags?post=137091"}],"curies":[{"name":"wp","href":"https:\/\/api.w.org\/{rel}","templated":true}]}}