{"id":137082,"date":"2019-12-10T17:40:05","date_gmt":"2019-12-10T16:40:05","guid":{"rendered":"https:\/\/die-webzeitung.de\/stuttgart\/?p=137082"},"modified":"2019-12-10T17:40:05","modified_gmt":"2019-12-10T16:40:05","slug":"praeventionsprojekt-achtung-im-johannes-kepler-gymnasium","status":"publish","type":"post","link":"https:\/\/die-webzeitung.de\/stuttgart\/2019\/12\/10\/praeventionsprojekt-achtung-im-johannes-kepler-gymnasium\/","title":{"rendered":"Pr\u00e4ventionsprojekt &#8220;ACHTUNG?!&#8221; im Johannes-Kepler-Gymnasium"},"content":{"rendered":"<p style=\"text-align: justify;\">Stuttgart.| Polizeibeamte des Referats Pr\u00e4vention sowie zahlreiche Helfer, Unterst\u00fctzer und auch Darsteller machen sich bereit f\u00fcr die Fortsetzung des landesweiten Pr\u00e4ventionsprojekts &#8220;ACHTUNG?!&#8221; am Mittwoch, den 11. Dezember 2019 im Johannes-Kepler-Gymnasium in Stuttgart-Bad Cannstatt. Wie bei den bisherigen Auff\u00fchrungen auch, z\u00e4hlt das interaktive Theaterst\u00fcck des Theaters Q-Rage zu den zentralen Punkten des Projektes. Dabei bildet das Publikum einen unverzichtbaren Teil der Auff\u00fchrung. Gemeinsam werden die Urspr\u00fcnge von religi\u00f6sem Extremismus sowie rechtem Fanatismus er\u00f6rtert und Radikalisierungsmechanismen herausgearbeitet. Ab 09.45 Uhr nehmen rund 75 Sch\u00fclerinnen und Sch\u00fcler der Klassenstufe neun an der Auff\u00fchrung teil. Hierzu ist sind auch Pressevertreter willkommen.<\/p>\n<p style=\"text-align: justify;\">Dabei richtet sich das in Modulen aufgebaute Pr\u00e4ventionsprojekt gegen alle Formen des Extremismus, Schwerpunkte bilden jedoch der Rechtsextremismus sowie der religi\u00f6se Radikalismus. Ziel ist es, insbesondere Jugendliche der Klassenstufe neun sowie Berufssch\u00fcler zu erreichen, zu sensibilisieren und ihnen M\u00f6glichkeiten aufzuzeigen, potenziellen Radikalisierungstendenzen sicher und selbstbewusst entgegenzutreten. Auch sollen so Vorurteile und Halbwahrheiten abgebaut sowie metaphorische Mauern eingerissen werden, um so einen respektvollen Umgang miteinander zu f\u00f6rdern. In weiteren Modulen werden Lehrkr\u00e4fte sowie auch Eltern im Rahmen verschiedener Vortragsreihen durch Polizeibeamte des Referats Pr\u00e4vention geschult. Unterst\u00fctzt werden die Beamten dabei auch von Mitarbeitern der Landesstelle f\u00fcr politische Bildung. Zus\u00e4tzlich wird das Pr\u00e4ventionsprojekt von der Ausstellung &#8220;Weltethos&#8221; begleitet, die bereits seit zwei Wochen im Johannes-Kepler-Gymnasium zu sehen ist. Sch\u00fclerinnen und Sch\u00fcler haben so die M\u00f6glichkeit, anhand von Bildern und Motiven gemeinsame ethische Werte und Normen der Religionen aufzugreifen und sp\u00e4ter im Unterricht aufzuarbeiten.<\/p>\n<p style=\"text-align: justify;\">Das Pr\u00e4ventionsprojekt &#8220;ACHTUNG?!&#8221; wurde im Jahr 2015 durch das Polizeipr\u00e4sidium Ludwigsburg zusammen mit den Pr\u00e4ventionsbeauftragten des Regierungspr\u00e4sidiums Stuttgart sowie weiteren kompetenten Partnern entwickelt und bis 2018 durch F\u00f6rdermittel der Europ\u00e4ischen Union finanziert. Auf Initiative der Regierungsfraktionen des Landtages lie\u00df sich durch bereitgestellte Mittel aus dem Landeshaushalt das Projekt f\u00fcr die Jahre 2018 und 2019 fortsetzten. Die Gesamtkoordination des Projekts erfolgt durch das beim Ministerium f\u00fcr Inneres, Digitalisierung und Migration Baden-W\u00fcrttemberg angesiedelte Kompetenzzentrum gegen Extremismus in Baden-W\u00fcrttemberg (konex), welches das Projekt nach wissenschaftlichen Kriterien evaluiert und zur Information auch eine Internetseite eingerichtet hat: <a class=\"uri-ext outbound\" href=\"https:\/\/achtung.polizei-bw.de\" target=\"_blank\" rel=\"noopener noreferrer\">https:\/\/achtung.polizei-bw.de<\/a> F\u00fcr die Jahre 2018\/2019 wird das Projekt landesweit an \u00fcber 50 Schulen Halt machen. Davon alleine an f\u00fcnf Schulen in Stuttgart. Aufgrund der hohen Nachfrage und der vielen positiven Resonanz beabsichtigt das Ministerium f\u00fcr Inneres, Digitalisierung und Migration Baden-W\u00fcrttemberg das Pr\u00e4ventionsprojekt nach Auslaufen der Mittel f\u00fcr weitere zwei Jahre aus Mitteln des konex weiterzuf\u00fchren.<\/p>\n<hr \/>\n<p style=\"text-align: justify;\">\n","protected":false},"excerpt":{"rendered":"<p>Stuttgart.| Polizeibeamte des Referats Pr\u00e4vention sowie zahlreiche Helfer, Unterst\u00fctzer und auch Darsteller machen sich bereit f\u00fcr die Fortsetzung des landesweiten Pr\u00e4ventionsprojekts &#8220;ACHTUNG?!&#8221; am Mittwoch, den 11. Dezember 2019 im Johannes-Kepler-Gymnasium in Stuttgart-Bad Cannstatt. Wie bei den bisherigen Auff\u00fchrungen auch, z\u00e4hlt das interaktive Theaterst\u00fcck des Theaters Q-Rage zu den zentralen Punkten des Projektes. Dabei bildet das [&hellip;]<\/p>\n","protected":false},"author":4,"featured_media":0,"comment_status":"closed","ping_status":"open","sticky":false,"template":"","format":"standard","meta":{"inline_featured_image":false,"_exactmetrics_skip_tracking":false,"_exactmetrics_sitenote_active":false,"_exactmetrics_sitenote_note":"","_exactmetrics_sitenote_category":0,"footnotes":""},"categories":[2239],"tags":[16477,14857,5,13258,68,12101,9,275],"class_list":{"0":"post-137082","1":"post","2":"type-post","3":"status-publish","4":"format-standard","6":"category-stuttgart-lokal","7":"tag-achtung","8":"tag-die-webzeitung","9":"tag-internetzeitung","10":"tag-johannes-kepler-gymnasium","11":"tag-online-zeitung","12":"tag-pravention","13":"tag-schaumedia","14":"tag-stuttgart"},"image_feature":null,"author_name":"Redaktion","pure_taxonomies":{"categories":[{"term_id":2239,"name":"Stuttgart","slug":"stuttgart-lokal","term_group":0,"term_taxonomy_id":2252,"taxonomy":"category","description":"Berichte und Informationen aus Stuttgart","parent":1433,"count":941,"filter":"raw","image":""}],"tags":[{"term_id":16477,"name":"Achtung","slug":"achtung","term_group":0,"term_taxonomy_id":16496,"taxonomy":"post_tag","description":"","parent":0,"count":1,"filter":"raw","image":""},{"term_id":14857,"name":"Die-Webzeitung","slug":"die-webzeitung","term_group":0,"term_taxonomy_id":14876,"taxonomy":"post_tag","description":"","parent":0,"count":3623,"filter":"raw","image":""},{"term_id":5,"name":"Internetzeitung","slug":"internetzeitung","term_group":0,"term_taxonomy_id":5,"taxonomy":"post_tag","description":"","parent":0,"count":1461,"filter":"raw","image":""},{"term_id":13258,"name":"Johannes-Kepler-Gymnasium","slug":"johannes-kepler-gymnasium","term_group":0,"term_taxonomy_id":13299,"taxonomy":"post_tag","description":"","parent":0,"count":1,"filter":"raw","image":""},{"term_id":68,"name":"Online-Zeitung","slug":"online-zeitung","term_group":0,"term_taxonomy_id":69,"taxonomy":"post_tag","description":"","parent":0,"count":3593,"filter":"raw","image":""},{"term_id":12101,"name":"Pr\u00e4vention","slug":"pravention","term_group":0,"term_taxonomy_id":12139,"taxonomy":"post_tag","description":"","parent":0,"count":5,"filter":"raw","image":""},{"term_id":9,"name":"SchauMedia","slug":"schaumedia","term_group":0,"term_taxonomy_id":9,"taxonomy":"post_tag","description":"","parent":0,"count":1607,"filter":"raw","image":""},{"term_id":275,"name":"Stuttgart","slug":"stuttgart","term_group":0,"term_taxonomy_id":281,"taxonomy":"post_tag","description":"","parent":0,"count":1194,"filter":"raw","image":""}]},"_links":{"self":[{"href":"https:\/\/die-webzeitung.de\/stuttgart\/wp-json\/wp\/v2\/posts\/137082","targetHints":{"allow":["GET"]}}],"collection":[{"href":"https:\/\/die-webzeitung.de\/stuttgart\/wp-json\/wp\/v2\/posts"}],"about":[{"href":"https:\/\/die-webzeitung.de\/stuttgart\/wp-json\/wp\/v2\/types\/post"}],"author":[{"embeddable":true,"href":"https:\/\/die-webzeitung.de\/stuttgart\/wp-json\/wp\/v2\/users\/4"}],"replies":[{"embeddable":true,"href":"https:\/\/die-webzeitung.de\/stuttgart\/wp-json\/wp\/v2\/comments?post=137082"}],"version-history":[{"count":1,"href":"https:\/\/die-webzeitung.de\/stuttgart\/wp-json\/wp\/v2\/posts\/137082\/revisions"}],"predecessor-version":[{"id":137083,"href":"https:\/\/die-webzeitung.de\/stuttgart\/wp-json\/wp\/v2\/posts\/137082\/revisions\/137083"}],"wp:attachment":[{"href":"https:\/\/die-webzeitung.de\/stuttgart\/wp-json\/wp\/v2\/media?parent=137082"}],"wp:term":[{"taxonomy":"category","embeddable":true,"href":"https:\/\/die-webzeitung.de\/stuttgart\/wp-json\/wp\/v2\/categories?post=137082"},{"taxonomy":"post_tag","embeddable":true,"href":"https:\/\/die-webzeitung.de\/stuttgart\/wp-json\/wp\/v2\/tags?post=137082"}],"curies":[{"name":"wp","href":"https:\/\/api.w.org\/{rel}","templated":true}]}}