{"id":137029,"date":"2019-12-06T15:44:04","date_gmt":"2019-12-06T14:44:04","guid":{"rendered":"https:\/\/die-webzeitung.de\/stuttgart\/?p=137029"},"modified":"2019-12-06T15:44:04","modified_gmt":"2019-12-06T14:44:04","slug":"drei-tvb-spieler-im-aufgebot-der-nationalmannschaft","status":"publish","type":"post","link":"https:\/\/die-webzeitung.de\/stuttgart\/2019\/12\/06\/drei-tvb-spieler-im-aufgebot-der-nationalmannschaft\/","title":{"rendered":"Drei TVB-Spieler im Aufgebot der Nationalmannschaft"},"content":{"rendered":"<p style=\"text-align: justify;\">Stuttgart.| Bundestrainer Christian Prokop hat gleich drei Spieler des TVB Stuttgart in den vorl\u00e4ufigen 28er-Kader f\u00fcr die bevorstehende Europameisterschaft in Norwegen, Schweden und \u00d6sterreich berufen. Torh\u00fcter Johannes Bitter, R\u00fcckraumspieler David Schmidt und Linksau\u00dfen Patrick Zieker wurden von Prokop ber\u00fccksichtigt.<\/p>\n<p style=\"text-align: justify;\">Damit stellt der TVB zum ersten Mal in seiner Klubgeschichte drei deutsche Nationalspieler auf einmal ab. Das Turnier startet am 10. Januar 2020 und endet mit dem Finale am 29. Januar 2020 in Stockholm. Die Bekanntgabe des endg\u00fcltigen 16er- Kaders f\u00fcr die Europameisterschaft erfolgt am 8. Januar beim Technical Meeting in Trondheim.<\/p>\n<p style=\"text-align: justify;\">Patrick Zieker hat in der bisherigen LIQUI-MOLY HBL-Saison 78 Tore in 14 Spielen erzielen k\u00f6nnen und weist dabei eine Trefferquote von 76% auf. David Schmidt verpasste aufgrund einer Verletzung aus der Vorsaison zwar den Rundenstart, ist aber seit 11 Spielen auf der rechten R\u00fcckraum-Position gesetzt und traf seither 52 Mal. Insgesamt war Schmidt in 43 Partien f\u00fcr den TVB 184 Mal erfolgreich.<\/p>\n<p style=\"text-align: justify;\">Johannes Bitter, der bereits in der Vergangenheit 144 Spiele f\u00fcr die Nationalmannschaft absolvierte und 2007 die Weltmeisterschaft gewann, kehrt somit nach seiner letzten Nominierung im Dezember 2017 wieder in die Auswahl des DHB zur\u00fcck. In der laufenden Saison f\u00fchrt der 2,05 Meter gro\u00dfe Bitter mit 138 Paraden die Torh\u00fcter- Statistik des deutschen Handball-Oberhauses an.<\/p>\n<p style=\"text-align: justify;\">\u201eWir freuen uns sehr f\u00fcr David, Patrick und Jogi. Diese Nominierung best\u00e4tigt ihre konstant guten Leistungen in den vergangenen Monaten. Dar\u00fcber hinaus macht es auch uns als Verein stolz, gleich drei Spieler des Nationalmannschaftskaders stellen zu d\u00fcrfen. Das ist ein beeindruckendes Indiz f\u00fcr die Entwicklung, die dieser Verein in den letzten Jahren genommen hat. Wir dr\u00fccken unseren Jungs die Daumen und w\u00fcnschen ihnen, dass sie den Sprung in den endg\u00fcltigen Kader schaffen\u201c, so TVB-Gesch\u00e4ftsf\u00fchrer J\u00fcrgen Schweikardt.<\/p>\n<hr \/>\n<p style=\"text-align: justify;\">\n","protected":false},"excerpt":{"rendered":"<p>Stuttgart.| Bundestrainer Christian Prokop hat gleich drei Spieler des TVB Stuttgart in den vorl\u00e4ufigen 28er-Kader f\u00fcr die bevorstehende Europameisterschaft in Norwegen, Schweden und \u00d6sterreich berufen. Torh\u00fcter Johannes Bitter, R\u00fcckraumspieler David Schmidt und Linksau\u00dfen Patrick Zieker wurden von Prokop ber\u00fccksichtigt. Damit stellt der TVB zum ersten Mal in seiner Klubgeschichte drei deutsche Nationalspieler auf einmal ab. [&hellip;]<\/p>\n","protected":false},"author":4,"featured_media":0,"comment_status":"closed","ping_status":"open","sticky":false,"template":"","format":"standard","meta":{"inline_featured_image":false,"_exactmetrics_skip_tracking":false,"_exactmetrics_sitenote_active":false,"_exactmetrics_sitenote_note":"","_exactmetrics_sitenote_category":0,"footnotes":""},"categories":[59,110],"tags":[131,14857,133,5,68,9,14220],"class_list":{"0":"post-137029","1":"post","2":"type-post","3":"status-publish","4":"format-standard","6":"category-aktuell","7":"category-sport","8":"tag-bundesliga","9":"tag-die-webzeitung","10":"tag-handball","11":"tag-internetzeitung","12":"tag-online-zeitung","13":"tag-schaumedia","14":"tag-tvb"},"image_feature":null,"author_name":"Redaktion","pure_taxonomies":{"categories":[{"term_id":59,"name":"Aktuell","slug":"aktuell","term_group":0,"term_taxonomy_id":60,"taxonomy":"category","description":"","parent":0,"count":1017,"filter":"raw","image":""},{"term_id":110,"name":"Sport","slug":"sport","term_group":0,"term_taxonomy_id":112,"taxonomy":"category","description":"Sportberichte","parent":0,"count":1043,"filter":"raw","image":""}],"tags":[{"term_id":131,"name":"Bundesliga","slug":"bundesliga","term_group":0,"term_taxonomy_id":133,"taxonomy":"post_tag","description":"","parent":0,"count":699,"filter":"raw","image":""},{"term_id":14857,"name":"Die-Webzeitung","slug":"die-webzeitung","term_group":0,"term_taxonomy_id":14876,"taxonomy":"post_tag","description":"","parent":0,"count":3623,"filter":"raw","image":""},{"term_id":133,"name":"Handball","slug":"handball","term_group":0,"term_taxonomy_id":135,"taxonomy":"post_tag","description":"","parent":0,"count":387,"filter":"raw","image":""},{"term_id":5,"name":"Internetzeitung","slug":"internetzeitung","term_group":0,"term_taxonomy_id":5,"taxonomy":"post_tag","description":"","parent":0,"count":1461,"filter":"raw","image":""},{"term_id":68,"name":"Online-Zeitung","slug":"online-zeitung","term_group":0,"term_taxonomy_id":69,"taxonomy":"post_tag","description":"","parent":0,"count":3593,"filter":"raw","image":""},{"term_id":9,"name":"SchauMedia","slug":"schaumedia","term_group":0,"term_taxonomy_id":9,"taxonomy":"post_tag","description":"","parent":0,"count":1607,"filter":"raw","image":""},{"term_id":14220,"name":"TVB","slug":"tvb","term_group":0,"term_taxonomy_id":14254,"taxonomy":"post_tag","description":"","parent":0,"count":81,"filter":"raw","image":""}]},"_links":{"self":[{"href":"https:\/\/die-webzeitung.de\/stuttgart\/wp-json\/wp\/v2\/posts\/137029","targetHints":{"allow":["GET"]}}],"collection":[{"href":"https:\/\/die-webzeitung.de\/stuttgart\/wp-json\/wp\/v2\/posts"}],"about":[{"href":"https:\/\/die-webzeitung.de\/stuttgart\/wp-json\/wp\/v2\/types\/post"}],"author":[{"embeddable":true,"href":"https:\/\/die-webzeitung.de\/stuttgart\/wp-json\/wp\/v2\/users\/4"}],"replies":[{"embeddable":true,"href":"https:\/\/die-webzeitung.de\/stuttgart\/wp-json\/wp\/v2\/comments?post=137029"}],"version-history":[{"count":1,"href":"https:\/\/die-webzeitung.de\/stuttgart\/wp-json\/wp\/v2\/posts\/137029\/revisions"}],"predecessor-version":[{"id":137030,"href":"https:\/\/die-webzeitung.de\/stuttgart\/wp-json\/wp\/v2\/posts\/137029\/revisions\/137030"}],"wp:attachment":[{"href":"https:\/\/die-webzeitung.de\/stuttgart\/wp-json\/wp\/v2\/media?parent=137029"}],"wp:term":[{"taxonomy":"category","embeddable":true,"href":"https:\/\/die-webzeitung.de\/stuttgart\/wp-json\/wp\/v2\/categories?post=137029"},{"taxonomy":"post_tag","embeddable":true,"href":"https:\/\/die-webzeitung.de\/stuttgart\/wp-json\/wp\/v2\/tags?post=137029"}],"curies":[{"name":"wp","href":"https:\/\/api.w.org\/{rel}","templated":true}]}}