{"id":137009,"date":"2019-12-02T16:58:30","date_gmt":"2019-12-02T15:58:30","guid":{"rendered":"https:\/\/die-webzeitung.de\/stuttgart\/?p=137009"},"modified":"2019-12-02T16:58:30","modified_gmt":"2019-12-02T15:58:30","slug":"verkehrsueberwachung-stellt-drei-neue-teilstationaere-blitzer-auf","status":"publish","type":"post","link":"https:\/\/die-webzeitung.de\/stuttgart\/2019\/12\/02\/verkehrsueberwachung-stellt-drei-neue-teilstationaere-blitzer-auf\/","title":{"rendered":"Verkehrs\u00fcberwachung stellt drei neue teilstation\u00e4re Blitzer auf"},"content":{"rendered":"<p style=\"text-align: justify;\">Stuttgart.| Die Verkehrs\u00fcberwachung der Landeshauptstadt Stuttgart nimmt drei neue mobile Geschwindigkeitsmessanlagen \u2013 sogenannte \u201eteilstation\u00e4re\u201c Blitzer \u2013 in Betrieb. Derartige Anlagen geh\u00f6ren in Frankreich und der Schweiz schon l\u00e4nger zum Stra\u00dfenbild. In Deutschland steigt ihre Verbreitung innerorts wie au\u00dferorts. Die erste Anlage ist am Montag, 2. Dezember, im Seeblickweg in Stuttgart-Hofen aufgestellt worden. Am Dienstag, 3. Dezember, werden die zwei weiteren Anlagen im Bereich Am Neckartor und an der Pragstra\u00dfe positioniert.<\/p>\n<p style=\"text-align: justify;\">Die Verkehrs\u00fcberwachung der Stadt Stuttgart hat bereits testweise Erfahrungen mit diesen modernen und mobilen Messanlagen an der Planckstra\u00dfe und Am Neckartor gesammelt. Susanne Scherz, Leiterin der Abteilung Stra\u00dfenverkehr beim Amt f\u00fcr \u00f6ffentliche Ordnung, sagte: \u201eDie Auswertungen haben gezeigt, dass sich \u00fcberh\u00f6hte Geschwindigkeitsspitzen nachhaltig reduzieren lassen.\u201c Schon jetzt werden die Verkehrsteilnehmer an vielen Stellen in Stuttgart \u00fcber Anzeigetafeln auf ihre Fahrgeschwindigkeit hingewiesen. \u201eK\u00fcnftig erfolgen in Stuttgart vermehrt Kontrollen \u2013 an verschiedenen Standorten und auch nachts. Unser Ziel ist es, zu schnelles und unfalltr\u00e4chtiges Fahren zu vermeiden und durch eine Harmonisierung des Verkehrsflusses den Schadstoffaussto\u00df zu vermindern\u201c, so Scherz weiter.<\/p>\n<p style=\"text-align: justify;\">Beispielsweise an der Kreuzung Seeblickweg\/Benzen\u00e4ckerstra\u00dfe gab es in den vergangenen Jahren t\u00f6dliche Verkehrsunf\u00e4lle. Polizei und st\u00e4dtische Verkehrs\u00fcberwachung haben ermittelt, dass es im Streckenverlauf des Seeblickwegs \u2013 insbesondere in den Nachtstunden \u2013 zu erheblichen Geschwindigkeits\u00fcberschreitungen kommt. Der dort nun aufgestellte teilstation\u00e4re Blitzer verbleibt dort mindestens eine Woche.<\/p>\n<p style=\"text-align: justify;\"><strong>Anlagen sind mit modernster Technik ausgestattet<br \/>\n<\/strong>Der Leiter der st\u00e4dtischen Verkehrs\u00fcberwachung, Joachim Elser, erkl\u00e4rte: \u201eDie teilstation\u00e4ren Messanlagen sind als Anh\u00e4nger mobil einsetzbar und verf\u00fcgen \u00fcber modernste, digitale Verkehrs\u00fcberwachungstechnik.\u201c In den Anh\u00e4ngern seien Mess- und Kameratechnik mit eigener Stromversorgung \u00fcber Batterien verbaut. \u201eSobald sie installiert und justiert sind, k\u00f6nnen sie mehrere Tage lang mehrere Fahrstreifen gleichzeitig \u00fcberwachen\u201c, sagte Elser. Ihm zufolge seien die Anh\u00e4nger sehr gut vor Vandalismus gesch\u00fctzt.<\/p>\n<p style=\"text-align: justify;\">Laut Auskunft des Amts f\u00fcr \u00f6ffentliche Ordnung erm\u00f6glichen teilstation\u00e4re Geschwindigkeitsmessanlagen die gleichzeitige \u00dcberwachung von zwei Fahrtrichtungen \u2013 je nach Standort auch \u00fcber mehrere Fahrstreifen. Dabei arbeitet das System \u2013 abh\u00e4ngig vom Verkehrsaufkommen \u2013 dank seines Akkubetriebs bis zu einer Woche autark, vergleichbar mit einer station\u00e4ren Anlage. Das System ist in einem versenkbaren und anschlagsicheren Anh\u00e4nger untergebracht und kann jederzeit an einen neuen, geeigneten Standort verbracht werden. Durch den drehbaren Aufsatz kann der Anh\u00e4nger frei aufgestellt werden, was die Einsatzm\u00f6glichkeiten um ein Vielfaches erh\u00f6ht.<\/p>\n<p style=\"text-align: justify;\"><strong>Ma\u00dfnahme beugt einem erh\u00f6hten Schadstoffaussto\u00df im Stra\u00dfenverkehr vor<br \/>\n<\/strong>Der Betrieb der teilstation\u00e4ren Geschwindigkeits\u00fcberwachungsanlagen sind Bestandteil der Ma\u00dfnahme \u201eDigitale Verkehrsflussoptimierung\u201c des Green City Masterplans der Landeshauptstadt Stuttgart. Mit der Verstetigung des Verkehrsflusses werden erh\u00f6hte Beschleunigungen reduziert, die sonst zu \u00fcberproportionalem Stickoxid-Aussto\u00df f\u00fchren. Daher werden die Anlagen auch an Tempo-40-Strecken zum Einsatz kommen.<\/p>\n<hr \/>\n<p style=\"text-align: justify;\">\n","protected":false},"excerpt":{"rendered":"<p>Stuttgart.| Die Verkehrs\u00fcberwachung der Landeshauptstadt Stuttgart nimmt drei neue mobile Geschwindigkeitsmessanlagen \u2013 sogenannte \u201eteilstation\u00e4re\u201c Blitzer \u2013 in Betrieb. Derartige Anlagen geh\u00f6ren in Frankreich und der Schweiz schon l\u00e4nger zum Stra\u00dfenbild. In Deutschland steigt ihre Verbreitung innerorts wie au\u00dferorts. Die erste Anlage ist am Montag, 2. Dezember, im Seeblickweg in Stuttgart-Hofen aufgestellt worden. Am Dienstag, 3. [&hellip;]<\/p>\n","protected":false},"author":4,"featured_media":137010,"comment_status":"closed","ping_status":"open","sticky":false,"template":"","format":"standard","meta":{"inline_featured_image":false,"_exactmetrics_skip_tracking":false,"_exactmetrics_sitenote_active":false,"_exactmetrics_sitenote_note":"","_exactmetrics_sitenote_category":0,"footnotes":""},"categories":[59,2239],"tags":[12420,14857,68,9,275,16474],"class_list":{"0":"post-137009","1":"post","2":"type-post","3":"status-publish","4":"format-standard","5":"has-post-thumbnail","7":"category-aktuell","8":"category-stuttgart-lokal","9":"tag-blitzer","10":"tag-die-webzeitung","11":"tag-online-zeitung","12":"tag-schaumedia","13":"tag-stuttgart","14":"tag-verkehrsueberwachung"},"image_feature":"https:\/\/die-webzeitung.de\/stuttgart\/wp-content\/uploads\/sites\/4\/2019\/12\/LHS-Verkehrsu\u0308berwachung-stellt-drei-neue-teilstationa\u0308re-Blitzer-auf-021219_LHS_Thomas-Wagner.jpg","author_name":"Redaktion","pure_taxonomies":{"categories":[{"term_id":59,"name":"Aktuell","slug":"aktuell","term_group":0,"term_taxonomy_id":60,"taxonomy":"category","description":"","parent":0,"count":1017,"filter":"raw","image":""},{"term_id":2239,"name":"Stuttgart","slug":"stuttgart-lokal","term_group":0,"term_taxonomy_id":2252,"taxonomy":"category","description":"Berichte und Informationen aus Stuttgart","parent":1433,"count":941,"filter":"raw","image":""}],"tags":[{"term_id":12420,"name":"Blitzer","slug":"blitzer","term_group":0,"term_taxonomy_id":12458,"taxonomy":"post_tag","description":"","parent":0,"count":2,"filter":"raw","image":""},{"term_id":14857,"name":"Die-Webzeitung","slug":"die-webzeitung","term_group":0,"term_taxonomy_id":14876,"taxonomy":"post_tag","description":"","parent":0,"count":3623,"filter":"raw","image":""},{"term_id":68,"name":"Online-Zeitung","slug":"online-zeitung","term_group":0,"term_taxonomy_id":69,"taxonomy":"post_tag","description":"","parent":0,"count":3593,"filter":"raw","image":""},{"term_id":9,"name":"SchauMedia","slug":"schaumedia","term_group":0,"term_taxonomy_id":9,"taxonomy":"post_tag","description":"","parent":0,"count":1607,"filter":"raw","image":""},{"term_id":275,"name":"Stuttgart","slug":"stuttgart","term_group":0,"term_taxonomy_id":281,"taxonomy":"post_tag","description":"","parent":0,"count":1194,"filter":"raw","image":""},{"term_id":16474,"name":"Verkehrs\u00fcberwachung","slug":"verkehrsueberwachung","term_group":0,"term_taxonomy_id":16493,"taxonomy":"post_tag","description":"","parent":0,"count":1,"filter":"raw","image":""}]},"_links":{"self":[{"href":"https:\/\/die-webzeitung.de\/stuttgart\/wp-json\/wp\/v2\/posts\/137009","targetHints":{"allow":["GET"]}}],"collection":[{"href":"https:\/\/die-webzeitung.de\/stuttgart\/wp-json\/wp\/v2\/posts"}],"about":[{"href":"https:\/\/die-webzeitung.de\/stuttgart\/wp-json\/wp\/v2\/types\/post"}],"author":[{"embeddable":true,"href":"https:\/\/die-webzeitung.de\/stuttgart\/wp-json\/wp\/v2\/users\/4"}],"replies":[{"embeddable":true,"href":"https:\/\/die-webzeitung.de\/stuttgart\/wp-json\/wp\/v2\/comments?post=137009"}],"version-history":[{"count":1,"href":"https:\/\/die-webzeitung.de\/stuttgart\/wp-json\/wp\/v2\/posts\/137009\/revisions"}],"predecessor-version":[{"id":137011,"href":"https:\/\/die-webzeitung.de\/stuttgart\/wp-json\/wp\/v2\/posts\/137009\/revisions\/137011"}],"wp:featuredmedia":[{"embeddable":true,"href":"https:\/\/die-webzeitung.de\/stuttgart\/wp-json\/wp\/v2\/media\/137010"}],"wp:attachment":[{"href":"https:\/\/die-webzeitung.de\/stuttgart\/wp-json\/wp\/v2\/media?parent=137009"}],"wp:term":[{"taxonomy":"category","embeddable":true,"href":"https:\/\/die-webzeitung.de\/stuttgart\/wp-json\/wp\/v2\/categories?post=137009"},{"taxonomy":"post_tag","embeddable":true,"href":"https:\/\/die-webzeitung.de\/stuttgart\/wp-json\/wp\/v2\/tags?post=137009"}],"curies":[{"name":"wp","href":"https:\/\/api.w.org\/{rel}","templated":true}]}}