{"id":136953,"date":"2019-11-27T16:46:19","date_gmt":"2019-11-27T15:46:19","guid":{"rendered":"https:\/\/die-webzeitung.de\/stuttgart\/?p=136953"},"modified":"2019-11-27T16:46:19","modified_gmt":"2019-11-27T15:46:19","slug":"demos-freitagmittag-verkehrsbehinderungen-in-der-innenstadt-erwartet","status":"publish","type":"post","link":"https:\/\/die-webzeitung.de\/stuttgart\/2019\/11\/27\/demos-freitagmittag-verkehrsbehinderungen-in-der-innenstadt-erwartet\/","title":{"rendered":"Demos: Freitagmittag Verkehrsbehinderungen in der Innenstadt erwartet"},"content":{"rendered":"<p style=\"text-align: justify;\">Stuttgart.| F\u00fcr die Landeshauptstadt Stuttgart sind <strong>am Freitag, 29. November<\/strong>, mehrere Demonstrationen angemeldet, die zu Stra\u00dfensperrungen und erheblichen Verkehrsbehinderungen im Innenstadtbereich f\u00fchren werden.<\/p>\n<p style=\"text-align: justify;\">Es findet ein Sternmarsch anl\u00e4sslich der kommenden UN-Klimakonferenz in Madrid statt. Von den Ausgangspunkten H\u00f6lderlinplatz (Traubenstra\u00dfe) im Westen, Erwin- Schoettle-Platz im S\u00fcden und Presselstra\u00dfe im Norden f\u00fchren Aufz\u00fcge \u00fcber drei Routen zur Abschlusskundgebung in der Schillerstra\u00dfe\/Arnulf-Klett-Platz. Au\u00dferdem wird ein Fahrradaufzug von Esslingen nach Stuttgart fahren, um sich zur Abschlusskundgebung auf der Schillerstra\u00dfe einzufinden.<\/p>\n<p style=\"text-align: justify;\">Die Aufz\u00fcge werden von 12:00 bis 14:00 Uhr stattfinden. Von den hierf\u00fcr notwendigen, vor\u00fcbergehenden Stra\u00dfensperrungen sind zeitweilig auch die Bundesstra\u00dfen B 27\/27a Heilbronner Stra\u00dfe, Friedrichstra\u00dfe und Theodor-Heuss- Stra\u00dfe und B 14 Willy-Brandt-Stra\u00dfe betroffen. Die Abschlusskundgebung in der Schillerstra\u00dfe dauert von ca. 14 bis 16 Uhr. Hierf\u00fcr wird die Schillerstra\u00dfe in beiden Richtungen gesperrt.<\/p>\n<p style=\"text-align: justify;\">Es wird mit erheblichen Verkehrsbehinderungen in der gesamten Innenstadt einschlie\u00dflich des City-Rings gerechnet.<\/p>\n<p style=\"text-align: justify;\">Von den Sperrungen ebenfalls betroffen sind die Stadtbahnlinien U1, U4, U5, U6, U7, U9, U15, U34 sowie die Buslinien 40, 41, 42, 43, 44, 92 und X2. Diese Linien werden zeitweise unterbrochen. Die Buslinie X1 wird zeitweise eingestellt. Es kann deshalb zu Fahrplanabweichungen und Fahrtausf\u00e4llen kommen.<\/p>\n<p style=\"text-align: justify;\">Die Auswirkungen der Sperrungen werden sowohl f\u00fcr den \u00d6PNV als auch f\u00fcr den Autoverkehr nach den Sperrungen noch andauern. Die Stadt bittet Verkehrsteilnehmer, den gesamten Innenstadtbereich einschlie\u00dflich der Bundesstra\u00dfen B 27\/27a und B 14 in den genannten Zeitr\u00e4umen weitr\u00e4umig zu umfahren, auf andere Zeitbereiche auszuweichen oder auf die S-Bahn-Linien oder nicht betroffenen Stadtbahnlinien umzusteigen.<\/p>\n<p style=\"text-align: justify;\">Die Integrierte Verkehrsleitzentrale wird \u00fcber Variotafeln und Verkehrsmeldungen auf die Sperrungen und Verkehrsbehinderungen hinweisen.<\/p>\n<hr \/>\n<p style=\"text-align: justify;\">\n","protected":false},"excerpt":{"rendered":"<p>Stuttgart.| F\u00fcr die Landeshauptstadt Stuttgart sind am Freitag, 29. November, mehrere Demonstrationen angemeldet, die zu Stra\u00dfensperrungen und erheblichen Verkehrsbehinderungen im Innenstadtbereich f\u00fchren werden. Es findet ein Sternmarsch anl\u00e4sslich der kommenden UN-Klimakonferenz in Madrid statt. Von den Ausgangspunkten H\u00f6lderlinplatz (Traubenstra\u00dfe) im Westen, Erwin- Schoettle-Platz im S\u00fcden und Presselstra\u00dfe im Norden f\u00fchren Aufz\u00fcge \u00fcber drei Routen zur [&hellip;]<\/p>\n","protected":false},"author":4,"featured_media":136954,"comment_status":"closed","ping_status":"open","sticky":false,"template":"","format":"standard","meta":{"inline_featured_image":false,"_exactmetrics_skip_tracking":false,"_exactmetrics_sitenote_active":false,"_exactmetrics_sitenote_note":"","_exactmetrics_sitenote_category":0,"footnotes":""},"categories":[59,2239],"tags":[12274,12534,14857,12564,5,68,9,275],"class_list":{"0":"post-136953","1":"post","2":"type-post","3":"status-publish","4":"format-standard","5":"has-post-thumbnail","7":"category-aktuell","8":"category-stuttgart-lokal","9":"tag-demo","10":"tag-demonstration","11":"tag-die-webzeitung","12":"tag-innenstadt","13":"tag-internetzeitung","14":"tag-online-zeitung","15":"tag-schaumedia","16":"tag-stuttgart"},"image_feature":"https:\/\/die-webzeitung.de\/stuttgart\/wp-content\/uploads\/sites\/4\/2019\/11\/human-592734_1920.jpg","author_name":"Redaktion","pure_taxonomies":{"categories":[{"term_id":59,"name":"Aktuell","slug":"aktuell","term_group":0,"term_taxonomy_id":60,"taxonomy":"category","description":"","parent":0,"count":1017,"filter":"raw","image":""},{"term_id":2239,"name":"Stuttgart","slug":"stuttgart-lokal","term_group":0,"term_taxonomy_id":2252,"taxonomy":"category","description":"Berichte und Informationen aus Stuttgart","parent":1433,"count":941,"filter":"raw","image":""}],"tags":[{"term_id":12274,"name":"Demo","slug":"demo","term_group":0,"term_taxonomy_id":12312,"taxonomy":"post_tag","description":"","parent":0,"count":12,"filter":"raw","image":""},{"term_id":12534,"name":"Demonstration","slug":"demonstration","term_group":0,"term_taxonomy_id":12574,"taxonomy":"post_tag","description":"","parent":0,"count":16,"filter":"raw","image":""},{"term_id":14857,"name":"Die-Webzeitung","slug":"die-webzeitung","term_group":0,"term_taxonomy_id":14876,"taxonomy":"post_tag","description":"","parent":0,"count":3623,"filter":"raw","image":""},{"term_id":12564,"name":"Innenstadt","slug":"innenstadt","term_group":0,"term_taxonomy_id":12604,"taxonomy":"post_tag","description":"","parent":0,"count":11,"filter":"raw","image":""},{"term_id":5,"name":"Internetzeitung","slug":"internetzeitung","term_group":0,"term_taxonomy_id":5,"taxonomy":"post_tag","description":"","parent":0,"count":1461,"filter":"raw","image":""},{"term_id":68,"name":"Online-Zeitung","slug":"online-zeitung","term_group":0,"term_taxonomy_id":69,"taxonomy":"post_tag","description":"","parent":0,"count":3593,"filter":"raw","image":""},{"term_id":9,"name":"SchauMedia","slug":"schaumedia","term_group":0,"term_taxonomy_id":9,"taxonomy":"post_tag","description":"","parent":0,"count":1607,"filter":"raw","image":""},{"term_id":275,"name":"Stuttgart","slug":"stuttgart","term_group":0,"term_taxonomy_id":281,"taxonomy":"post_tag","description":"","parent":0,"count":1194,"filter":"raw","image":""}]},"_links":{"self":[{"href":"https:\/\/die-webzeitung.de\/stuttgart\/wp-json\/wp\/v2\/posts\/136953","targetHints":{"allow":["GET"]}}],"collection":[{"href":"https:\/\/die-webzeitung.de\/stuttgart\/wp-json\/wp\/v2\/posts"}],"about":[{"href":"https:\/\/die-webzeitung.de\/stuttgart\/wp-json\/wp\/v2\/types\/post"}],"author":[{"embeddable":true,"href":"https:\/\/die-webzeitung.de\/stuttgart\/wp-json\/wp\/v2\/users\/4"}],"replies":[{"embeddable":true,"href":"https:\/\/die-webzeitung.de\/stuttgart\/wp-json\/wp\/v2\/comments?post=136953"}],"version-history":[{"count":1,"href":"https:\/\/die-webzeitung.de\/stuttgart\/wp-json\/wp\/v2\/posts\/136953\/revisions"}],"predecessor-version":[{"id":136955,"href":"https:\/\/die-webzeitung.de\/stuttgart\/wp-json\/wp\/v2\/posts\/136953\/revisions\/136955"}],"wp:featuredmedia":[{"embeddable":true,"href":"https:\/\/die-webzeitung.de\/stuttgart\/wp-json\/wp\/v2\/media\/136954"}],"wp:attachment":[{"href":"https:\/\/die-webzeitung.de\/stuttgart\/wp-json\/wp\/v2\/media?parent=136953"}],"wp:term":[{"taxonomy":"category","embeddable":true,"href":"https:\/\/die-webzeitung.de\/stuttgart\/wp-json\/wp\/v2\/categories?post=136953"},{"taxonomy":"post_tag","embeddable":true,"href":"https:\/\/die-webzeitung.de\/stuttgart\/wp-json\/wp\/v2\/tags?post=136953"}],"curies":[{"name":"wp","href":"https:\/\/api.w.org\/{rel}","templated":true}]}}