{"id":136946,"date":"2019-11-27T16:28:36","date_gmt":"2019-11-27T15:28:36","guid":{"rendered":"https:\/\/die-webzeitung.de\/stuttgart\/?p=136946"},"modified":"2019-11-27T16:28:36","modified_gmt":"2019-11-27T15:28:36","slug":"die-schoenbuchbahn-kommt","status":"publish","type":"post","link":"https:\/\/die-webzeitung.de\/stuttgart\/2019\/11\/27\/die-schoenbuchbahn-kommt\/","title":{"rendered":"Die Sch\u00f6nbuchbahn kommt"},"content":{"rendered":"<h5 style=\"text-align: justify;\"><strong>Schnupperfahrten und gro\u00dfes Er\u00f6ffnungsfest f\u00fcr alle interessierten B\u00fcrger und Familien mit Kindern am Samstag, 14. Dezember<\/strong><\/h5>\n<p style=\"text-align: justify;\">Kreis B\u00f6blingen.| Die Sch\u00f6nbuchbahn kommt &#8211; mit Schnupperfahrten und einem gro\u00dfen Er\u00f6ffnungsfest f\u00fcr alle interessierten B\u00fcrger und Familien mit Kindern am Samstag, 14. Dezember. Die Schnupperfahrten sind kostenlos und verkehren ab 11 Uhr \u00a0zwischen Dettenhausen und B\u00f6blingen mit Stopp an allen Haltestellen der Sch\u00f6nbuchbahnstrecke. Nach dem Ausbau und der Elektrifizierung kommen an diesem Tag erstmals \u00a0angemietete Elektrotriebwagen zum Einsatz.<\/p>\n<p style=\"text-align: justify;\">Das Fest zur Er\u00f6ffnung beginnt ab ca. 11.45 Uhr im neuen Betriebswerk neben dem B\u00f6blinger Bahnhof in der Talstra\u00dfe. F\u00fcr Erwachsene und Kinder gibt es dort ein vielf\u00e4ltiges B\u00fchnen- und Rahmenprogramm. Nach Konzerteinlagen der Bigband des B\u00f6blinger Albert-Einstein-Gymnasiums werden Landrat Roland Bernhard, Landesverkehrsminister Winfried Hermann und Oberb\u00fcrgermeister Dr. Stefan Belz Festreden halten. Der Chor des Landratsamtes wird eine eigens gedichtete Version des Klassikers \u201eAuf der schw\u00e4bsche Eisebahne\u201c anstimmen und die Besucher zum Mitsingen einladen.. Ab 14 bis 18 Uhr unterhalten die Schoabach-Musikanten sowie die Majoretten des SV B\u00f6blingen und die Flugfeldmoves mit Tanzauftritten das Publikum.<\/p>\n<p style=\"text-align: justify;\">Das Rahmenprogramm l\u00e4dt vor allem Kinder zwischen 14 und 18 Uhr zum Staunen und Mitmachen bei verschiedenen Aktionen ein. Auch eine Modelleisenbahnlandschaft zum Selbststeuern steht bereit.<\/p>\n<p style=\"text-align: justify;\">Speisen und Getr\u00e4nke sind durchgehend erh\u00e4ltlich. Der Parkplatz des Finanzamtes B\u00f6blingen in der Talstra\u00dfe gegen\u00fcber dem Betriebswerk der Sch\u00f6nbuchbahn ist ge\u00f6ffnet und kann von den Besuchern genutzt werden, die nicht mit Bus oder Bahn anreisen.<\/p>\n<p style=\"text-align: justify;\">Der Zweckverband Sch\u00f6nbuchbahn pr\u00e4sentiert zudem die Bau- und Renaturierungsma\u00dfnahmen und der VVS begleitet das Fest mit seinem Informationsangebot. Das Programm findet man auf der Internetseite <a href=\"http:\/\/www.lrabb.de\/sbb\" target=\"_blank\" rel=\"noopener noreferrer\">www.lrabb.de\/sbb<\/a>.<\/p>\n<p style=\"text-align: justify;\">Nach fast zwei Jahren und drei Monaten f\u00e4hrt die\u00a0 Sch\u00f6nbuchbahn wieder auf der gesamten Strecke zwischen B\u00f6blingen und Dettenhausen &#8211; ab 15. Dezember nach Fahrplan. Neben dem teilweisen Elektrobetrieb ist auch der Viertelstundentakt zwischen B\u00f6blingen und Holzgerlingen in den Hauptverkehrszeiten und zum Schulschluss eine der wesentlichen Verbesserungen durch das Ausbauprojekt. Zun\u00e4chst wird in einem Mischbetrieb aus Elektro- und Dieselfahrzeugen gefahren, bis im Laufe des Jahres 2021 neue, eigens entwickelte Antriebswagen an den Zweckverband ausgeliefert werden. Dann soll der Verkehr nur noch strombetrieben sein. Bis es soweit ist, kommen die bekannten Regio-Shuttles der Sch\u00f6nbuchbahn zum Einsatz sowie angemietete Elektro-Triebwagen der Deutschen Bahn aus der Baureihe 426 mit 40 m L\u00e4nge und damit mehr Kapazit\u00e4t und mit \u00d6kostrom.<\/p>\n<hr \/>\n<p style=\"text-align: justify;\">\n","protected":false},"excerpt":{"rendered":"<p>Schnupperfahrten und gro\u00dfes Er\u00f6ffnungsfest f\u00fcr alle interessierten B\u00fcrger und Familien mit Kindern am Samstag, 14. Dezember Kreis B\u00f6blingen.| Die Sch\u00f6nbuchbahn kommt &#8211; mit Schnupperfahrten und einem gro\u00dfen Er\u00f6ffnungsfest f\u00fcr alle interessierten B\u00fcrger und Familien mit Kindern am Samstag, 14. Dezember. Die Schnupperfahrten sind kostenlos und verkehren ab 11 Uhr \u00a0zwischen Dettenhausen und B\u00f6blingen mit Stopp [&hellip;]<\/p>\n","protected":false},"author":4,"featured_media":0,"comment_status":"closed","ping_status":"open","sticky":false,"template":"","format":"standard","meta":{"inline_featured_image":false,"_exactmetrics_skip_tracking":false,"_exactmetrics_sitenote_active":false,"_exactmetrics_sitenote_note":"","_exactmetrics_sitenote_category":0,"footnotes":""},"categories":[2246],"tags":[3061,14857,5,68,9,14992],"class_list":{"0":"post-136946","1":"post","2":"type-post","3":"status-publish","4":"format-standard","6":"category-kreis-boeblingen","7":"tag-boblingen","8":"tag-die-webzeitung","9":"tag-internetzeitung","10":"tag-online-zeitung","11":"tag-schaumedia","12":"tag-schoenbuchbahn"},"image_feature":null,"author_name":"Redaktion","pure_taxonomies":{"categories":[{"term_id":2246,"name":"Kreis B\u00f6blingen","slug":"kreis-boeblingen","term_group":0,"term_taxonomy_id":2259,"taxonomy":"category","description":"","parent":171,"count":197,"filter":"raw","image":""}],"tags":[{"term_id":3061,"name":"B\u00f6blingen","slug":"boblingen","term_group":0,"term_taxonomy_id":3075,"taxonomy":"post_tag","description":"","parent":0,"count":260,"filter":"raw","image":""},{"term_id":14857,"name":"Die-Webzeitung","slug":"die-webzeitung","term_group":0,"term_taxonomy_id":14876,"taxonomy":"post_tag","description":"","parent":0,"count":3623,"filter":"raw","image":""},{"term_id":5,"name":"Internetzeitung","slug":"internetzeitung","term_group":0,"term_taxonomy_id":5,"taxonomy":"post_tag","description":"","parent":0,"count":1461,"filter":"raw","image":""},{"term_id":68,"name":"Online-Zeitung","slug":"online-zeitung","term_group":0,"term_taxonomy_id":69,"taxonomy":"post_tag","description":"","parent":0,"count":3593,"filter":"raw","image":""},{"term_id":9,"name":"SchauMedia","slug":"schaumedia","term_group":0,"term_taxonomy_id":9,"taxonomy":"post_tag","description":"","parent":0,"count":1607,"filter":"raw","image":""},{"term_id":14992,"name":"Sch\u00f6nbuchbahn","slug":"schoenbuchbahn","term_group":0,"term_taxonomy_id":15011,"taxonomy":"post_tag","description":"","parent":0,"count":17,"filter":"raw","image":""}]},"_links":{"self":[{"href":"https:\/\/die-webzeitung.de\/stuttgart\/wp-json\/wp\/v2\/posts\/136946","targetHints":{"allow":["GET"]}}],"collection":[{"href":"https:\/\/die-webzeitung.de\/stuttgart\/wp-json\/wp\/v2\/posts"}],"about":[{"href":"https:\/\/die-webzeitung.de\/stuttgart\/wp-json\/wp\/v2\/types\/post"}],"author":[{"embeddable":true,"href":"https:\/\/die-webzeitung.de\/stuttgart\/wp-json\/wp\/v2\/users\/4"}],"replies":[{"embeddable":true,"href":"https:\/\/die-webzeitung.de\/stuttgart\/wp-json\/wp\/v2\/comments?post=136946"}],"version-history":[{"count":1,"href":"https:\/\/die-webzeitung.de\/stuttgart\/wp-json\/wp\/v2\/posts\/136946\/revisions"}],"predecessor-version":[{"id":136947,"href":"https:\/\/die-webzeitung.de\/stuttgart\/wp-json\/wp\/v2\/posts\/136946\/revisions\/136947"}],"wp:attachment":[{"href":"https:\/\/die-webzeitung.de\/stuttgart\/wp-json\/wp\/v2\/media?parent=136946"}],"wp:term":[{"taxonomy":"category","embeddable":true,"href":"https:\/\/die-webzeitung.de\/stuttgart\/wp-json\/wp\/v2\/categories?post=136946"},{"taxonomy":"post_tag","embeddable":true,"href":"https:\/\/die-webzeitung.de\/stuttgart\/wp-json\/wp\/v2\/tags?post=136946"}],"curies":[{"name":"wp","href":"https:\/\/api.w.org\/{rel}","templated":true}]}}