{"id":136896,"date":"2019-11-23T12:34:56","date_gmt":"2019-11-23T11:34:56","guid":{"rendered":"https:\/\/die-webzeitung.de\/stuttgart\/?p=136896"},"modified":"2019-11-23T12:36:25","modified_gmt":"2019-11-23T11:36:25","slug":"diesel-verkehrsverbot-ausnahmegenehmigungen-koennen-ab-sofort-verlaengert-werden","status":"publish","type":"post","link":"https:\/\/die-webzeitung.de\/stuttgart\/2019\/11\/23\/diesel-verkehrsverbot-ausnahmegenehmigungen-koennen-ab-sofort-verlaengert-werden\/","title":{"rendered":"Diesel-Verkehrsverbot: Ausnahmegenehmigungen k\u00f6nnen ab sofort verl\u00e4ngert werden"},"content":{"rendered":"<p style=\"text-align: justify;\">Stuttgart.| Das vom Land Baden-W\u00fcrttemberg eingef\u00fchrte ganzj\u00e4hrige Diesel-Verkehrsverbot f\u00fcr alle Kraftfahrzeuge mit Dieselmotoren der Abgasnorm Euro 4\/IV und schlechter im gesamten Stadtgebiet Stuttgart gibt es bald seit einem Jahr. Seit dem 1. Januar 2019 gilt das Verbot f\u00fcr Ausw\u00e4rtige, seit dem 1. April 2019 f\u00fcr Stuttgarter. Die individuellen Ausnahmegenehmigungen vom Diesel-Verkehrsverbot sind auf ein Jahr befristet. Entsprechend laufen viele Antr\u00e4ge in den kommenden Wochen aus. Die Besitzer von Ausnahmegenehmigungen m\u00fcssen die Verl\u00e4ngerung selbstst\u00e4ndig beantragen.<\/p>\n<p style=\"text-align: justify;\">Dr. Martin Schairer, B\u00fcrgermeister f\u00fcr Sicherheit, Ordnung und Sport, sagte: \u201eAlle, die bisher eine Ausnahmegenehmigung vom Diesel-Verkehrsverbot haben, sollten sich rechtzeitig um eine Verl\u00e4ngerung k\u00fcmmern. Nur so k\u00f6nnen Unannehmlichkeiten vermieden werden, wenn das Fahrzeug ohne g\u00fcltige Ausnahmegenehmigung in der Verbotszone auff\u00e4llt. Die zust\u00e4ndigen Mitarbeiterinnen und Mitarbeiter der Stadtverwaltung helfen bei den Antr\u00e4gen gerne.\u201c<\/p>\n<p style=\"text-align: justify;\">Die Verl\u00e4ngerungsantr\u00e4ge k\u00f6nnen \u00fcber das Online-Tool beantragt werden: Unter <a href=\"https:\/\/service.stuttgart.de\/lhs-services\/ag-diesel-verkehrsverbot\" target=\"_blank\" rel=\"noopener noreferrer\">https:\/\/service.stuttgart.de\/lhs-services\/ag-diesel-verkehrsverbot<\/a> k\u00f6nnen die Antragsteller ihre Daten und erforderlichen Dokumente hochladen. Dar\u00fcber hinaus kann die Antragstellung auch pers\u00f6nlich bei den zust\u00e4ndigen Mitarbeiterinnen und Mitarbeitern des Amts f\u00fcr \u00f6ffentliche Ordnung in der J\u00e4gerstra\u00dfe 14, 70174 Stuttgart, erfolgen. Telefonisch ist das Team unter 0711\/216-32120 zu erreichen. Sprechzeiten sind montags bis freitags von 8.30 bis 13 Uhr sowie donnerstags zus\u00e4tzlich von 14 bis 15.30 Uhr. Fragen zur Antragstellung k\u00f6nnen zudem schriftlich auf dem Postweg oder per E-Mail an <a href=\"mailto:verkehrsverbot@stuttgart.de\" target=\"_blank\" rel=\"noopener noreferrer\">verkehrsverbot@stuttgart.de<\/a> gestellt werden. Zudem informiert das Service-Center der Stadt Stuttgart von montags bis freitags von 8 bis 18 Uhr unter der zentralen Beh\u00f6rdennummer 115.<\/p>\n<p style=\"text-align: justify;\">Wenn die Voraussetzungen f\u00fcr eine Ausnahmegenehmigung nach wie vor erf\u00fcllt sind, wird das Dokument um ein Jahr verl\u00e4ngert und dem Antragsteller geb\u00fchrenfrei zugeschickt. Sofern noch weitere Unterlagen neueren Datums ben\u00f6tigt werden, wird das Team Ausnahmegenehmigungen diese anfordern. Sollten die Voraussetzungen nicht mehr vorliegen, kann die Ausnahmegenehmigung nicht mehr verl\u00e4ngert werden.<\/p>\n<p style=\"text-align: justify;\">Bislang sind bei der Stadt Stuttgart insgesamt 12.854 Erstantr\u00e4ge auf eine Ausnahmegenehmigung eingegangen, davon stammen 7.088 Antr\u00e4ge von Ausw\u00e4rtigen und 5.766 Antr\u00e4ge von Stuttgartern. Genehmigt wurden in Summe 6.093 Antr\u00e4ge, abgelehnt 5.177 Antr\u00e4ge. Hinzu kommen 1.559 Antr\u00e4ge, die unter eine generelle Ausnahme fallen und daher keine Einzelausnahmegenehmigung brauchen.<\/p>\n<p style=\"text-align: justify;\"><strong>Quell- und Zielfahrten von Reisebussen sind ab 2020 nicht mehr ausgenommen<br \/>\n<\/strong>Eine weitere Neuerung ist, dass das ganzj\u00e4hrige Diesel-Verkehrsverbot f\u00fcr alle Kraftfahrzeuge mit Dieselmotoren der Abgasnorm Euro 4\/IV und schlechter in der Umweltzone Stuttgart ab dem 1. Januar 2020 auch f\u00fcr \u00e4ltere Reisebusse gilt. Sie d\u00fcrfen dann keine Quell- und Zielfahrten von und nach Stuttgart mehr machen. F\u00fcr sie f\u00e4llt damit die bisher geltende allgemeine Ausnahme weg. Dies hat das Land so in der 3. Fortschreibung des Luftreinhalteplans festgeschrieben.<\/p>\n<p style=\"text-align: justify;\"><strong>Streckenbezogene Verbote f\u00fcr Euro-5-Dieselautos kommen zum 1. Januar 2020<br \/>\n<\/strong>Ab dem 1. Januar 2020 wird zudem auf vier Streckenz\u00fcgen im Stadtgebiet ein Verkehrsverbot f\u00fcr Diesel-PKW der Emissionsklasse Euro 5 und schlechter umgesetzt. Dazu geh\u00f6ren die B 14 (am Neckartor) zwischen \u201eADAC-Kreuzung\u201c und Kreuzung Cannstatter \/ Heilmannstra\u00dfe, die B14 (Hauptst\u00e4tter Stra\u00dfe) zwischen \u00d6sterreichischer Platz und Marienplatz, die B27 (Heilbronner Stra\u00dfe) zwischen Kreuzung Kriegsbergstra\u00dfe und Kreuzung Wolframstra\u00dfe sowie die B27 (Charlottenstra\u00dfe, Hohenheimer Stra\u00dfe, Neue Weinsteige) zwischen Charlottenplatz und Kreuzung Obere Weinsteige\/Jahnstra\u00dfe. LKW, Omnibusse und Kraftr\u00e4der fallen nicht unter diese streckenbezogenen Verkehrsverbote. Auch Anlieger sind von der Regelung f\u00fcr zwei Jahre ausgenommen. Das streckenbezogene Verkehrsverbot ist eine Ma\u00dfnahme aus der aktuellen 4. Fortschreibung des Luftreinhalteplans.<\/p>\n<hr \/>\n<p style=\"text-align: justify;\">\n","protected":false},"excerpt":{"rendered":"<p>Stuttgart.| Das vom Land Baden-W\u00fcrttemberg eingef\u00fchrte ganzj\u00e4hrige Diesel-Verkehrsverbot f\u00fcr alle Kraftfahrzeuge mit Dieselmotoren der Abgasnorm Euro 4\/IV und schlechter im gesamten Stadtgebiet Stuttgart gibt es bald seit einem Jahr. Seit dem 1. Januar 2019 gilt das Verbot f\u00fcr Ausw\u00e4rtige, seit dem 1. April 2019 f\u00fcr Stuttgarter. Die individuellen Ausnahmegenehmigungen vom Diesel-Verkehrsverbot sind auf ein Jahr [&hellip;]<\/p>\n","protected":false},"author":4,"featured_media":0,"comment_status":"closed","ping_status":"open","sticky":false,"template":"","format":"standard","meta":{"inline_featured_image":false,"_exactmetrics_skip_tracking":false,"_exactmetrics_sitenote_active":false,"_exactmetrics_sitenote_note":"","_exactmetrics_sitenote_category":0,"footnotes":""},"categories":[2239],"tags":[16013,14857,15946,5,68,9,275],"class_list":{"0":"post-136896","1":"post","2":"type-post","3":"status-publish","4":"format-standard","6":"category-stuttgart-lokal","7":"tag-ausnahmegenehmigung","8":"tag-die-webzeitung","9":"tag-diesel-verkehrsverbot","10":"tag-internetzeitung","11":"tag-online-zeitung","12":"tag-schaumedia","13":"tag-stuttgart"},"image_feature":null,"author_name":"Redaktion","pure_taxonomies":{"categories":[{"term_id":2239,"name":"Stuttgart","slug":"stuttgart-lokal","term_group":0,"term_taxonomy_id":2252,"taxonomy":"category","description":"Berichte und Informationen aus Stuttgart","parent":1433,"count":941,"filter":"raw","image":""}],"tags":[{"term_id":16013,"name":"Ausnahmegenehmigung","slug":"ausnahmegenehmigung","term_group":0,"term_taxonomy_id":16032,"taxonomy":"post_tag","description":"","parent":0,"count":1,"filter":"raw","image":""},{"term_id":14857,"name":"Die-Webzeitung","slug":"die-webzeitung","term_group":0,"term_taxonomy_id":14876,"taxonomy":"post_tag","description":"","parent":0,"count":3623,"filter":"raw","image":""},{"term_id":15946,"name":"Diesel-Verkehrsverbot","slug":"diesel-verkehrsverbot","term_group":0,"term_taxonomy_id":15965,"taxonomy":"post_tag","description":"","parent":0,"count":3,"filter":"raw","image":""},{"term_id":5,"name":"Internetzeitung","slug":"internetzeitung","term_group":0,"term_taxonomy_id":5,"taxonomy":"post_tag","description":"","parent":0,"count":1461,"filter":"raw","image":""},{"term_id":68,"name":"Online-Zeitung","slug":"online-zeitung","term_group":0,"term_taxonomy_id":69,"taxonomy":"post_tag","description":"","parent":0,"count":3593,"filter":"raw","image":""},{"term_id":9,"name":"SchauMedia","slug":"schaumedia","term_group":0,"term_taxonomy_id":9,"taxonomy":"post_tag","description":"","parent":0,"count":1607,"filter":"raw","image":""},{"term_id":275,"name":"Stuttgart","slug":"stuttgart","term_group":0,"term_taxonomy_id":281,"taxonomy":"post_tag","description":"","parent":0,"count":1194,"filter":"raw","image":""}]},"_links":{"self":[{"href":"https:\/\/die-webzeitung.de\/stuttgart\/wp-json\/wp\/v2\/posts\/136896","targetHints":{"allow":["GET"]}}],"collection":[{"href":"https:\/\/die-webzeitung.de\/stuttgart\/wp-json\/wp\/v2\/posts"}],"about":[{"href":"https:\/\/die-webzeitung.de\/stuttgart\/wp-json\/wp\/v2\/types\/post"}],"author":[{"embeddable":true,"href":"https:\/\/die-webzeitung.de\/stuttgart\/wp-json\/wp\/v2\/users\/4"}],"replies":[{"embeddable":true,"href":"https:\/\/die-webzeitung.de\/stuttgart\/wp-json\/wp\/v2\/comments?post=136896"}],"version-history":[{"count":3,"href":"https:\/\/die-webzeitung.de\/stuttgart\/wp-json\/wp\/v2\/posts\/136896\/revisions"}],"predecessor-version":[{"id":136899,"href":"https:\/\/die-webzeitung.de\/stuttgart\/wp-json\/wp\/v2\/posts\/136896\/revisions\/136899"}],"wp:attachment":[{"href":"https:\/\/die-webzeitung.de\/stuttgart\/wp-json\/wp\/v2\/media?parent=136896"}],"wp:term":[{"taxonomy":"category","embeddable":true,"href":"https:\/\/die-webzeitung.de\/stuttgart\/wp-json\/wp\/v2\/categories?post=136896"},{"taxonomy":"post_tag","embeddable":true,"href":"https:\/\/die-webzeitung.de\/stuttgart\/wp-json\/wp\/v2\/tags?post=136896"}],"curies":[{"name":"wp","href":"https:\/\/api.w.org\/{rel}","templated":true}]}}