{"id":136867,"date":"2019-11-19T16:12:41","date_gmt":"2019-11-19T15:12:41","guid":{"rendered":"https:\/\/die-webzeitung.de\/stuttgart\/?p=136867"},"modified":"2019-11-19T16:12:41","modified_gmt":"2019-11-19T15:12:41","slug":"geldsegen-fuer-die-weihnachtsspendenaktionen","status":"publish","type":"post","link":"https:\/\/die-webzeitung.de\/stuttgart\/2019\/11\/19\/geldsegen-fuer-die-weihnachtsspendenaktionen\/","title":{"rendered":"Geldsegen f\u00fcr die Weihnachtsspendenaktionen"},"content":{"rendered":"<p style=\"text-align: justify;\"><strong>Kreissparkasse verdoppelt am 9. Dezember erneut Spenden auf <a href=\"http:\/\/www.gut-fuer-den-landkreis-esslingen.de\" target=\"_blank\" rel=\"noopener noreferrer\">www.gut-fuer-den-landkreis-esslingen.de<\/a><\/strong><\/p>\n<p style=\"text-align: justify;\">Esslinge.| Alle Jahre wieder widmet die Kreissparkasse Esslingen-N\u00fcrtingen ihre Verdoppelungsaktion im Dezember den Weihnachtsspendenaktionen von E\u00dflinger Zeitung und Teckbote. Jede Spende bis 100 Euro, die am 9. Dezember ab 10 Uhr auf der Spendenplattform gut-fuer-den-landkreis-esslingen.de eingeht, wird verdoppelt. Daf\u00fcr stellt die Kreissparkasse 10.000 Euro zur Verf\u00fcgung.<\/p>\n<p style=\"text-align: justify;\">Auf <a href=\"http:\/\/www.gut-fuer-den-landkreis-esslingen.de\" target=\"_blank\" rel=\"noopener noreferrer\">gut-fuer-den-landkreis-esslingen.de<\/a> k\u00f6nnen interessierte Spender die Weihnachtsspendenaktionen der E\u00dflinger Zeitung oder des Teckboten ausw\u00e4hlen. Alles Weitere geht denkbar einfach: H\u00f6he der Spende festlegen, Zahlungsdaten eintragen und abschicken. Mit dem Geld werden hilfsbed\u00fcrftige Menschen im Landkreis unterst\u00fctzt. Neben pers\u00f6nlichen Einzelf\u00e4llen helfen die Spenden f\u00fcr die Weihnachtsaktionen, verschiedene Projekte in sozialen Einrichtungen umzusetzen.<\/p>\n<p style=\"text-align: justify;\">\u201eGerade zu Weihnachten sind helfende Organisationen und in Not geratene Personen sehr dankbar f\u00fcr eine finanzielle Unterst\u00fctzung. Ihnen kommt die Verdoppelungsaktion am 9. Dezember zugute\u201c, erkl\u00e4rt Burkhard Wittmacher, Vorstandsvorsitzender der Kreissparkasse. Das Kreditinstitut hat seit 2015 \u00fcber 200.000 Euro f\u00fcr Verdoppelungsaktionen zur Verf\u00fcgung gestellt.<\/p>\n<p style=\"text-align: justify;\">Alle Spenden auf <a href=\"http:\/\/www.gut-fuer-den-landkreis-esslingen.de\" target=\"_blank\" rel=\"noopener noreferrer\">gut-fuer-den-landkreis-esslingen.de<\/a> kommen zu 100 Prozent bei den Empf\u00e4ngern an. Die Nutzung der Spendenplattform ist kostenlos; die Kosten f\u00fcr den laufenden Betrieb der Plattform \u00fcbernimmt die Kreissparkasse. betterplace.org ist Partner der Kreissparkasse bei der St\u00e4rkung des Ehrenamts.<\/p>\n<hr \/>\n<p style=\"text-align: justify;\">\n","protected":false},"excerpt":{"rendered":"<p>Kreissparkasse verdoppelt am 9. Dezember erneut Spenden auf www.gut-fuer-den-landkreis-esslingen.de Esslinge.| Alle Jahre wieder widmet die Kreissparkasse Esslingen-N\u00fcrtingen ihre Verdoppelungsaktion im Dezember den Weihnachtsspendenaktionen von E\u00dflinger Zeitung und Teckbote. Jede Spende bis 100 Euro, die am 9. Dezember ab 10 Uhr auf der Spendenplattform gut-fuer-den-landkreis-esslingen.de eingeht, wird verdoppelt. Daf\u00fcr stellt die Kreissparkasse 10.000 Euro zur Verf\u00fcgung. [&hellip;]<\/p>\n","protected":false},"author":4,"featured_media":0,"comment_status":"closed","ping_status":"open","sticky":false,"template":"","format":"standard","meta":{"inline_featured_image":false,"_exactmetrics_skip_tracking":false,"_exactmetrics_sitenote_active":false,"_exactmetrics_sitenote_note":"","_exactmetrics_sitenote_category":0,"footnotes":""},"categories":[2247],"tags":[14857,14440,5,11144,68,9],"class_list":{"0":"post-136867","1":"post","2":"type-post","3":"status-publish","4":"format-standard","6":"category-kreis-esslingen","7":"tag-die-webzeitung","8":"tag-esslingen","9":"tag-internetzeitung","10":"tag-kreissparkasse","11":"tag-online-zeitung","12":"tag-schaumedia"},"image_feature":null,"author_name":"Redaktion","pure_taxonomies":{"categories":[{"term_id":2247,"name":"Kreis Esslingen","slug":"kreis-esslingen","term_group":0,"term_taxonomy_id":2260,"taxonomy":"category","description":"Informationen aus dem Landkreis Esslingen","parent":171,"count":214,"filter":"raw","image":""}],"tags":[{"term_id":14857,"name":"Die-Webzeitung","slug":"die-webzeitung","term_group":0,"term_taxonomy_id":14876,"taxonomy":"post_tag","description":"","parent":0,"count":3623,"filter":"raw","image":""},{"term_id":14440,"name":"Esslingen","slug":"esslingen","term_group":0,"term_taxonomy_id":3885,"taxonomy":"post_tag","description":"","parent":0,"count":202,"filter":"raw","image":""},{"term_id":5,"name":"Internetzeitung","slug":"internetzeitung","term_group":0,"term_taxonomy_id":5,"taxonomy":"post_tag","description":"","parent":0,"count":1461,"filter":"raw","image":""},{"term_id":11144,"name":"Kreissparkasse","slug":"kreissparkasse","term_group":0,"term_taxonomy_id":11182,"taxonomy":"post_tag","description":"","parent":0,"count":8,"filter":"raw","image":""},{"term_id":68,"name":"Online-Zeitung","slug":"online-zeitung","term_group":0,"term_taxonomy_id":69,"taxonomy":"post_tag","description":"","parent":0,"count":3593,"filter":"raw","image":""},{"term_id":9,"name":"SchauMedia","slug":"schaumedia","term_group":0,"term_taxonomy_id":9,"taxonomy":"post_tag","description":"","parent":0,"count":1607,"filter":"raw","image":""}]},"_links":{"self":[{"href":"https:\/\/die-webzeitung.de\/stuttgart\/wp-json\/wp\/v2\/posts\/136867","targetHints":{"allow":["GET"]}}],"collection":[{"href":"https:\/\/die-webzeitung.de\/stuttgart\/wp-json\/wp\/v2\/posts"}],"about":[{"href":"https:\/\/die-webzeitung.de\/stuttgart\/wp-json\/wp\/v2\/types\/post"}],"author":[{"embeddable":true,"href":"https:\/\/die-webzeitung.de\/stuttgart\/wp-json\/wp\/v2\/users\/4"}],"replies":[{"embeddable":true,"href":"https:\/\/die-webzeitung.de\/stuttgart\/wp-json\/wp\/v2\/comments?post=136867"}],"version-history":[{"count":1,"href":"https:\/\/die-webzeitung.de\/stuttgart\/wp-json\/wp\/v2\/posts\/136867\/revisions"}],"predecessor-version":[{"id":136868,"href":"https:\/\/die-webzeitung.de\/stuttgart\/wp-json\/wp\/v2\/posts\/136867\/revisions\/136868"}],"wp:attachment":[{"href":"https:\/\/die-webzeitung.de\/stuttgart\/wp-json\/wp\/v2\/media?parent=136867"}],"wp:term":[{"taxonomy":"category","embeddable":true,"href":"https:\/\/die-webzeitung.de\/stuttgart\/wp-json\/wp\/v2\/categories?post=136867"},{"taxonomy":"post_tag","embeddable":true,"href":"https:\/\/die-webzeitung.de\/stuttgart\/wp-json\/wp\/v2\/tags?post=136867"}],"curies":[{"name":"wp","href":"https:\/\/api.w.org\/{rel}","templated":true}]}}