{"id":136850,"date":"2019-11-18T14:11:26","date_gmt":"2019-11-18T13:11:26","guid":{"rendered":"https:\/\/die-webzeitung.de\/stuttgart\/?p=136850"},"modified":"2019-11-18T14:11:26","modified_gmt":"2019-11-18T13:11:26","slug":"wertstoffhof-boeblingen-hulb-wieder-geoeffnet","status":"publish","type":"post","link":"https:\/\/die-webzeitung.de\/stuttgart\/2019\/11\/18\/wertstoffhof-boeblingen-hulb-wieder-geoeffnet\/","title":{"rendered":"Wertstoffhof B\u00f6blingen-Hulb wieder ge\u00f6ffnet"},"content":{"rendered":"<h5 style=\"text-align: justify;\"><strong>Nach umfangreicher Sanierung am 15. November offiziell eingeweiht<\/strong><\/h5>\n<p style=\"text-align: justify;\">Kreis B\u00f6blingen.| 1.000 Besucher pro Tag kommen durchschnittlich zum Wertstoffhof im B\u00f6blinger Gewerbegebiet Hulb. \u00dcber vier Monate mussten sie darauf verzichten. Seit Samstag, den 16.November 2019 hat der gr\u00f6\u00dfte Wertstoffhof des Landkreises wieder ge\u00f6ffnet, nachdem nun die umfangreichen Bauarbeiten zur grundlegenden Sanierung abgeschlossen sind. Am Freitag, den 15. November 2019 wurde er von Landrat Roland Bernhard und Werkleiter Wolfgang Bagin eingeweiht.<\/p>\n<p style=\"text-align: justify;\">Der Abfallwirtschaftsbetrieb musste den Wertstoffhof Ende Juni 2019 f\u00fcr die Umbauma\u00dfnahmen schlie\u00dfen. Nun ist er mit neuem Dach, Bodenbelag und Entw\u00e4sserungseinrichtungen sowie neuester Elektrotechnik f\u00fcr die Zukunft ger\u00fcstet. Gr\u00f6\u00dfter Kostenfaktor mit \u00fcber 400.000 Euro war die Dacherneuerung. Das alte, asbestbelastete Dach wurde fachgerecht abgebaut und entsorgt, das neue Dach erhielt zudem eine energiesparsame LED-Beleuchtung und eine neue Dachfl\u00e4chenentw\u00e4sserung. Die Sanierung des Bodenbelags einschlie\u00dflich der Erneuerung der Stra\u00dfenentw\u00e4sserung belief sich auf ca. 250.000 Euro. Auch die Schadstoff-Annahmestelle wurde mit einem Kostenrahmen von einer halben Million Euro ert\u00fcchtigt. Dazu geh\u00f6ren der Abbruch sowie die Errichtung eines Zauns, der Fundamentplatte f\u00fcr die vier neuen Lagercontainer, die Verlegung neuer Wasser- und Abwasserleitungen f\u00fcr den neu hinzugekommenen Annahmecontainer und die Installation neuester Sicherheitstechnik.<\/p>\n<p style=\"text-align: justify;\">Zur Einweihungsfeier waren neben Landrat Roland Bernhard und Werkleiter Wolfgang Bagin auch Kreisr\u00e4te und Vertreter der beteiligten Baufirmen anwesend. Der Landrat stellte in seinem Gru\u00dfwort die Bedeutung des Wertstoffhofsystems f\u00fcr die sortenreine Erfassung von Wertstoffen heraus: \u201eDer Landkreis B\u00f6blingen setzt seit Jahrzehnten erfolgreich auf eine getrennte Erfassung von Wertstoffen. Die B\u00fcrger und unsere Mitarbeiter sind bei der Trennung sehr gewissenhaft, dies ist die beste Voraussetzung f\u00fcr Recycling. Ein Nachsortieren, wie es bei allen anderen Systemen notwendig wird, entf\u00e4llt. Unser Konzept vereint \u00f6kologische und \u00f6konomische Vorteile. Auf allen 31 Wertstoffh\u00f6fen im Landkreis k\u00f6nnen viele weitere Wertstoffe wie Schrott, Glas, Hartkunststoffe, Altholz und noch einiges andere abgegeben werden.\u201c<\/p>\n<p style=\"text-align: justify;\">\u201eDas war eine gro\u00dfe Umbauma\u00dfnahme, die der Abfallwirtschaftsbetrieb zu stemmen hatte. Wir sind stolz auf unseren rundum erneuerten und meistfrequentierten Wertstoffhof in zentraler Lage des Landkreises, der sichtlich in die Jahre gekommen und dessen Sanierung dringend notwendig war. Auch die Wertstoffhof-Mitarbeiter auf den benachbarten Wertstoffh\u00f6fen haben Hervorragendes geleistet und das zus\u00e4tzliche Kundenaufkommen bew\u00e4ltigt\u201c so Werkleiter Wolfgang Bagin.<\/p>\n<p style=\"text-align: justify;\">Am Samstag, 16. November nimmt der Wertstoffhof seinen regul\u00e4ren Betrieb wieder auf und hat wie gewohnt montags bis freitags von 10 bis 18 Uhr, samstags von 9 bis 15 Uhr ge\u00f6ffnet. Der Wertstoffhof in Sindelfingen-Darmsheim, der w\u00e4hrend der Bauphase ganzt\u00e4gig ge\u00f6ffnet hatte, hat nun wieder mittwochs und freitags von 15 bis 18 Uhr sowie samstags von 9 bis 15 Uhr ge\u00f6ffnet. Der f\u00fcr die Bauzeit eingerichtete Ersatzwertstoffhof auf dem Gel\u00e4nde der ehemaligen Deponie B\u00f6blingen ist hinf\u00e4llig.<\/p>\n<hr \/>\n<p style=\"text-align: justify;\">\n","protected":false},"excerpt":{"rendered":"<p>Nach umfangreicher Sanierung am 15. November offiziell eingeweiht Kreis B\u00f6blingen.| 1.000 Besucher pro Tag kommen durchschnittlich zum Wertstoffhof im B\u00f6blinger Gewerbegebiet Hulb. \u00dcber vier Monate mussten sie darauf verzichten. Seit Samstag, den 16.November 2019 hat der gr\u00f6\u00dfte Wertstoffhof des Landkreises wieder ge\u00f6ffnet, nachdem nun die umfangreichen Bauarbeiten zur grundlegenden Sanierung abgeschlossen sind. Am Freitag, den [&hellip;]<\/p>\n","protected":false},"author":4,"featured_media":0,"comment_status":"closed","ping_status":"open","sticky":false,"template":"","format":"standard","meta":{"inline_featured_image":false,"_exactmetrics_skip_tracking":false,"_exactmetrics_sitenote_active":false,"_exactmetrics_sitenote_note":"","_exactmetrics_sitenote_category":0,"footnotes":""},"categories":[59,2246],"tags":[3061,14857,15143,5,68,9,10965],"class_list":{"0":"post-136850","1":"post","2":"type-post","3":"status-publish","4":"format-standard","6":"category-aktuell","7":"category-kreis-boeblingen","8":"tag-boblingen","9":"tag-die-webzeitung","10":"tag-hulb","11":"tag-internetzeitung","12":"tag-online-zeitung","13":"tag-schaumedia","14":"tag-wertstoffhof"},"image_feature":null,"author_name":"Redaktion","pure_taxonomies":{"categories":[{"term_id":59,"name":"Aktuell","slug":"aktuell","term_group":0,"term_taxonomy_id":60,"taxonomy":"category","description":"","parent":0,"count":1017,"filter":"raw","image":""},{"term_id":2246,"name":"Kreis B\u00f6blingen","slug":"kreis-boeblingen","term_group":0,"term_taxonomy_id":2259,"taxonomy":"category","description":"","parent":171,"count":197,"filter":"raw","image":""}],"tags":[{"term_id":3061,"name":"B\u00f6blingen","slug":"boblingen","term_group":0,"term_taxonomy_id":3075,"taxonomy":"post_tag","description":"","parent":0,"count":260,"filter":"raw","image":""},{"term_id":14857,"name":"Die-Webzeitung","slug":"die-webzeitung","term_group":0,"term_taxonomy_id":14876,"taxonomy":"post_tag","description":"","parent":0,"count":3623,"filter":"raw","image":""},{"term_id":15143,"name":"Hulb","slug":"hulb","term_group":0,"term_taxonomy_id":15162,"taxonomy":"post_tag","description":"","parent":0,"count":1,"filter":"raw","image":""},{"term_id":5,"name":"Internetzeitung","slug":"internetzeitung","term_group":0,"term_taxonomy_id":5,"taxonomy":"post_tag","description":"","parent":0,"count":1461,"filter":"raw","image":""},{"term_id":68,"name":"Online-Zeitung","slug":"online-zeitung","term_group":0,"term_taxonomy_id":69,"taxonomy":"post_tag","description":"","parent":0,"count":3593,"filter":"raw","image":""},{"term_id":9,"name":"SchauMedia","slug":"schaumedia","term_group":0,"term_taxonomy_id":9,"taxonomy":"post_tag","description":"","parent":0,"count":1607,"filter":"raw","image":""},{"term_id":10965,"name":"Wertstoffhof","slug":"wertstoffhof","term_group":0,"term_taxonomy_id":11003,"taxonomy":"post_tag","description":"","parent":0,"count":1,"filter":"raw","image":""}]},"_links":{"self":[{"href":"https:\/\/die-webzeitung.de\/stuttgart\/wp-json\/wp\/v2\/posts\/136850","targetHints":{"allow":["GET"]}}],"collection":[{"href":"https:\/\/die-webzeitung.de\/stuttgart\/wp-json\/wp\/v2\/posts"}],"about":[{"href":"https:\/\/die-webzeitung.de\/stuttgart\/wp-json\/wp\/v2\/types\/post"}],"author":[{"embeddable":true,"href":"https:\/\/die-webzeitung.de\/stuttgart\/wp-json\/wp\/v2\/users\/4"}],"replies":[{"embeddable":true,"href":"https:\/\/die-webzeitung.de\/stuttgart\/wp-json\/wp\/v2\/comments?post=136850"}],"version-history":[{"count":1,"href":"https:\/\/die-webzeitung.de\/stuttgart\/wp-json\/wp\/v2\/posts\/136850\/revisions"}],"predecessor-version":[{"id":136851,"href":"https:\/\/die-webzeitung.de\/stuttgart\/wp-json\/wp\/v2\/posts\/136850\/revisions\/136851"}],"wp:attachment":[{"href":"https:\/\/die-webzeitung.de\/stuttgart\/wp-json\/wp\/v2\/media?parent=136850"}],"wp:term":[{"taxonomy":"category","embeddable":true,"href":"https:\/\/die-webzeitung.de\/stuttgart\/wp-json\/wp\/v2\/categories?post=136850"},{"taxonomy":"post_tag","embeddable":true,"href":"https:\/\/die-webzeitung.de\/stuttgart\/wp-json\/wp\/v2\/tags?post=136850"}],"curies":[{"name":"wp","href":"https:\/\/api.w.org\/{rel}","templated":true}]}}