{"id":136848,"date":"2019-11-18T14:08:23","date_gmt":"2019-11-18T13:08:23","guid":{"rendered":"https:\/\/die-webzeitung.de\/stuttgart\/?p=136848"},"modified":"2019-11-18T14:08:23","modified_gmt":"2019-11-18T13:08:23","slug":"stella-sharing-streicht-die-winterpause","status":"publish","type":"post","link":"https:\/\/die-webzeitung.de\/stuttgart\/2019\/11\/18\/stella-sharing-streicht-die-winterpause\/","title":{"rendered":"stella-sharing streicht die Winterpause"},"content":{"rendered":"<h5 style=\"text-align: justify;\"><strong>Bei Feinstaub-Alarm gibt es Minutenrabatt und freie Registrierung<\/strong><\/h5>\n<p style=\"text-align: justify;\">Stuttgart.| Die hellblauen Elektroroller von stella-sharing machen erstmals keine Winterpause und sind in Stuttgart w\u00e4hrend der gesamten Feinstaubsaison verf\u00fcgbar. \u201eWir richten uns nach dem Wunsch der stella-Community aus unserer j\u00fcngsten Nutzerumfrage\u201c, sagt Olaf Kieser, Gesch\u00e4ftsf\u00fchrer der Stadtwerke Stuttgart. \u201eWenn die Wintersaison erfolgreich verl\u00e4uft, k\u00f6nnen wir uns auch einen Dauerbetrieb der Flotte vorstellen.\u201c<\/p>\n<p style=\"text-align: justify;\">stella leiste damit einen Beitrag zur Luftreinhaltung in der Feinstaubsaison. Bei Feinstaub-Alarm fahren alle stella-Nutzer k\u00fcnftig zu einem reduzierten Minutenpreis von 19 Cent. Neuregistrierungen sind an diesen Tagen kostenlos. Die Stadtwerke behalten sich vor, bei widrigen Wetterverh\u00e4ltnissen den Betrieb und gegebenenfalls auch das Gesch\u00e4ftsgebiet aus Sicherheitsgr\u00fcnden einzuschr\u00e4nken.<\/p>\n<p style=\"text-align: justify;\">Die Elektroroller-Flotte der Stadtwerke wie auch die Wartungs-E-Fahrzeuge werden mit T\u00dcV-zertifizierten Stadtwerke-\u00d6kostrom geladen und fahren somit CO2-frei. stella-sharing funktioniert stationsunabh\u00e4ngig und App-basiert nach dem Free-Floating-Prinzip: Die E-Roller k\u00f6nnen \u00fcberall gefahren werden. Angemietet und abgestellt werden sie in einem 48 Quadratkilometer gro\u00dfen Gesch\u00e4ftsgebiet.<\/p>\n<p style=\"text-align: justify;\"><strong>Mehrheit nutzt stella als Ersatz zum Auto<br \/>\n<\/strong>stella-sharing hat sich als klimafreundliche Mobilit\u00e4tsalternative in Stuttgart etabliert. Laut der Nutzerumfrage setzen 54 Prozent der Nutzer auf stella-Elektroroller als Ersatz f\u00fcr eine Autofahrt in die City. F\u00fcr \u00fcber 75 Prozent ist E-Roller-Sharing eine Erg\u00e4nzung zum \u00d6PNV. stella ist au\u00dferdem viel in der Freizeit im Einsatz. F\u00fcr den Weg ins B\u00fcro, Hochschule oder Schule steigen bislang 27 Prozent auf einen Miet-E-Roller. (Mehrfachnennungen waren m\u00f6glich).<\/p>\n<p style=\"text-align: justify;\">\u201eDie neue Kooperation mit der BW-Bank hat uns 2019 R\u00fcckenwind beschert. F\u00fcr unsere Nutzer waren doppelt so viele E-Roller verf\u00fcgbar. Gleichzeitig haben wir einen bedeutsamen Stuttgarter Partner, der sich mit uns f\u00fcr die Mobilit\u00e4ts- und Energiewende sowie Erneuerbare Energien stark macht\u201c, f\u00fcgt Kieser hinzu. &#8220;Die BW-Bank ist vom Nutzen von stella-sharing f\u00fcr Stuttgart \u00fcberzeugt und wir freuen uns, dass wir mit dem Projekt ein nachhaltiges Verkehrskonzept f\u00fcr unsere Landeshauptstadt unterst\u00fctzen k\u00f6nnen\u201c, sagt Thomas Rosenfeld, Vorstandsmitglied der BW-Bank.<\/p>\n<p style=\"text-align: justify;\">Mittlerweile z\u00e4hlt stella \u00fcber 18.000 Nutzer. Seit dem Start 2016 fuhr die stella-Community insgesamt 910.000 Kilometer mit den E-Rollern. Im Vergleich zu konventionell betriebenen Rollern vermieden sie damit rund 44 Tonnen klimasch\u00e4dliches CO2.<\/p>\n<p style=\"text-align: justify;\"><strong>Zwei Stuttgarter gewinnen emco-E-Roller im stella-Look<br \/>\n<\/strong>Besonderen Grund zur Freude haben zwei Stuttgarter: Die Stadtwerke-Verlosung von zwei emco-Elektrorollern im stella-Look gewannen Nadine Weing\u00e4rtner und Michael H\u00f6mme. \u00dcber 5.000 Leute hatten sich am Gewinnspiel beteiligt. Sie nahmen ihre hellblauen Elektroroller vor dem Neuen Schloss entgegen. \u201eWir hoffen, Sie als Mitstreiter f\u00fcr die Elektromobilit\u00e4t und die Energiewende gewonnen zu haben\u201c, gratulierte Stadtwerke-Chef Kieser. \u201eDie Botschaft von stella-sharing ist: Elektromobilit\u00e4t ist nur mit Erneuerbaren Energien sinnvoll.\u201c<\/p>\n<hr \/>\n<p style=\"text-align: justify;\">\n","protected":false},"excerpt":{"rendered":"<p>Bei Feinstaub-Alarm gibt es Minutenrabatt und freie Registrierung Stuttgart.| Die hellblauen Elektroroller von stella-sharing machen erstmals keine Winterpause und sind in Stuttgart w\u00e4hrend der gesamten Feinstaubsaison verf\u00fcgbar. \u201eWir richten uns nach dem Wunsch der stella-Community aus unserer j\u00fcngsten Nutzerumfrage\u201c, sagt Olaf Kieser, Gesch\u00e4ftsf\u00fchrer der Stadtwerke Stuttgart. \u201eWenn die Wintersaison erfolgreich verl\u00e4uft, k\u00f6nnen wir uns auch [&hellip;]<\/p>\n","protected":false},"author":4,"featured_media":0,"comment_status":"closed","ping_status":"open","sticky":false,"template":"","format":"standard","meta":{"inline_featured_image":false,"_exactmetrics_skip_tracking":false,"_exactmetrics_sitenote_active":false,"_exactmetrics_sitenote_note":"","_exactmetrics_sitenote_category":0,"footnotes":""},"categories":[59,2239],"tags":[14857,5,68,9,15017,14796,275],"class_list":{"0":"post-136848","1":"post","2":"type-post","3":"status-publish","4":"format-standard","6":"category-aktuell","7":"category-stuttgart-lokal","8":"tag-die-webzeitung","9":"tag-internetzeitung","10":"tag-online-zeitung","11":"tag-schaumedia","12":"tag-sharing","13":"tag-stella","14":"tag-stuttgart"},"image_feature":null,"author_name":"Redaktion","pure_taxonomies":{"categories":[{"term_id":59,"name":"Aktuell","slug":"aktuell","term_group":0,"term_taxonomy_id":60,"taxonomy":"category","description":"","parent":0,"count":1017,"filter":"raw","image":""},{"term_id":2239,"name":"Stuttgart","slug":"stuttgart-lokal","term_group":0,"term_taxonomy_id":2252,"taxonomy":"category","description":"Berichte und Informationen aus Stuttgart","parent":1433,"count":941,"filter":"raw","image":""}],"tags":[{"term_id":14857,"name":"Die-Webzeitung","slug":"die-webzeitung","term_group":0,"term_taxonomy_id":14876,"taxonomy":"post_tag","description":"","parent":0,"count":3623,"filter":"raw","image":""},{"term_id":5,"name":"Internetzeitung","slug":"internetzeitung","term_group":0,"term_taxonomy_id":5,"taxonomy":"post_tag","description":"","parent":0,"count":1461,"filter":"raw","image":""},{"term_id":68,"name":"Online-Zeitung","slug":"online-zeitung","term_group":0,"term_taxonomy_id":69,"taxonomy":"post_tag","description":"","parent":0,"count":3593,"filter":"raw","image":""},{"term_id":9,"name":"SchauMedia","slug":"schaumedia","term_group":0,"term_taxonomy_id":9,"taxonomy":"post_tag","description":"","parent":0,"count":1607,"filter":"raw","image":""},{"term_id":15017,"name":"Sharing","slug":"sharing","term_group":0,"term_taxonomy_id":15036,"taxonomy":"post_tag","description":"","parent":0,"count":1,"filter":"raw","image":""},{"term_id":14796,"name":"Stella","slug":"stella","term_group":0,"term_taxonomy_id":14815,"taxonomy":"post_tag","description":"","parent":0,"count":5,"filter":"raw","image":""},{"term_id":275,"name":"Stuttgart","slug":"stuttgart","term_group":0,"term_taxonomy_id":281,"taxonomy":"post_tag","description":"","parent":0,"count":1194,"filter":"raw","image":""}]},"_links":{"self":[{"href":"https:\/\/die-webzeitung.de\/stuttgart\/wp-json\/wp\/v2\/posts\/136848","targetHints":{"allow":["GET"]}}],"collection":[{"href":"https:\/\/die-webzeitung.de\/stuttgart\/wp-json\/wp\/v2\/posts"}],"about":[{"href":"https:\/\/die-webzeitung.de\/stuttgart\/wp-json\/wp\/v2\/types\/post"}],"author":[{"embeddable":true,"href":"https:\/\/die-webzeitung.de\/stuttgart\/wp-json\/wp\/v2\/users\/4"}],"replies":[{"embeddable":true,"href":"https:\/\/die-webzeitung.de\/stuttgart\/wp-json\/wp\/v2\/comments?post=136848"}],"version-history":[{"count":1,"href":"https:\/\/die-webzeitung.de\/stuttgart\/wp-json\/wp\/v2\/posts\/136848\/revisions"}],"predecessor-version":[{"id":136849,"href":"https:\/\/die-webzeitung.de\/stuttgart\/wp-json\/wp\/v2\/posts\/136848\/revisions\/136849"}],"wp:attachment":[{"href":"https:\/\/die-webzeitung.de\/stuttgart\/wp-json\/wp\/v2\/media?parent=136848"}],"wp:term":[{"taxonomy":"category","embeddable":true,"href":"https:\/\/die-webzeitung.de\/stuttgart\/wp-json\/wp\/v2\/categories?post=136848"},{"taxonomy":"post_tag","embeddable":true,"href":"https:\/\/die-webzeitung.de\/stuttgart\/wp-json\/wp\/v2\/tags?post=136848"}],"curies":[{"name":"wp","href":"https:\/\/api.w.org\/{rel}","templated":true}]}}