{"id":136819,"date":"2019-11-16T11:47:29","date_gmt":"2019-11-16T10:47:29","guid":{"rendered":"https:\/\/die-webzeitung.de\/stuttgart\/?p=136819"},"modified":"2019-11-16T11:47:29","modified_gmt":"2019-11-16T10:47:29","slug":"ob-kuhn-macht-ersten-anlauf-fuer-lebenswerte-stadt-fuer-alle","status":"publish","type":"post","link":"https:\/\/die-webzeitung.de\/stuttgart\/2019\/11\/16\/ob-kuhn-macht-ersten-anlauf-fuer-lebenswerte-stadt-fuer-alle\/","title":{"rendered":"OB Kuhn macht ersten Anlauf f\u00fcr \u201eLebenswerte Stadt f\u00fcr alle\u201c"},"content":{"rendered":"<ul>\n<li style=\"text-align: justify;\"><strong>Neue Verkehrsregeln in der Eberhardstra\u00dfe<\/strong><\/li>\n<li style=\"text-align: justify;\"><strong>Schrittweise Ausweitung auf Stadtkern<\/strong><\/li>\n<\/ul>\n<p style=\"text-align: justify;\">Stuttgart.| Oberb\u00fcrgermeister Fritz Kuhn hat symbolisch den ersten \u201eAnlauf\u201c genommen: Mit Experten der Fachbeh\u00f6rden und zahlreichen Interessierten pr\u00e4sentierte er am Freitag, 15. November, bei einem Gang durch die Eberhardstra\u00dfe die neue Gestalt dieses Abschnitts. Dabei gab die Verwaltung auch einen Ausblick auf die Umsetzung des Zielbeschlusses \u201eLebenswerte Stadt f\u00fcr alle\u201c.<\/p>\n<p style=\"text-align: justify;\">OB Kuhn sagte: \u201eWir wollen die Attraktivit\u00e4t der City Schritt f\u00fcr Schritt steigern. Weniger Verkehr bedeutet mehr Aufenthaltsqualit\u00e4t. Davon profitieren Bewohner, Besucher und Handel gleicherma\u00dfen. Es geht darum, attraktive Orte in der City zu verbinden und ein Netz der kurzen Wege zu schaffen. Die Eberhardstra\u00dfe ist der Auftakt, wir werden in den n\u00e4chsten Monaten innerhalb der City sp\u00fcrbar den \u00f6ffentlichen Raum vom Autoverkehr entlasten.\u201c<\/p>\n<p style=\"text-align: justify;\">Laut Zielbeschluss sollen oberirdische Parkpl\u00e4tze entfallen, die Zufahrten zu den Parkh\u00e4usern oder Behindertenparkpl\u00e4tzen dennoch m\u00f6glich sein. Die Verwaltung erw\u00e4gt dar\u00fcber hinaus, in verkehrsberuhigten Gesch\u00e4ftsbereichen Tempo 20 einzuf\u00fchren.<\/p>\n<p style=\"text-align: justify;\"><strong>Mehr Aufenthaltsqualit\u00e4t in der Eberhardstra\u00dfe<br \/>\n<\/strong>In der Eberhardstra\u00dfe hat die Stadt den Zielbeschluss bereits realisiert. Ehemalige Parkfl\u00e4chen dienen nun der Au\u00dfengastronomie, Sitzw\u00fcrfel laden zum Verweilen ein und farbliche Markierungen sowie zus\u00e4tzliche Radb\u00fcgel st\u00e4rken den Radverkehr.<\/p>\n<p style=\"text-align: justify;\">Jochen Hutt, Leiter der Abteilung Stra\u00dfen und Verkehr im Tiefbauamt, sagte: \u201eIn der Eberhardstra\u00dfe gibt es jetzt zus\u00e4tzlich 68 Quadratmeter f\u00fcr die Au\u00dfengastronomie. Daf\u00fcr haben wir Parkfl\u00e4chen auf Gehwegniveau angehoben. Au\u00dferdem haben wir 23 Sitzw\u00fcrfen installiert, 20 Sitzb\u00fcgel sollen folgen. Entlang der Eberhardstra\u00dfe gibt es nun 56 feste Radb\u00fcgel, farbliche Markierungen an den Einm\u00fcndungen betonen ihre Widmung als Fahrradstra\u00dfe.\u201c Insgesamt hat die Stadt 260.000 Euro investiert.<\/p>\n<p style=\"text-align: justify;\">Weitere Ma\u00dfnahmen sollen in der Eberhardstra\u00dfe noch in diesem Jahr folgen: spezielle Radb\u00fcgel f\u00fcr Lastenr\u00e4der, eine Fahrradservicestation mit Luftpumpe und Werkzeug f\u00fcr kleinere Reparaturen sowie Baumtr\u00f6ge mit und ohne Sitzb\u00e4nken.<\/p>\n<p style=\"text-align: justify;\"><strong>Neue Verkehrsregeln in der Eberhardstra\u00dfe<br \/>\n<\/strong>Seit Ende Oktober gelten neue Verkehrsregeln f\u00fcr Kraftfahrzeuge und motorisierte Zweir\u00e4der in der Eberhardstra\u00dfe. Wer in der Nadlerstra\u00dfe aus Richtung Rathausgarage in Richtung Hauptst\u00e4tter Stra\u00dfe f\u00e4hrt, darf die Eberhardstra\u00dfe nur noch queren und wird \u00fcber die Dornstra\u00dfe geradeaus direkt aus dem Quartier herausgeleitet. Diese Regelung gilt noch w\u00e4hrend der Bauma\u00dfnahmen rund um die Eichstra\u00dfe und den T\u00f6pferplatz. Danach wird die Nadlerstra\u00dfe zwischen T\u00f6pferstra\u00dfe und Eberhardstra\u00dfe zu einer Fu\u00dfg\u00e4ngerzone. Die Zufahrt ab der Einm\u00fcndung Nadler-\/Dornstra\u00dfe in Richtung Torstra\u00dfe ist wie bisher f\u00fcr den Kfz- Verkehr nicht zugelassen. Der Lieferverkehr ist zwischen 5 und 11 Uhr zugelassen. Taxen und Menschen mit Behinderung, die einen blauen Parkausweis haben, k\u00f6nnen weiterhin die Fahrradstra\u00dfe befahren und auf den ausgewiesenen Stellpl\u00e4tzen parken.<\/p>\n<p style=\"text-align: justify;\">Susanne Scherz, Leiterin der Abteilung Stra\u00dfenverkehr beim Amt f\u00fcr \u00f6ffentliche Ordnung, sagte: \u201eNeue Regeln brauchen eine Zeit, bis sie den Verkehrsteilnehmern bewusst sind. Dennoch: Die neuen Verkehrsregeln sind eindeutig und gelten bereits. Darauf weisen auch Banner in den Einfahrtbereichen der Torstra\u00dfe und Hauptst\u00e4tter Stra\u00dfe hin. Wir achten schon jetzt sehr genau auf die Einhaltung und sanktionieren, aber informieren gleichzeitig auch \u00fcber den Sinn der Ma\u00dfnahme.\u201c<\/p>\n<p style=\"text-align: justify;\"><strong>Gesamtkonzeption f\u00fcr den City-Ring<br \/>\n<\/strong>In der Eberhardstra\u00dfe wird der Zielbeschluss zum ersten Mal im Stadtgebiet sichtbar. Der Beschluss umfasst das Gebiet innerhalb des City-Rings. Stephan Oehler, Abteilungsleiter Verkehrsplanung und Stadtgestaltung im Amt f\u00fcr St\u00e4dtebau, Wohnen und Umwelt, sagte: \u201eMomentan analysieren wir das Gebiet innerhalb des City-Rings, um im Ergebnis ein Gesamtkonzept f\u00fcr die Innenstadt zu haben. Inhalt werden Vorschl\u00e4ge dazu sein, wo wir Fu\u00dfg\u00e4ngerfl\u00e4chen erweitern beziehungsweise zus\u00e4tzliche Verkehrsberuhigungen umsetzen k\u00f6nnen. Mit den Ergebnissen rechnen wir bis Mitte n\u00e4chsten Jahres. Wir wollen in der Zwischenzeit mit schnellen, flexiblen Ma\u00dfnahmen zeigen, dass wir vorankommen. Als n\u00e4chstes folgt die Dorotheenstra\u00dfe. Wir werden neue Wege gehen, Erfahrungen sammeln und \u00c4nderungen vornehmen, wo es zwingend oder angemessen ist.\u201c<\/p>\n<p style=\"text-align: justify;\">Die Stadt setzt auf mehr Gr\u00fcnfl\u00e4chen, Fl\u00e4chen zum Verweilen ohne Konsumzwang, eine bessere Radinfrastruktur inklusive Abstellm\u00f6glichkeiten, mehr Angebot f\u00fcr Kinder und Jugendliche sowie Fl\u00e4chen f\u00fcr Au\u00dfengastronomie.<\/p>\n<hr \/>\n<p style=\"text-align: justify;\">\n","protected":false},"excerpt":{"rendered":"<p>Neue Verkehrsregeln in der Eberhardstra\u00dfe Schrittweise Ausweitung auf Stadtkern Stuttgart.| Oberb\u00fcrgermeister Fritz Kuhn hat symbolisch den ersten \u201eAnlauf\u201c genommen: Mit Experten der Fachbeh\u00f6rden und zahlreichen Interessierten pr\u00e4sentierte er am Freitag, 15. November, bei einem Gang durch die Eberhardstra\u00dfe die neue Gestalt dieses Abschnitts. Dabei gab die Verwaltung auch einen Ausblick auf die Umsetzung des Zielbeschlusses [&hellip;]<\/p>\n","protected":false},"author":4,"featured_media":136820,"comment_status":"closed","ping_status":"open","sticky":false,"template":"","format":"standard","meta":{"inline_featured_image":false,"_exactmetrics_skip_tracking":false,"_exactmetrics_sitenote_active":false,"_exactmetrics_sitenote_note":"","_exactmetrics_sitenote_category":0,"footnotes":""},"categories":[59,2239],"tags":[16459,14857,16435,12564,5,68,9,275],"class_list":{"0":"post-136819","1":"post","2":"type-post","3":"status-publish","4":"format-standard","5":"has-post-thumbnail","7":"category-aktuell","8":"category-stuttgart-lokal","9":"tag-aufwertung","10":"tag-die-webzeitung","11":"tag-eberhardstrasse","12":"tag-innenstadt","13":"tag-internetzeitung","14":"tag-online-zeitung","15":"tag-schaumedia","16":"tag-stuttgart"},"image_feature":"https:\/\/die-webzeitung.de\/stuttgart\/wp-content\/uploads\/sites\/4\/2019\/11\/Lebenswerte-Innenstadt.jpg","author_name":"Redaktion","pure_taxonomies":{"categories":[{"term_id":59,"name":"Aktuell","slug":"aktuell","term_group":0,"term_taxonomy_id":60,"taxonomy":"category","description":"","parent":0,"count":1017,"filter":"raw","image":""},{"term_id":2239,"name":"Stuttgart","slug":"stuttgart-lokal","term_group":0,"term_taxonomy_id":2252,"taxonomy":"category","description":"Berichte und Informationen aus Stuttgart","parent":1433,"count":941,"filter":"raw","image":""}],"tags":[{"term_id":16459,"name":"Aufwertung","slug":"aufwertung","term_group":0,"term_taxonomy_id":16478,"taxonomy":"post_tag","description":"","parent":0,"count":1,"filter":"raw","image":""},{"term_id":14857,"name":"Die-Webzeitung","slug":"die-webzeitung","term_group":0,"term_taxonomy_id":14876,"taxonomy":"post_tag","description":"","parent":0,"count":3623,"filter":"raw","image":""},{"term_id":16435,"name":"Eberhardstra\u00dfe","slug":"eberhardstrasse","term_group":0,"term_taxonomy_id":16454,"taxonomy":"post_tag","description":"","parent":0,"count":2,"filter":"raw","image":""},{"term_id":12564,"name":"Innenstadt","slug":"innenstadt","term_group":0,"term_taxonomy_id":12604,"taxonomy":"post_tag","description":"","parent":0,"count":11,"filter":"raw","image":""},{"term_id":5,"name":"Internetzeitung","slug":"internetzeitung","term_group":0,"term_taxonomy_id":5,"taxonomy":"post_tag","description":"","parent":0,"count":1461,"filter":"raw","image":""},{"term_id":68,"name":"Online-Zeitung","slug":"online-zeitung","term_group":0,"term_taxonomy_id":69,"taxonomy":"post_tag","description":"","parent":0,"count":3593,"filter":"raw","image":""},{"term_id":9,"name":"SchauMedia","slug":"schaumedia","term_group":0,"term_taxonomy_id":9,"taxonomy":"post_tag","description":"","parent":0,"count":1607,"filter":"raw","image":""},{"term_id":275,"name":"Stuttgart","slug":"stuttgart","term_group":0,"term_taxonomy_id":281,"taxonomy":"post_tag","description":"","parent":0,"count":1194,"filter":"raw","image":""}]},"_links":{"self":[{"href":"https:\/\/die-webzeitung.de\/stuttgart\/wp-json\/wp\/v2\/posts\/136819","targetHints":{"allow":["GET"]}}],"collection":[{"href":"https:\/\/die-webzeitung.de\/stuttgart\/wp-json\/wp\/v2\/posts"}],"about":[{"href":"https:\/\/die-webzeitung.de\/stuttgart\/wp-json\/wp\/v2\/types\/post"}],"author":[{"embeddable":true,"href":"https:\/\/die-webzeitung.de\/stuttgart\/wp-json\/wp\/v2\/users\/4"}],"replies":[{"embeddable":true,"href":"https:\/\/die-webzeitung.de\/stuttgart\/wp-json\/wp\/v2\/comments?post=136819"}],"version-history":[{"count":1,"href":"https:\/\/die-webzeitung.de\/stuttgart\/wp-json\/wp\/v2\/posts\/136819\/revisions"}],"predecessor-version":[{"id":136821,"href":"https:\/\/die-webzeitung.de\/stuttgart\/wp-json\/wp\/v2\/posts\/136819\/revisions\/136821"}],"wp:featuredmedia":[{"embeddable":true,"href":"https:\/\/die-webzeitung.de\/stuttgart\/wp-json\/wp\/v2\/media\/136820"}],"wp:attachment":[{"href":"https:\/\/die-webzeitung.de\/stuttgart\/wp-json\/wp\/v2\/media?parent=136819"}],"wp:term":[{"taxonomy":"category","embeddable":true,"href":"https:\/\/die-webzeitung.de\/stuttgart\/wp-json\/wp\/v2\/categories?post=136819"},{"taxonomy":"post_tag","embeddable":true,"href":"https:\/\/die-webzeitung.de\/stuttgart\/wp-json\/wp\/v2\/tags?post=136819"}],"curies":[{"name":"wp","href":"https:\/\/api.w.org\/{rel}","templated":true}]}}