{"id":136797,"date":"2019-11-13T18:56:47","date_gmt":"2019-11-13T17:56:47","guid":{"rendered":"https:\/\/die-webzeitung.de\/stuttgart\/?p=136797"},"modified":"2019-11-13T18:56:47","modified_gmt":"2019-11-13T17:56:47","slug":"apple-pay-gibt-es-bald-auch-fuer-sparkassen-kunden","status":"publish","type":"post","link":"https:\/\/die-webzeitung.de\/stuttgart\/2019\/11\/13\/apple-pay-gibt-es-bald-auch-fuer-sparkassen-kunden\/","title":{"rendered":"Apple Pay gibt es bald auch f\u00fcr Sparkassen-Kunden"},"content":{"rendered":"<p style=\"text-align: justify;\">Im Sommer 2018 haben die Sparkassen eine eigene App f\u00fcr den mobilen Bezahlvorgang gestartet. Nun gehen die \u00f6ffentlich-rechtlichen Institute einen Schritt weiter: Noch in diesem Jahr will man den Kunden Apple Pay anbieten &#8211; zu Beginn nur f\u00fcr die Kreditkarte, ab dem Jahr 2020 dann auch f\u00fcr die Girocard.<\/p>\n<p style=\"text-align: justify;\"><strong>Kommt Apple Pay noch tats\u00e4chlich 2019?<br \/>\n<\/strong>Befasst man sich mit dem Bitcoin, so ben\u00f6tigt man eine Wallet, also ein digitales Portemonnaie &#8211; au\u00dfer, man spekuliert \u00fcber <a href=\"https:\/\/www.aktienboard.com\/bitcoin-robot\/bitcoin-future\/\" target=\"_blank\" rel=\"noopener noreferrer\">Bitcoin Future<\/a>, wie sich der Kurs entwickelt. In diesem Fall erwirbt man keine Coins. Eine digitale Geldb\u00f6rse ben\u00f6tigt man auch, wenn man mit dem Smartphone bezahlen will. Eine M\u00f6glichkeit, die immer beliebter wird. Das wissen auch die Banken.<\/p>\n<p style=\"text-align: justify;\">Ende Oktober hat der Deutsche Sparkassen- und Giroverband die im Fr\u00fchjahr getroffenen Aussagen konkretisiert, nannte jedoch aber keinen genauen Termin, wann denn die Kunden der Stadt- und Kreissparkassen <a href=\"https:\/\/www.bild.de\/digital\/smartphone-und-tablet\/handy-und-telefon\/apple-pay-google-pay-co-zahlen-per-app-ist-sicher-aber-65981208.bild.html\" target=\"_blank\" rel=\"noopener noreferrer\">auf Apple Pay zugreifen<\/a> k\u00f6nnen. Dass der Service noch 2019 zur Verf\u00fcgung stehen soll, l\u00e4sst zumindest vermuten, dass es sich nur noch um ein paar Wochen handeln kann.<\/p>\n<p style=\"text-align: justify;\">Neben der Konkretisierung gab es auch Neuigkeiten: Man will zu Beginn zwar nur die MasterCard einbinden, auf lange Sicht gesehen aber auch die Girocard mit ins Boot holen &#8211; das ist jedoch erst f\u00fcr das kommende Jahr geplant.<\/p>\n<p style=\"text-align: justify;\">Auch die Volks- wie Raiffeisenbanken haben sich bereits zu Apple Pay ge\u00e4u\u00dfert und im August bekr\u00e4ftigt, demn\u00e4chst das mobile Bezahlen auch f\u00fcr iOS anbieten zu wollen.<\/p>\n<p style=\"text-align: justify;\"><strong>Apple Pay steht in Deutschland bereits seit Ende 2018 zur Verf\u00fcgung<br \/>\n<\/strong>Zu Beginn haben die Sparkassen den Apple iPhone-Bezahldienst noch abgelehnt. So wurde beispielsweise gefordert, die NFC-Schnittstelle des iPhones freizugeben, damit die Banken ihre eigenen Apps anbieten k\u00f6nnen. Doch wenig sp\u00e4ter war klar, dass man diesen Kampf wohl nicht gewinnen kann &#8211; und verwies im Fr\u00fchjahr darauf, dass man zum Wohle der Kunden handeln will, die Apple Pay nat\u00fcrlich interessant finden.<\/p>\n<p style=\"text-align: justify;\">Laut heise.de gab es ein Schreiben an die Kunden der Sparkassen, in dem geschrieben stand, dass es nun bei Verwendung der digitalen Karten ein neues Verfahren zur Authentifizierung geben wird, \u201edie vom Karteninhaber direkt auf dem Smartphone\u201c durchgef\u00fchrt werden kann &#8211; etwa mittels biometrischer Verfahren wie Gesichtserkennung, Fingerabdruck oder mittels Eingabe des Ger\u00e4te-Codes. Derartige Verfahren werden auch beim mobilen Bezahldienst aus dem Hause Apple genutzt &#8211; aber auch bei den Wettbewerbern, so beispielsweise bei Google Pay.<\/p>\n<p style=\"text-align: justify;\">Apple Pay wurde in Deutschland Ende 2018 gestartet. Im Laden k\u00f6nnen die Benutzer nun <a href=\"https:\/\/www.sueddeutsche.de\/wirtschaft\/apple-card-score-1.4677014\" target=\"_blank\" rel=\"noopener noreferrer\">den Service mit ihrer Kreditkarte<\/a> nutzen. Um den Service in Anspruch nehmen zu k\u00f6nnen, muss man hier am iPhone oder der Apple Watch nur die Bezahlfunktion aktivieren und sodann das Ger\u00e4t direkt an das Bezahlterminal halten. Jedoch ist zu beachten, dass aber der kontaktlose Bezahlvorgang von Seiten der Kassentechnik unterst\u00fctzt werden muss.<\/p>\n<p style=\"text-align: justify;\">Apple Pay funktioniert bisher mit Kredit- wie Debitkarten der Deutschen Bank, der HypoVereinsbank, der Santander Consumer Bank, der N26 Bank sowie der DKB und \u00a0Comdirect Bank. Noch in diesem Jahr folgen die Sparkassen; die Volks- und Raiffeisenbanken werden Apple Pay wohl im kommenden Jahr anbieten k\u00f6nnen.<\/p>\n<p style=\"text-align: justify;\">Das hei\u00dft aber nicht, dass von den Sparkassen wie Genossenschaftsbanken keine L\u00f6sungen f\u00fcr den mobilen Bezahlvorgang angeboten werden. Seit Juli 2018 gibt es eine eigene App, die mehr als eine halbe Million Kunden der Sparkasse auch genutzt haben. Jedoch war der mobile Bezahlvorgang nur \u00fcber Smartphones m\u00f6glich, die mit einem Android-Betriebssystem ausgestattet waren. Dies deshalb, weil es mit dem iPhone nicht m\u00f6glich ist, auf den NFC-Funkchip zuzugreifen.<\/p>\n<figure id=\"attachment_136799\" aria-describedby=\"caption-attachment-136799\" style=\"width: 700px\" class=\"wp-caption aligncenter\"><img loading=\"lazy\" decoding=\"async\" class=\"size-full wp-image-136799\" src=\"https:\/\/die-webzeitung.de\/stuttgart\/wp-content\/uploads\/sites\/4\/2019\/11\/credit-card-1730085_1920.jpg\" alt=\"\" width=\"700\" height=\"467\" srcset=\"https:\/\/die-webzeitung.de\/stuttgart\/wp-content\/uploads\/sites\/4\/2019\/11\/credit-card-1730085_1920.jpg 700w, https:\/\/die-webzeitung.de\/stuttgart\/wp-content\/uploads\/sites\/4\/2019\/11\/credit-card-1730085_1920-300x200.jpg 300w, https:\/\/die-webzeitung.de\/stuttgart\/wp-content\/uploads\/sites\/4\/2019\/11\/credit-card-1730085_1920-696x464.jpg 696w, https:\/\/die-webzeitung.de\/stuttgart\/wp-content\/uploads\/sites\/4\/2019\/11\/credit-card-1730085_1920-630x420.jpg 630w\" sizes=\"auto, (max-width: 700px) 100vw, 700px\" \/><figcaption id=\"caption-attachment-136799\" class=\"wp-caption-text\">Bild: Ahmad Ardity auf Pixabay<\/figcaption><\/figure>\n<p style=\"text-align: justify;\"><strong>Das Bezahlen mit dem Smartphone wird beliebter werden<br \/>\n<\/strong>Helmut Schleweis, Pr\u00e4sident der Sparkassen, hat zu Beginn des Jahres betont, es sei wichtig, Apple Pay einzubinden &#8211; vor allem auch, wenn es darum geht, Apple Pay mit der Girocard zu kombinieren.<\/p>\n<p style=\"text-align: justify;\">Dass der Deutsche ein Fan des Bargelds ist, mag keine \u00dcberraschung sein. Jedoch wird die M\u00f6glichkeit, mit dem Smartphone bezahlen zu k\u00f6nnen, von einem immer gr\u00f6\u00dfer werdenden Anteil, vorwiegend von unter 30-J\u00e4hrigen, in Anspruch genommen. Die Zukunft, das besagen zumindest die aktuellen Zahlen, wird also noch st\u00e4rker vom Smartphone gepr\u00e4gt werden.<\/p>\n<hr \/>\n<p style=\"text-align: justify;\">\n","protected":false},"excerpt":{"rendered":"<p>Im Sommer 2018 haben die Sparkassen eine eigene App f\u00fcr den mobilen Bezahlvorgang gestartet. Nun gehen die \u00f6ffentlich-rechtlichen Institute einen Schritt weiter: Noch in diesem Jahr will man den Kunden Apple Pay anbieten &#8211; zu Beginn nur f\u00fcr die Kreditkarte, ab dem Jahr 2020 dann auch f\u00fcr die Girocard. Kommt Apple Pay noch tats\u00e4chlich 2019? [&hellip;]<\/p>\n","protected":false},"author":4,"featured_media":136798,"comment_status":"closed","ping_status":"open","sticky":false,"template":"","format":"standard","meta":{"inline_featured_image":false,"_exactmetrics_skip_tracking":false,"_exactmetrics_sitenote_active":false,"_exactmetrics_sitenote_note":"","_exactmetrics_sitenote_category":0,"footnotes":""},"categories":[2237],"tags":[15244,14857,5,11553,68,16456,9],"class_list":{"0":"post-136797","1":"post","2":"type-post","3":"status-publish","4":"format-standard","5":"has-post-thumbnail","7":"category-ratgeber-leben","8":"tag-apple","9":"tag-die-webzeitung","10":"tag-internetzeitung","11":"tag-nevdel","12":"tag-online-zeitung","13":"tag-pay","14":"tag-schaumedia"},"image_feature":"https:\/\/die-webzeitung.de\/stuttgart\/wp-content\/uploads\/sites\/4\/2019\/11\/iphone-410311_1280.jpg","author_name":"Redaktion","pure_taxonomies":{"categories":[{"term_id":2237,"name":"Ratgeber","slug":"ratgeber-leben","term_group":0,"term_taxonomy_id":2250,"taxonomy":"category","description":"","parent":482,"count":380,"filter":"raw","image":""}],"tags":[{"term_id":15244,"name":"Apple","slug":"apple","term_group":0,"term_taxonomy_id":15263,"taxonomy":"post_tag","description":"","parent":0,"count":1,"filter":"raw","image":""},{"term_id":14857,"name":"Die-Webzeitung","slug":"die-webzeitung","term_group":0,"term_taxonomy_id":14876,"taxonomy":"post_tag","description":"","parent":0,"count":3623,"filter":"raw","image":""},{"term_id":5,"name":"Internetzeitung","slug":"internetzeitung","term_group":0,"term_taxonomy_id":5,"taxonomy":"post_tag","description":"","parent":0,"count":1461,"filter":"raw","image":""},{"term_id":11553,"name":"NEVDEL","slug":"nevdel","term_group":0,"term_taxonomy_id":11591,"taxonomy":"post_tag","description":"","parent":0,"count":89,"filter":"raw","image":""},{"term_id":68,"name":"Online-Zeitung","slug":"online-zeitung","term_group":0,"term_taxonomy_id":69,"taxonomy":"post_tag","description":"","parent":0,"count":3593,"filter":"raw","image":""},{"term_id":16456,"name":"Pay","slug":"pay","term_group":0,"term_taxonomy_id":16475,"taxonomy":"post_tag","description":"","parent":0,"count":1,"filter":"raw","image":""},{"term_id":9,"name":"SchauMedia","slug":"schaumedia","term_group":0,"term_taxonomy_id":9,"taxonomy":"post_tag","description":"","parent":0,"count":1607,"filter":"raw","image":""}]},"_links":{"self":[{"href":"https:\/\/die-webzeitung.de\/stuttgart\/wp-json\/wp\/v2\/posts\/136797","targetHints":{"allow":["GET"]}}],"collection":[{"href":"https:\/\/die-webzeitung.de\/stuttgart\/wp-json\/wp\/v2\/posts"}],"about":[{"href":"https:\/\/die-webzeitung.de\/stuttgart\/wp-json\/wp\/v2\/types\/post"}],"author":[{"embeddable":true,"href":"https:\/\/die-webzeitung.de\/stuttgart\/wp-json\/wp\/v2\/users\/4"}],"replies":[{"embeddable":true,"href":"https:\/\/die-webzeitung.de\/stuttgart\/wp-json\/wp\/v2\/comments?post=136797"}],"version-history":[{"count":1,"href":"https:\/\/die-webzeitung.de\/stuttgart\/wp-json\/wp\/v2\/posts\/136797\/revisions"}],"predecessor-version":[{"id":136800,"href":"https:\/\/die-webzeitung.de\/stuttgart\/wp-json\/wp\/v2\/posts\/136797\/revisions\/136800"}],"wp:featuredmedia":[{"embeddable":true,"href":"https:\/\/die-webzeitung.de\/stuttgart\/wp-json\/wp\/v2\/media\/136798"}],"wp:attachment":[{"href":"https:\/\/die-webzeitung.de\/stuttgart\/wp-json\/wp\/v2\/media?parent=136797"}],"wp:term":[{"taxonomy":"category","embeddable":true,"href":"https:\/\/die-webzeitung.de\/stuttgart\/wp-json\/wp\/v2\/categories?post=136797"},{"taxonomy":"post_tag","embeddable":true,"href":"https:\/\/die-webzeitung.de\/stuttgart\/wp-json\/wp\/v2\/tags?post=136797"}],"curies":[{"name":"wp","href":"https:\/\/api.w.org\/{rel}","templated":true}]}}