{"id":136781,"date":"2019-11-12T14:34:19","date_gmt":"2019-11-12T13:34:19","guid":{"rendered":"https:\/\/die-webzeitung.de\/stuttgart\/?p=136781"},"modified":"2019-11-12T14:34:19","modified_gmt":"2019-11-12T13:34:19","slug":"probefahrten-auf-der-schoenbuchbahn-strecke","status":"publish","type":"post","link":"https:\/\/die-webzeitung.de\/stuttgart\/2019\/11\/12\/probefahrten-auf-der-schoenbuchbahn-strecke\/","title":{"rendered":"Probefahrten auf der Sch\u00f6nbuchbahn-Strecke"},"content":{"rendered":"<p style=\"text-align: justify;\">Die Bauarbeiten zum Ausbau und zur Elektrifizierung der Sch\u00f6nbuchbahn befinden sich in der Endphase. Ab dem 21. November beginnen die Probefahrten, zun\u00e4chst noch im Dieselbetrieb. Ab dem 29. November 00:00 Uhr flie\u00dft in den Oberleitungen auch Strom. Ab diesem Zeitpunkt steht sie st\u00e4ndig unter Spannung von 15.000 Volt, sodass dann auch die Elektrofahrzeuge \u00fcberf\u00fchrt werden und ihren Probebetrieb auf der Sch\u00f6nbuchbahn aufnehmen k\u00f6nnen.<\/p>\n<p style=\"text-align: justify;\"><strong>Oberleitungen unter Strom<br \/>\n<\/strong>Ber\u00fchrungen mit der Oberleitung k\u00f6nnen t\u00f6dliche Folgen haben. Der Zweckverband Sch\u00f6nbuchbahn und die W\u00fcrttembergische Eisenbahngesellschaft weisen daher auf die Gefahren bei unbefugtem Betreten von Bahnanlagen hin. Wer auf Br\u00fcckenbauten, Maste oder andere an der Strecke befindlichen Bauwerke klettert, begibt sich in Lebensgefahr.<\/p>\n<p style=\"text-align: justify;\">Bereits eine Ann\u00e4herung von 1,5 Meter zur Oberleitungsanlage und ihrer Aufh\u00e4ngungen kann zu einem meist t\u00f6dlichen Stromschlag f\u00fchren. Dies gilt auch f\u00fcr das Hantieren mit Luftballons, Drachen und Wasserschl\u00e4uchen neben und \u00fcber der Bahnanlage.<\/p>\n<p style=\"text-align: justify;\">Auf den Bahnsteigen und Bahn\u00fcberg\u00e4ngen werden zus\u00e4tzliche Hinweisschilder angebracht, die auf die Gefahren aufmerksam machen.<\/p>\n<p style=\"text-align: justify;\"><strong>Schnupperfahrten und ein Er\u00f6ffnungsfest<br \/>\n<\/strong>Die Sch\u00f6nbuchbahn nimmt ihren regul\u00e4ren Fahrbetrieb auf der gesamten Strecke am 15. Dezember wieder auf. Bereits am Samstag, den 14. Dezember, gibt es zur Wiederinbetriebnahme der Strecke Schnupperfahrten mit Elektrofahrzeugen. Au\u00dferdem findet an dem Tag im neu errichteten Betriebswerk beim B\u00f6blinger Bahnhof ein Fest f\u00fcr die \u00d6ffentlichkeit statt. Informationen zum Er\u00f6ffnungswochenende folgen in den n\u00e4chsten Wochen \u00fcber die Tagespresse.<\/p>\n<hr \/>\n<p style=\"text-align: justify;\">\n","protected":false},"excerpt":{"rendered":"<p>Die Bauarbeiten zum Ausbau und zur Elektrifizierung der Sch\u00f6nbuchbahn befinden sich in der Endphase. Ab dem 21. November beginnen die Probefahrten, zun\u00e4chst noch im Dieselbetrieb. Ab dem 29. November 00:00 Uhr flie\u00dft in den Oberleitungen auch Strom. Ab diesem Zeitpunkt steht sie st\u00e4ndig unter Spannung von 15.000 Volt, sodass dann auch die Elektrofahrzeuge \u00fcberf\u00fchrt werden [&hellip;]<\/p>\n","protected":false},"author":4,"featured_media":136782,"comment_status":"closed","ping_status":"open","sticky":false,"template":"","format":"standard","meta":{"inline_featured_image":false,"_exactmetrics_skip_tracking":false,"_exactmetrics_sitenote_active":false,"_exactmetrics_sitenote_note":"","_exactmetrics_sitenote_category":0,"footnotes":""},"categories":[59,2246],"tags":[3061,14857,5,68,16454,9,14992,250],"class_list":{"0":"post-136781","1":"post","2":"type-post","3":"status-publish","4":"format-standard","5":"has-post-thumbnail","7":"category-aktuell","8":"category-kreis-boeblingen","9":"tag-boblingen","10":"tag-die-webzeitung","11":"tag-internetzeitung","12":"tag-online-zeitung","13":"tag-probefahrt","14":"tag-schaumedia","15":"tag-schoenbuchbahn","16":"tag-strom"},"image_feature":"https:\/\/die-webzeitung.de\/stuttgart\/wp-content\/uploads\/sites\/4\/2019\/11\/Hochspannung.jpg","author_name":"Redaktion","pure_taxonomies":{"categories":[{"term_id":59,"name":"Aktuell","slug":"aktuell","term_group":0,"term_taxonomy_id":60,"taxonomy":"category","description":"","parent":0,"count":1017,"filter":"raw","image":""},{"term_id":2246,"name":"Kreis B\u00f6blingen","slug":"kreis-boeblingen","term_group":0,"term_taxonomy_id":2259,"taxonomy":"category","description":"","parent":171,"count":197,"filter":"raw","image":""}],"tags":[{"term_id":3061,"name":"B\u00f6blingen","slug":"boblingen","term_group":0,"term_taxonomy_id":3075,"taxonomy":"post_tag","description":"","parent":0,"count":260,"filter":"raw","image":""},{"term_id":14857,"name":"Die-Webzeitung","slug":"die-webzeitung","term_group":0,"term_taxonomy_id":14876,"taxonomy":"post_tag","description":"","parent":0,"count":3623,"filter":"raw","image":""},{"term_id":5,"name":"Internetzeitung","slug":"internetzeitung","term_group":0,"term_taxonomy_id":5,"taxonomy":"post_tag","description":"","parent":0,"count":1461,"filter":"raw","image":""},{"term_id":68,"name":"Online-Zeitung","slug":"online-zeitung","term_group":0,"term_taxonomy_id":69,"taxonomy":"post_tag","description":"","parent":0,"count":3593,"filter":"raw","image":""},{"term_id":16454,"name":"Probefahrt","slug":"probefahrt","term_group":0,"term_taxonomy_id":16473,"taxonomy":"post_tag","description":"","parent":0,"count":1,"filter":"raw","image":""},{"term_id":9,"name":"SchauMedia","slug":"schaumedia","term_group":0,"term_taxonomy_id":9,"taxonomy":"post_tag","description":"","parent":0,"count":1607,"filter":"raw","image":""},{"term_id":14992,"name":"Sch\u00f6nbuchbahn","slug":"schoenbuchbahn","term_group":0,"term_taxonomy_id":15011,"taxonomy":"post_tag","description":"","parent":0,"count":17,"filter":"raw","image":""},{"term_id":250,"name":"Strom","slug":"strom","term_group":0,"term_taxonomy_id":255,"taxonomy":"post_tag","description":"","parent":0,"count":2,"filter":"raw","image":""}]},"_links":{"self":[{"href":"https:\/\/die-webzeitung.de\/stuttgart\/wp-json\/wp\/v2\/posts\/136781","targetHints":{"allow":["GET"]}}],"collection":[{"href":"https:\/\/die-webzeitung.de\/stuttgart\/wp-json\/wp\/v2\/posts"}],"about":[{"href":"https:\/\/die-webzeitung.de\/stuttgart\/wp-json\/wp\/v2\/types\/post"}],"author":[{"embeddable":true,"href":"https:\/\/die-webzeitung.de\/stuttgart\/wp-json\/wp\/v2\/users\/4"}],"replies":[{"embeddable":true,"href":"https:\/\/die-webzeitung.de\/stuttgart\/wp-json\/wp\/v2\/comments?post=136781"}],"version-history":[{"count":1,"href":"https:\/\/die-webzeitung.de\/stuttgart\/wp-json\/wp\/v2\/posts\/136781\/revisions"}],"predecessor-version":[{"id":136783,"href":"https:\/\/die-webzeitung.de\/stuttgart\/wp-json\/wp\/v2\/posts\/136781\/revisions\/136783"}],"wp:featuredmedia":[{"embeddable":true,"href":"https:\/\/die-webzeitung.de\/stuttgart\/wp-json\/wp\/v2\/media\/136782"}],"wp:attachment":[{"href":"https:\/\/die-webzeitung.de\/stuttgart\/wp-json\/wp\/v2\/media?parent=136781"}],"wp:term":[{"taxonomy":"category","embeddable":true,"href":"https:\/\/die-webzeitung.de\/stuttgart\/wp-json\/wp\/v2\/categories?post=136781"},{"taxonomy":"post_tag","embeddable":true,"href":"https:\/\/die-webzeitung.de\/stuttgart\/wp-json\/wp\/v2\/tags?post=136781"}],"curies":[{"name":"wp","href":"https:\/\/api.w.org\/{rel}","templated":true}]}}