{"id":136766,"date":"2019-11-10T12:36:06","date_gmt":"2019-11-10T11:36:06","guid":{"rendered":"https:\/\/die-webzeitung.de\/stuttgart\/2019\/11\/10\/sgv-kommt-gegen-aufsteiger-unter-die-raeder\/"},"modified":"2019-11-10T13:55:04","modified_gmt":"2019-11-10T12:55:04","slug":"sgv-kommt-gegen-aufsteiger-unter-die-raeder","status":"publish","type":"post","link":"https:\/\/die-webzeitung.de\/stuttgart\/2019\/11\/10\/sgv-kommt-gegen-aufsteiger-unter-die-raeder\/","title":{"rendered":"SGV kommt gegen Aufsteiger unter die R\u00e4der"},"content":{"rendered":"<h5 style=\"text-align: justify;\"><strong>SGV Freiberg Fu\u00dfball \u2013 1 FC Rielasingen-Arlen 0:5 (0:3)<\/strong><\/h5>\n<p style=\"text-align: justify;\"><em>von Fabian B\u00f6lke<\/em><\/p>\n<p style=\"text-align: justify;\">Freiberg a. N.| \u201eIch kann mich f\u00fcr die heutige Leistung der Mannschaft nur bei allen Zuschauern entschuldigen.\u201c, befand SGV-Cheftrainer Mario Estasi auf der Pressekonferenz nach dem Spiel gegen\u00fcber den anwesenden Journalisten und Fans. Im Detail bem\u00e4ngelte er die fehlende Fokussierung und fragw\u00fcrdige Einstellung bei einigen seiner Spieler, die an diesem Samstagnachmittag auf dem Platz standen.<\/p>\n<p style=\"text-align: justify;\">In der Tat kam die Mannschaft schon schlecht aus den Startl\u00f6chern. Bereits nach vier gespielten Minuten gingen die G\u00e4ste mit 1:0 in F\u00fchrung. Mario Andric leistete sich in der eigenen H\u00e4lfte einen eklatanten Fehlpass ins Zentrum, von wo aus auf Kunze gespielt wurde, welcher den Ball eiskalt hoch im kurzen Toreck unterbrachte. Nur sechs Minuten sp\u00e4ter das 0:2 \u2013 Flanke von links, kurz vor der Grundline, Kopfball durch Battaglia im F\u00fcnfmeterraum \u2013 Tor. Zu einfach machte man es dem Gegner in dieser Anfangsphase.<\/p>\n<p style=\"text-align: justify;\">Etwas aufger\u00fcttelt kam anschlie\u00dfend auch der SGV zu seinen ersten Torchancen. Doch sowohl Barini per Kopf, als auch Kutlu per Schuss aus 25 Metern, scheiterten knapp mit deren Versuchen in der 15. und 19. Spielminute.<\/p>\n<p style=\"text-align: justify;\">Anstatt dem kurzzeitig in der Luft liegenden Anschlusstreffer kam es aber ganz anders. Erneut war es ein Fehlpass in der Hintermannschaft. Beim Versuch den verloren gegangenen Ball zur\u00fcckzuerobern, holte Matthias St\u00fcber seinen Gegenspieler im Strafraum von den Beinen. Foulelfmeter und Tor durch Plavci zum 0:3, nach gerade einmal 24 gespielten Minuten.<\/p>\n<p style=\"text-align: justify;\">Au\u00dfer einer Kopfballgelegenheit durch Milisic, nach Freisto\u00dfflanke durch Lushtaku, passierte bis zur Halbzeit nicht mehr viel.<\/p>\n<p style=\"text-align: justify;\">Nach dem Seitenwechsel zeigte sich der SGV sichtlich bem\u00fchter. Gegen nun tiefstehende G\u00e4ste fehlte aber weiterhin die Durchschlagskraft in der Offensive. Stattdessen sorgte Rielasingen-Arlen, mit den sich bietenden R\u00e4umen, in der 65. Minute durch Stark mit dem 0:4 f\u00fcr die endg\u00fcltige Vorentscheidung. Das 0:5 durch Kunz in der 84. Minute war dann der Schlusspunkt eines f\u00fcr den SGV gebrauchten Tages, der sich mit einem Sieg bis auf zwei Punkte an die Aufstiegspl\u00e4tze heranpirschen h\u00e4tte k\u00f6nnen. Nun steckt man weiterhin im Mittelfeld der Tabelle fest und muss aufpassen, nicht nach unten abzurutschen.<\/p>\n<hr \/>\n<p style=\"text-align: justify;\">\n","protected":false},"excerpt":{"rendered":"<p>SGV Freiberg Fu\u00dfball \u2013 1 FC Rielasingen-Arlen 0:5 (0:3) von Fabian B\u00f6lke Freiberg a. N.| \u201eIch kann mich f\u00fcr die heutige Leistung der Mannschaft nur bei allen Zuschauern entschuldigen.\u201c, befand SGV-Cheftrainer Mario Estasi auf der Pressekonferenz nach dem Spiel gegen\u00fcber den anwesenden Journalisten und Fans. Im Detail bem\u00e4ngelte er die fehlende Fokussierung und fragw\u00fcrdige Einstellung [&hellip;]<\/p>\n","protected":false},"author":4,"featured_media":0,"comment_status":"closed","ping_status":"open","sticky":false,"template":"","format":"standard","meta":{"inline_featured_image":false,"_exactmetrics_skip_tracking":false,"_exactmetrics_sitenote_active":false,"_exactmetrics_sitenote_note":"","_exactmetrics_sitenote_category":0,"footnotes":""},"categories":[110],"tags":[14857,80,129,5,1080,68,9,119],"class_list":{"0":"post-136766","1":"post","2":"type-post","3":"status-publish","4":"format-standard","6":"category-sport","7":"tag-die-webzeitung","8":"tag-freiberger-seite","9":"tag-fusball","10":"tag-internetzeitung","11":"tag-oberliga","12":"tag-online-zeitung","13":"tag-schaumedia","14":"tag-sgv"},"image_feature":null,"author_name":"Redaktion","pure_taxonomies":{"categories":[{"term_id":110,"name":"Sport","slug":"sport","term_group":0,"term_taxonomy_id":112,"taxonomy":"category","description":"Sportberichte","parent":0,"count":1043,"filter":"raw","image":""}],"tags":[{"term_id":14857,"name":"Die-Webzeitung","slug":"die-webzeitung","term_group":0,"term_taxonomy_id":14876,"taxonomy":"post_tag","description":"","parent":0,"count":3623,"filter":"raw","image":""},{"term_id":80,"name":"Freiberg","slug":"freiberger-seite","term_group":0,"term_taxonomy_id":95,"taxonomy":"post_tag","description":"","parent":0,"count":78,"filter":"raw","image":""},{"term_id":129,"name":"Fu\u00dfball","slug":"fusball","term_group":0,"term_taxonomy_id":131,"taxonomy":"post_tag","description":"","parent":0,"count":171,"filter":"raw","image":""},{"term_id":5,"name":"Internetzeitung","slug":"internetzeitung","term_group":0,"term_taxonomy_id":5,"taxonomy":"post_tag","description":"","parent":0,"count":1461,"filter":"raw","image":""},{"term_id":1080,"name":"Oberliga","slug":"oberliga","term_group":0,"term_taxonomy_id":1089,"taxonomy":"post_tag","description":"","parent":0,"count":35,"filter":"raw","image":""},{"term_id":68,"name":"Online-Zeitung","slug":"online-zeitung","term_group":0,"term_taxonomy_id":69,"taxonomy":"post_tag","description":"","parent":0,"count":3593,"filter":"raw","image":""},{"term_id":9,"name":"SchauMedia","slug":"schaumedia","term_group":0,"term_taxonomy_id":9,"taxonomy":"post_tag","description":"","parent":0,"count":1607,"filter":"raw","image":""},{"term_id":119,"name":"SGV","slug":"sgv","term_group":0,"term_taxonomy_id":121,"taxonomy":"post_tag","description":"","parent":0,"count":66,"filter":"raw","image":""}]},"_links":{"self":[{"href":"https:\/\/die-webzeitung.de\/stuttgart\/wp-json\/wp\/v2\/posts\/136766","targetHints":{"allow":["GET"]}}],"collection":[{"href":"https:\/\/die-webzeitung.de\/stuttgart\/wp-json\/wp\/v2\/posts"}],"about":[{"href":"https:\/\/die-webzeitung.de\/stuttgart\/wp-json\/wp\/v2\/types\/post"}],"author":[{"embeddable":true,"href":"https:\/\/die-webzeitung.de\/stuttgart\/wp-json\/wp\/v2\/users\/4"}],"replies":[{"embeddable":true,"href":"https:\/\/die-webzeitung.de\/stuttgart\/wp-json\/wp\/v2\/comments?post=136766"}],"version-history":[{"count":0,"href":"https:\/\/die-webzeitung.de\/stuttgart\/wp-json\/wp\/v2\/posts\/136766\/revisions"}],"wp:attachment":[{"href":"https:\/\/die-webzeitung.de\/stuttgart\/wp-json\/wp\/v2\/media?parent=136766"}],"wp:term":[{"taxonomy":"category","embeddable":true,"href":"https:\/\/die-webzeitung.de\/stuttgart\/wp-json\/wp\/v2\/categories?post=136766"},{"taxonomy":"post_tag","embeddable":true,"href":"https:\/\/die-webzeitung.de\/stuttgart\/wp-json\/wp\/v2\/tags?post=136766"}],"curies":[{"name":"wp","href":"https:\/\/api.w.org\/{rel}","templated":true}]}}