{"id":136737,"date":"2019-11-08T17:25:56","date_gmt":"2019-11-08T16:25:56","guid":{"rendered":"https:\/\/die-webzeitung.de\/stuttgart\/?p=136737"},"modified":"2019-11-08T17:25:56","modified_gmt":"2019-11-08T16:25:56","slug":"degerloch-marco-oliver-luz-neuer-bezirksvorsteher","status":"publish","type":"post","link":"https:\/\/die-webzeitung.de\/stuttgart\/2019\/11\/08\/degerloch-marco-oliver-luz-neuer-bezirksvorsteher\/","title":{"rendered":"Degerloch: Marco-Oliver Luz neuer Bezirksvorsteher"},"content":{"rendered":"<p style=\"text-align: justify;\">Stuttgart.| Marco-Oliver Luz wird neuer Bezirksvorsteher von Degerloch. Der Gemeinderat hat ihn am Donnerstag, 7. November, mit 40 Stimmen gew\u00e4hlt. Auf die Kandidatin Stephanie Reinhold entfielen 18 Stimmen.<\/p>\n<p style=\"text-align: justify;\">Luz folgt auf Brigitte Kunath-Scheffold, die nach 40 Jahren im Dienste der Stadt und davon fast 20 Jahre als Bezirksvorsteherin Ende 2019 in den Ruhestand geht.<\/p>\n<p style=\"text-align: justify;\">Luz sagte: \u201eDegerloch ist ein Kleinod dieser Stadt. Seine Kennzeichen sind der Fernsehturm, die Waldau und die Zacke.\u201c Er sehe sich als Br\u00fcckenbauer zwischen dem Stadtbezirk einschlie\u00dflich dem Bezirksbeirat, der Fachverwaltung und dem Gemeinderat als politischen Souver\u00e4n. Er wolle Interessenvertreter f\u00fcr das gesamte Gemeinwesen in Degerloch sein und Gutes bewahren und Neues entwickeln. Als wichtige Themen sieht er die Entwicklung der Ortsmitte von Degerloch, insbesondere die Verkehrssituation, einen m\u00f6glichen Anschluss des Gewerbegebiets Tr\u00e4nke an die B 27, die Bebauung in der Felix-Dahn-Stra\u00dfe und die Weiterentwicklung des Schulstandorts.<\/p>\n<p style=\"text-align: justify;\">Luz, Jahrgang 1976, ist Verwaltungswirt (FH) mit dem Zusatzschwerpunkt Betriebswirtschaft der \u00f6ffentlichen Hand. Seit 2002 arbeitet er f\u00fcr die Landeshauptstadt in verschiedenen \u00c4mtern, seit 15 Jahren in verantwortlichen Positionen \u2013 so leitet er seit 2016 beim Sozialamt die Abteilung \u201eFl\u00fcchtlinge\u201c. Privat engagiert er sich in der Sterbebegleitung und als Jugendsch\u00f6ffe beim Amtsgericht Stuttgart.<\/p>\n<p style=\"text-align: justify;\">Degerloch z\u00e4hlt rund 17.000 Einwohner und ist etwa 800 Hektar gro\u00df. Pr\u00e4gend f\u00fcr den Bezirk ist der Fernsehturm, das Sport- und Erholungsgebiet Waldau oder der Waldfriedhof. Das Durchschnittsalter der Degerlocher ist mit 44,7 Jahren das vierth\u00f6chste in der Stadt, der Anteil der evangelischen Bev\u00f6lkerung ist mit 30,5 % der h\u00f6chste stadtweit, auch die Anzahl der Wohnungen mit 5 oder mehr Zimmern ist mit 30,8% auf H\u00f6chstwert. Interessant ist auch, dass der Anteil an Sport-, Freizeit und Erholungsfl\u00e4che mit 30,5 % weit \u00fcber dem stadtweiten Durchschnitt liegt, zugleich ist der Anteil der Verkehrsfl\u00e4che mit 46,5 % der viertniedrigste in der Stadt. Das Bev\u00f6lkerungswachstum ist mit 3 % seit 2000 recht gering.<\/p>\n<hr \/>\n<p style=\"text-align: justify;\">\n","protected":false},"excerpt":{"rendered":"<p>Stuttgart.| Marco-Oliver Luz wird neuer Bezirksvorsteher von Degerloch. Der Gemeinderat hat ihn am Donnerstag, 7. November, mit 40 Stimmen gew\u00e4hlt. Auf die Kandidatin Stephanie Reinhold entfielen 18 Stimmen. Luz folgt auf Brigitte Kunath-Scheffold, die nach 40 Jahren im Dienste der Stadt und davon fast 20 Jahre als Bezirksvorsteherin Ende 2019 in den Ruhestand geht. Luz [&hellip;]<\/p>\n","protected":false},"author":4,"featured_media":136738,"comment_status":"closed","ping_status":"open","sticky":false,"template":"","format":"standard","meta":{"inline_featured_image":false,"_exactmetrics_skip_tracking":false,"_exactmetrics_sitenote_active":false,"_exactmetrics_sitenote_note":"","_exactmetrics_sitenote_category":0,"footnotes":""},"categories":[59,2239],"tags":[3424,14857,5,68,15954,9,275],"class_list":{"0":"post-136737","1":"post","2":"type-post","3":"status-publish","4":"format-standard","5":"has-post-thumbnail","7":"category-aktuell","8":"category-stuttgart-lokal","9":"tag-degerloch","10":"tag-die-webzeitung","11":"tag-internetzeitung","12":"tag-online-zeitung","13":"tag-ortsvorsteher","14":"tag-schaumedia","15":"tag-stuttgart"},"image_feature":"https:\/\/die-webzeitung.de\/stuttgart\/wp-content\/uploads\/sites\/4\/2019\/11\/Ku\u0308nftiger-Degerlocher-Bezirksvorsteher-Marco-Oliver-Luz-und-OB-Fritz-Kuhn.jpg","author_name":"Redaktion","pure_taxonomies":{"categories":[{"term_id":59,"name":"Aktuell","slug":"aktuell","term_group":0,"term_taxonomy_id":60,"taxonomy":"category","description":"","parent":0,"count":1017,"filter":"raw","image":""},{"term_id":2239,"name":"Stuttgart","slug":"stuttgart-lokal","term_group":0,"term_taxonomy_id":2252,"taxonomy":"category","description":"Berichte und Informationen aus Stuttgart","parent":1433,"count":941,"filter":"raw","image":""}],"tags":[{"term_id":3424,"name":"Degerloch","slug":"degerloch","term_group":0,"term_taxonomy_id":3439,"taxonomy":"post_tag","description":"","parent":0,"count":2,"filter":"raw","image":""},{"term_id":14857,"name":"Die-Webzeitung","slug":"die-webzeitung","term_group":0,"term_taxonomy_id":14876,"taxonomy":"post_tag","description":"","parent":0,"count":3623,"filter":"raw","image":""},{"term_id":5,"name":"Internetzeitung","slug":"internetzeitung","term_group":0,"term_taxonomy_id":5,"taxonomy":"post_tag","description":"","parent":0,"count":1461,"filter":"raw","image":""},{"term_id":68,"name":"Online-Zeitung","slug":"online-zeitung","term_group":0,"term_taxonomy_id":69,"taxonomy":"post_tag","description":"","parent":0,"count":3593,"filter":"raw","image":""},{"term_id":15954,"name":"Ortsvorsteher","slug":"ortsvorsteher","term_group":0,"term_taxonomy_id":15973,"taxonomy":"post_tag","description":"","parent":0,"count":1,"filter":"raw","image":""},{"term_id":9,"name":"SchauMedia","slug":"schaumedia","term_group":0,"term_taxonomy_id":9,"taxonomy":"post_tag","description":"","parent":0,"count":1607,"filter":"raw","image":""},{"term_id":275,"name":"Stuttgart","slug":"stuttgart","term_group":0,"term_taxonomy_id":281,"taxonomy":"post_tag","description":"","parent":0,"count":1194,"filter":"raw","image":""}]},"_links":{"self":[{"href":"https:\/\/die-webzeitung.de\/stuttgart\/wp-json\/wp\/v2\/posts\/136737","targetHints":{"allow":["GET"]}}],"collection":[{"href":"https:\/\/die-webzeitung.de\/stuttgart\/wp-json\/wp\/v2\/posts"}],"about":[{"href":"https:\/\/die-webzeitung.de\/stuttgart\/wp-json\/wp\/v2\/types\/post"}],"author":[{"embeddable":true,"href":"https:\/\/die-webzeitung.de\/stuttgart\/wp-json\/wp\/v2\/users\/4"}],"replies":[{"embeddable":true,"href":"https:\/\/die-webzeitung.de\/stuttgart\/wp-json\/wp\/v2\/comments?post=136737"}],"version-history":[{"count":1,"href":"https:\/\/die-webzeitung.de\/stuttgart\/wp-json\/wp\/v2\/posts\/136737\/revisions"}],"predecessor-version":[{"id":136739,"href":"https:\/\/die-webzeitung.de\/stuttgart\/wp-json\/wp\/v2\/posts\/136737\/revisions\/136739"}],"wp:featuredmedia":[{"embeddable":true,"href":"https:\/\/die-webzeitung.de\/stuttgart\/wp-json\/wp\/v2\/media\/136738"}],"wp:attachment":[{"href":"https:\/\/die-webzeitung.de\/stuttgart\/wp-json\/wp\/v2\/media?parent=136737"}],"wp:term":[{"taxonomy":"category","embeddable":true,"href":"https:\/\/die-webzeitung.de\/stuttgart\/wp-json\/wp\/v2\/categories?post=136737"},{"taxonomy":"post_tag","embeddable":true,"href":"https:\/\/die-webzeitung.de\/stuttgart\/wp-json\/wp\/v2\/tags?post=136737"}],"curies":[{"name":"wp","href":"https:\/\/api.w.org\/{rel}","templated":true}]}}