{"id":136667,"date":"2019-11-01T17:06:11","date_gmt":"2019-11-01T16:06:11","guid":{"rendered":"https:\/\/die-webzeitung.de\/stuttgart\/?p=136667"},"modified":"2019-11-01T17:06:11","modified_gmt":"2019-11-01T16:06:11","slug":"greg-lemon-verlaesst-die-reds","status":"publish","type":"post","link":"https:\/\/die-webzeitung.de\/stuttgart\/2019\/11\/01\/greg-lemon-verlaesst-die-reds\/","title":{"rendered":"Greg Lemon verl\u00e4sst die Reds"},"content":{"rendered":"<p style=\"text-align: justify;\">Stuttgart.| Der schw\u00e4bische Baseball Bundesligist verliert seinen Head Coach. Greg Lemon wird Ende Januar 2020 wieder zur\u00fcck in die USA ziehen. Diesen Entschluss hat der Trainer mit seiner Frau gemeinsam gefasst, nachdem sie vergangenen Monat Eltern geworden sind. Gerne h\u00e4tten die Verantwortlichen der Stuttgart Reds Greg Lemon noch mindestens f\u00fcr eine weitere Saison in Stuttgart verpflichtet. Doch wollte das Ehepaar Lemon unbedingt seinen Sohn in der Heimat mit der gesamten Familie und deren Umkreis aufwachsen sehen. Ein nachvollziehbarer rein pers\u00f6nlicher Grund. Denn sportlich war man mit der Arbeit des 35 j\u00e4hrigen US Amerikaners beim TV Cannstatt sehr zufrieden. Zwar verpasste das Team ganz knapp die Playoffs, doch gelang es Lemon mit seinem jungen Team und einem viel kleineren Budget als bei den meisten Bundesligateams, eine solide Saison zu spielen.<\/p>\n<p style=\"text-align: justify;\">&#8220;Es hat einfach Spa\u00df gemacht, dem Team beim spielen zuzusehen,&#8221; so Abteilungsleiter Christoph Manske. Schlie\u00dflich wollten die Reds zu Beginn der Saison 2019 bei jedem Spiel eine Siegchance und zumindest am Ende nichts mit dem Abstieg zu tun haben. Nach 13 Siegen und 15 Niederlagen konnte man nach den weiteren Ligaspielen in den Playdowns souver\u00e4n den 6. Tabellenplatz in der 1. Baseball Bundesliga S\u00fcd sichern. Und auch gegen die &#8220;gro\u00dfen&#8221; Teams in der Bundesliga spielte das Team von Greg Lemon sehr gut mit. So konnte der sp\u00e4tere Deutsche Meister Heidenheim zweimal geschlagen werden bei zwei Niederlagen.<\/p>\n<p style=\"text-align: justify;\">Aber auch neben dem Platz war der sympathische Trainer bei den Stuttgart Reds im Verein sehr aktiv. Mit seiner gewinnenden Art konnte er auch viele ehrenamtliche Helfer im Verein akquirieren. Dar\u00fcber hinaus betreute Lemon auch Sponsorenevents, arbeitete mit dem Deutsch Amerikanischem Zentrum (DAZ) in Stuttgart zusammen und war sehr bem\u00fcht beide Kulturen und L\u00e4nder n\u00e4her zu bringen.<\/p>\n<p style=\"text-align: justify;\">Der Vorstand der Stuttgart Reds m\u00f6chte nun schnell einen neuen Trainer verpflichten. Hierbei kommen externe Kandidaten in Frage, aber auch eine L\u00f6sung intern im Verein w\u00e4re m\u00f6glich, wie Vorstand Christoph Manske betont. Zudem w\u00fcrde man sehr gerne die 2019 freie Stelle des Sportdirektors besetzt sehen. Haben doch die Reds viele Talente in ihren Reihen, die eine optimale Betreuung ben\u00f6tigen, um aus den vielen Nachwuchsnationalspielern gestandene Bundesligaspieler zu formen. Daf\u00fcr ben\u00f6tigt man einen geeigneten Head Coach f\u00fcr das Bundesligateam, aber zudem auch jemanden, der den \u00dcberblick der anderen Baseballteams des TV Cannstatt beh\u00e4lt, Teams entsprechend unterst\u00fctzt und Spieler f\u00f6rdert.<\/p>\n<p style=\"text-align: justify;\">Im April kommenden Jahres starten die Reds in ihre neunte Erstligasaison. Dazwischen hoffen die Verantwortlichen auf dem Schnarrenberg noch, dass der Gemeinderat im Dezember sich mehrheitlich f\u00fcr einen Zuschuss ausspricht, um die Baseballanlage des TV Cannstatt auszubauen und somit lizenztauglich f\u00fcr den Bundesligaspielbetrieb zu machen.<\/p>\n<hr \/>\n<p style=\"text-align: justify;\">\n","protected":false},"excerpt":{"rendered":"<p>Stuttgart.| Der schw\u00e4bische Baseball Bundesligist verliert seinen Head Coach. Greg Lemon wird Ende Januar 2020 wieder zur\u00fcck in die USA ziehen. Diesen Entschluss hat der Trainer mit seiner Frau gemeinsam gefasst, nachdem sie vergangenen Monat Eltern geworden sind. Gerne h\u00e4tten die Verantwortlichen der Stuttgart Reds Greg Lemon noch mindestens f\u00fcr eine weitere Saison in Stuttgart [&hellip;]<\/p>\n","protected":false},"author":4,"featured_media":0,"comment_status":"closed","ping_status":"open","sticky":false,"template":"","format":"standard","meta":{"inline_featured_image":false,"_exactmetrics_skip_tracking":false,"_exactmetrics_sitenote_active":false,"_exactmetrics_sitenote_note":"","_exactmetrics_sitenote_category":0,"footnotes":""},"categories":[59,110],"tags":[2760,131,14857,5,68,6908,9,275,8275],"class_list":{"0":"post-136667","1":"post","2":"type-post","3":"status-publish","4":"format-standard","6":"category-aktuell","7":"category-sport","8":"tag-baseball","9":"tag-bundesliga","10":"tag-die-webzeitung","11":"tag-internetzeitung","12":"tag-online-zeitung","13":"tag-reds","14":"tag-schaumedia","15":"tag-stuttgart","16":"tag-tv-cannstatt"},"image_feature":null,"author_name":"Redaktion","pure_taxonomies":{"categories":[{"term_id":59,"name":"Aktuell","slug":"aktuell","term_group":0,"term_taxonomy_id":60,"taxonomy":"category","description":"","parent":0,"count":1017,"filter":"raw","image":""},{"term_id":110,"name":"Sport","slug":"sport","term_group":0,"term_taxonomy_id":112,"taxonomy":"category","description":"Sportberichte","parent":0,"count":1043,"filter":"raw","image":""}],"tags":[{"term_id":2760,"name":"Baseball","slug":"baseball","term_group":0,"term_taxonomy_id":2774,"taxonomy":"post_tag","description":"","parent":0,"count":126,"filter":"raw","image":""},{"term_id":131,"name":"Bundesliga","slug":"bundesliga","term_group":0,"term_taxonomy_id":133,"taxonomy":"post_tag","description":"","parent":0,"count":699,"filter":"raw","image":""},{"term_id":14857,"name":"Die-Webzeitung","slug":"die-webzeitung","term_group":0,"term_taxonomy_id":14876,"taxonomy":"post_tag","description":"","parent":0,"count":3623,"filter":"raw","image":""},{"term_id":5,"name":"Internetzeitung","slug":"internetzeitung","term_group":0,"term_taxonomy_id":5,"taxonomy":"post_tag","description":"","parent":0,"count":1461,"filter":"raw","image":""},{"term_id":68,"name":"Online-Zeitung","slug":"online-zeitung","term_group":0,"term_taxonomy_id":69,"taxonomy":"post_tag","description":"","parent":0,"count":3593,"filter":"raw","image":""},{"term_id":6908,"name":"Reds","slug":"reds","term_group":0,"term_taxonomy_id":6930,"taxonomy":"post_tag","description":"","parent":0,"count":127,"filter":"raw","image":""},{"term_id":9,"name":"SchauMedia","slug":"schaumedia","term_group":0,"term_taxonomy_id":9,"taxonomy":"post_tag","description":"","parent":0,"count":1607,"filter":"raw","image":""},{"term_id":275,"name":"Stuttgart","slug":"stuttgart","term_group":0,"term_taxonomy_id":281,"taxonomy":"post_tag","description":"","parent":0,"count":1194,"filter":"raw","image":""},{"term_id":8275,"name":"TV Cannstatt","slug":"tv-cannstatt","term_group":0,"term_taxonomy_id":8298,"taxonomy":"post_tag","description":"","parent":0,"count":124,"filter":"raw","image":""}]},"_links":{"self":[{"href":"https:\/\/die-webzeitung.de\/stuttgart\/wp-json\/wp\/v2\/posts\/136667","targetHints":{"allow":["GET"]}}],"collection":[{"href":"https:\/\/die-webzeitung.de\/stuttgart\/wp-json\/wp\/v2\/posts"}],"about":[{"href":"https:\/\/die-webzeitung.de\/stuttgart\/wp-json\/wp\/v2\/types\/post"}],"author":[{"embeddable":true,"href":"https:\/\/die-webzeitung.de\/stuttgart\/wp-json\/wp\/v2\/users\/4"}],"replies":[{"embeddable":true,"href":"https:\/\/die-webzeitung.de\/stuttgart\/wp-json\/wp\/v2\/comments?post=136667"}],"version-history":[{"count":1,"href":"https:\/\/die-webzeitung.de\/stuttgart\/wp-json\/wp\/v2\/posts\/136667\/revisions"}],"predecessor-version":[{"id":136668,"href":"https:\/\/die-webzeitung.de\/stuttgart\/wp-json\/wp\/v2\/posts\/136667\/revisions\/136668"}],"wp:attachment":[{"href":"https:\/\/die-webzeitung.de\/stuttgart\/wp-json\/wp\/v2\/media?parent=136667"}],"wp:term":[{"taxonomy":"category","embeddable":true,"href":"https:\/\/die-webzeitung.de\/stuttgart\/wp-json\/wp\/v2\/categories?post=136667"},{"taxonomy":"post_tag","embeddable":true,"href":"https:\/\/die-webzeitung.de\/stuttgart\/wp-json\/wp\/v2\/tags?post=136667"}],"curies":[{"name":"wp","href":"https:\/\/api.w.org\/{rel}","templated":true}]}}