{"id":136627,"date":"2019-10-31T13:39:33","date_gmt":"2019-10-31T12:39:33","guid":{"rendered":"https:\/\/die-webzeitung.de\/stuttgart\/?p=136627"},"modified":"2019-10-31T13:39:33","modified_gmt":"2019-10-31T12:39:33","slug":"stadt-stuttgart-vergibt-290-neue-standorte-fuer-ladesaeulen","status":"publish","type":"post","link":"https:\/\/die-webzeitung.de\/stuttgart\/2019\/10\/31\/stadt-stuttgart-vergibt-290-neue-standorte-fuer-ladesaeulen\/","title":{"rendered":"Stadt Stuttgart vergibt 290 neue Standorte f\u00fcr Lades\u00e4ulen"},"content":{"rendered":"<h5 style=\"text-align: justify;\"><strong>Bewerbungen f\u00fcr weitere 56 Standorte sind m\u00f6glich<\/strong><\/h5>\n<p style=\"text-align: justify;\">Stuttgart.| Die Landeshauptstadt Stuttgart hat k\u00fcrzlich 290 zus\u00e4tzliche, genehmigungspflichtige Standorte f\u00fcr Lades\u00e4ulen vergeben. Davon gingen 116 Standorte an die Stadtwerke Stuttgart GmbH, 105 an die eze.network GmbH, 32 jeweils an die EnBW Energie Baden-W\u00fcrttemberg AG und an die Allego GmbH sowie f\u00fcnf an die Comfortcharge GmbH. An den 290 neuen Standorten k\u00f6nnen je zwei Ladepunkte errichtet werden. Eine Karte gibt es unter <a href=\"http:\/\/www.stuttgart.de\/elektromobilitaet\/richtlinie-ladesaeulen\" target=\"_blank\" rel=\"noopener noreferrer\">www.stuttgart.de\/elektromobilitaet\/richtlinie-ladesaeulen<\/a>.<\/p>\n<p style=\"text-align: justify;\">Grundlage der Vergabe ist die \u201eRichtlinie f\u00fcr Ladepunktbetreiber und Investoren\u201c zum Aufbau von Ladeinfrastruktur f\u00fcr E-Mobilit\u00e4t im \u00f6ffentlichen Raum. Die Richtlinie ist am 15. August 2019 ver\u00f6ffentlicht worden. In einer ersten Antragsrunde konnten Betreiber und Investoren bis zum 27. September 2019 Anfragen zu den Standorten stellen. Die Stadt hat die eingegangenen Anfragen auf Grundlage der Richtlinie bewertet und den Bewerbern die einzelnen Standorte zugeteilt.<\/p>\n<p style=\"text-align: justify;\">Michael Hagel von der st\u00e4dtischen Koordinierungsstelle Elektromobilit\u00e4t ist zufrieden mit dem Interesse an den angebotenen Standorten. Er sagte: \u201eUnser Verfahren sollte sicherstellen, dass es auch in der Fl\u00e4che gen\u00fcgend Standorte gibt. Gleichzeitig wollten wir Wettbewerb erm\u00f6glichen und mehrere Anbieter zum Zuge kommen lassen. Beides hat gut funktioniert.\u201c<\/p>\n<p style=\"text-align: justify;\">Urspr\u00fcnglich waren 346 Lades\u00e4ulenstandorte ausgeschrieben. F\u00fcr 56 Standorte gingen bislang keine Anfragen ein. Daher werden diese erneut ausgeschrieben. Die Stadt nimmt ab dem 1. November 2019 f\u00fcr diese Standorte weitere Bewerbungen entgegen. Interessierte Ladepunktbetreiber k\u00f6nnen die verf\u00fcgbaren Standorte f\u00fcr eine Lades\u00e4ule in einer \u00dcbersicht unter <a href=\"http:\/\/www.stuttgart.de\/elektromobilitaet\/richtlinie-ladesaeulen\" target=\"_blank\" rel=\"noopener noreferrer\">www.stuttgart.de\/elektromobilitaet\/richtlinie-ladesaeulen<\/a> einsehen. Dort ist in einem Dokument zusammengefasst, wie viele Standorte je Stadtteil verf\u00fcgbar sind. Bewerbungen sind zu richten an: Landeshauptstadt Stuttgart, Koordinierungsstelle Elektromobilit\u00e4t, Marktplatz 1, 70173 Stuttgart oder per E-Mail an <a href=\"mailto:Poststelle.eMobilitaet@stuttgart.de\" target=\"_blank\" rel=\"noopener noreferrer\">Poststelle.eMobilitaet@stuttgart.de<\/a>.<\/p>\n<p style=\"text-align: justify;\">Schon jetzt existieren 158 Lades\u00e4ulen-Standorte auf st\u00e4dtischen Fl\u00e4chen und rund 40 auf Landesfl\u00e4chen. Die neuen Standorte hinzugenommen, soll es in Summe auf st\u00e4dtischen Fl\u00e4chen k\u00fcnftig 504 Lades\u00e4ulen und \u00fcber 1.000 Ladepunkte geben.<\/p>\n<hr \/>\n<p style=\"text-align: justify;\">\n","protected":false},"excerpt":{"rendered":"<p>Bewerbungen f\u00fcr weitere 56 Standorte sind m\u00f6glich Stuttgart.| Die Landeshauptstadt Stuttgart hat k\u00fcrzlich 290 zus\u00e4tzliche, genehmigungspflichtige Standorte f\u00fcr Lades\u00e4ulen vergeben. Davon gingen 116 Standorte an die Stadtwerke Stuttgart GmbH, 105 an die eze.network GmbH, 32 jeweils an die EnBW Energie Baden-W\u00fcrttemberg AG und an die Allego GmbH sowie f\u00fcnf an die Comfortcharge GmbH. An den [&hellip;]<\/p>\n","protected":false},"author":4,"featured_media":136628,"comment_status":"closed","ping_status":"open","sticky":false,"template":"","format":"standard","meta":{"inline_featured_image":false,"_exactmetrics_skip_tracking":false,"_exactmetrics_sitenote_active":false,"_exactmetrics_sitenote_note":"","_exactmetrics_sitenote_category":0,"footnotes":""},"categories":[59,2239],"tags":[14857,1853,5,12936,68,9,275],"class_list":{"0":"post-136627","1":"post","2":"type-post","3":"status-publish","4":"format-standard","5":"has-post-thumbnail","7":"category-aktuell","8":"category-stuttgart-lokal","9":"tag-die-webzeitung","10":"tag-e-mobilitat","11":"tag-internetzeitung","12":"tag-ladesaeule","13":"tag-online-zeitung","14":"tag-schaumedia","15":"tag-stuttgart"},"image_feature":"https:\/\/die-webzeitung.de\/stuttgart\/wp-content\/uploads\/sites\/4\/2019\/10\/electric-car-2862381_1920.jpg","author_name":"Redaktion","pure_taxonomies":{"categories":[{"term_id":59,"name":"Aktuell","slug":"aktuell","term_group":0,"term_taxonomy_id":60,"taxonomy":"category","description":"","parent":0,"count":1017,"filter":"raw","image":""},{"term_id":2239,"name":"Stuttgart","slug":"stuttgart-lokal","term_group":0,"term_taxonomy_id":2252,"taxonomy":"category","description":"Berichte und Informationen aus Stuttgart","parent":1433,"count":941,"filter":"raw","image":""}],"tags":[{"term_id":14857,"name":"Die-Webzeitung","slug":"die-webzeitung","term_group":0,"term_taxonomy_id":14876,"taxonomy":"post_tag","description":"","parent":0,"count":3623,"filter":"raw","image":""},{"term_id":1853,"name":"E-Mobilit\u00e4t","slug":"e-mobilitat","term_group":0,"term_taxonomy_id":1862,"taxonomy":"post_tag","description":"","parent":0,"count":2,"filter":"raw","image":""},{"term_id":5,"name":"Internetzeitung","slug":"internetzeitung","term_group":0,"term_taxonomy_id":5,"taxonomy":"post_tag","description":"","parent":0,"count":1461,"filter":"raw","image":""},{"term_id":12936,"name":"Lades\u00e4ule","slug":"ladesaeule","term_group":0,"term_taxonomy_id":12977,"taxonomy":"post_tag","description":"","parent":0,"count":7,"filter":"raw","image":""},{"term_id":68,"name":"Online-Zeitung","slug":"online-zeitung","term_group":0,"term_taxonomy_id":69,"taxonomy":"post_tag","description":"","parent":0,"count":3593,"filter":"raw","image":""},{"term_id":9,"name":"SchauMedia","slug":"schaumedia","term_group":0,"term_taxonomy_id":9,"taxonomy":"post_tag","description":"","parent":0,"count":1607,"filter":"raw","image":""},{"term_id":275,"name":"Stuttgart","slug":"stuttgart","term_group":0,"term_taxonomy_id":281,"taxonomy":"post_tag","description":"","parent":0,"count":1194,"filter":"raw","image":""}]},"_links":{"self":[{"href":"https:\/\/die-webzeitung.de\/stuttgart\/wp-json\/wp\/v2\/posts\/136627","targetHints":{"allow":["GET"]}}],"collection":[{"href":"https:\/\/die-webzeitung.de\/stuttgart\/wp-json\/wp\/v2\/posts"}],"about":[{"href":"https:\/\/die-webzeitung.de\/stuttgart\/wp-json\/wp\/v2\/types\/post"}],"author":[{"embeddable":true,"href":"https:\/\/die-webzeitung.de\/stuttgart\/wp-json\/wp\/v2\/users\/4"}],"replies":[{"embeddable":true,"href":"https:\/\/die-webzeitung.de\/stuttgart\/wp-json\/wp\/v2\/comments?post=136627"}],"version-history":[{"count":1,"href":"https:\/\/die-webzeitung.de\/stuttgart\/wp-json\/wp\/v2\/posts\/136627\/revisions"}],"predecessor-version":[{"id":136629,"href":"https:\/\/die-webzeitung.de\/stuttgart\/wp-json\/wp\/v2\/posts\/136627\/revisions\/136629"}],"wp:featuredmedia":[{"embeddable":true,"href":"https:\/\/die-webzeitung.de\/stuttgart\/wp-json\/wp\/v2\/media\/136628"}],"wp:attachment":[{"href":"https:\/\/die-webzeitung.de\/stuttgart\/wp-json\/wp\/v2\/media?parent=136627"}],"wp:term":[{"taxonomy":"category","embeddable":true,"href":"https:\/\/die-webzeitung.de\/stuttgart\/wp-json\/wp\/v2\/categories?post=136627"},{"taxonomy":"post_tag","embeddable":true,"href":"https:\/\/die-webzeitung.de\/stuttgart\/wp-json\/wp\/v2\/tags?post=136627"}],"curies":[{"name":"wp","href":"https:\/\/api.w.org\/{rel}","templated":true}]}}