{"id":136621,"date":"2019-10-31T10:19:49","date_gmt":"2019-10-31T09:19:49","guid":{"rendered":"https:\/\/die-webzeitung.de\/stuttgart\/?p=136621"},"modified":"2019-10-31T10:19:49","modified_gmt":"2019-10-31T09:19:49","slug":"26-junge-handwerker-aus-der-region-stuttgart-sind-die-besten-im-land","status":"publish","type":"post","link":"https:\/\/die-webzeitung.de\/stuttgart\/2019\/10\/31\/26-junge-handwerker-aus-der-region-stuttgart-sind-die-besten-im-land\/","title":{"rendered":"26 junge Handwerker aus der Region Stuttgart sind die besten im Land"},"content":{"rendered":"<h5 style=\"text-align: justify;\"><strong>F\u00fcr den Bundeswettbewerb qualifiziert<\/strong><\/h5>\n<p style=\"text-align: justify;\">Beim Leistungswettbewerb des Deutschen Handwerks auf Landesebene konnten sich 26 Gesellen aus der Region Stuttgart durchsetzen. Als Landessieger werden sie am Samstag, 2. November im Europapark in Rust geehrt.<\/p>\n<p style=\"text-align: justify;\">Die erfolgreichen Nachwuchstalente haben bereits durch ihre Abschlussnote bei der Gesellenpr\u00fcfung als \u201eKammersieger\u201c gegl\u00e4nzt. Mit ihrem Erfolg auf Landesebene steht ihnen nun der Weg zum Bundeswettbewerb offen. Dort treten sie in ihrem Fach gegen Berufskollegen aus ganz Deutschland an. Die Bandbreite der Sieger aus dem Kammerbezirk Stuttgart geht vom Graveur mit dem Schwerpunkt Flachgraviertechnik aus Kornwestheim \u00fcber den Mechatroniker f\u00fcr K\u00e4ltetechnik aus Denkendorf bis zum Schilder- und Lichtreklamehersteller aus Holzgerlingen.<\/p>\n<p style=\"text-align: justify;\">Im Vorfeld der Veranstaltung bezeichnete Thomas Hoefling,\u00a0 Hauptgesch\u00e4ftsf\u00fchrer der\u00a0 Handwerkskammer Region Stuttgart, die Sieger als die \u201ebesten Nachwuchstalente Baden-W\u00fcrttembergs in ihrer Branche\u201c. Sie seien vorbildliche Botschafter f\u00fcr das positive Image des Handwerks. Um so weit zu kommen, m\u00fcsse man viel Talent und Motivation mitbringen, zum anderen brauche es auch herausragende Ausbildungsbetriebe, die entsprechendes Wissen vermitteln k\u00f6nnen. \u201eDas alles spricht f\u00fcr die Qualit\u00e4t im Handwerk\u201c, betonte Hoefling. Im \u00dcbrigen solle der Wettbewerb auch Schulabg\u00e4ngern und Berufsanf\u00e4ngern als Anreiz und Motivationsschub dienen. Hoefling: \u201eWer im Handwerk weit kommen will, muss durchstarten und mit Leistung \u00fcberzeugen.\u201c Gerade eine Ausbildung in den vielseitigen Berufen des Handwerks er\u00f6ffne Jugendlichen beste Perspektiven, die den Weg in F\u00fchrungspositionen ebnen und bis zur Selbstst\u00e4ndigkeit reichen, mit oder ohne Abitur. Diese Chance h\u00e4tten die 26 Landessieger in besonderer Weise genutzt. Er sei \u00fcberzeugt, dass beim Bundeswettbewerb der eine oder andere Geselle wieder auf dem Siegerpodest ganz oben stehen werde<\/p>\n<p style=\"text-align: justify;\">Zum Leistungswettbewerb des Deutschen Handwerks, den es seit 1951 gibt, werden die Nachwuchshandwerker mit dem jeweils besten Ergebnis in der praktischen Gesellenpr\u00fcfung nominiert. Anhand der Pr\u00fcfungsergebnisse oder in eigenen Wettbewerben werden die Besten des jeweiligen Gewerks ermittelt, die dann auch auf Landes- und Bundesebene gegeneinander antreten. In einigen Gewerken wird au\u00dferdem der Wettbewerb \u201eDie gute Form im Handwerk\u201c ausgetragen, in dem besondere Gestaltungsideen pr\u00e4miert werden.<\/p>\n<hr \/>\n<p style=\"text-align: justify;\">\n","protected":false},"excerpt":{"rendered":"<p>F\u00fcr den Bundeswettbewerb qualifiziert Beim Leistungswettbewerb des Deutschen Handwerks auf Landesebene konnten sich 26 Gesellen aus der Region Stuttgart durchsetzen. Als Landessieger werden sie am Samstag, 2. November im Europapark in Rust geehrt. Die erfolgreichen Nachwuchstalente haben bereits durch ihre Abschlussnote bei der Gesellenpr\u00fcfung als \u201eKammersieger\u201c gegl\u00e4nzt. Mit ihrem Erfolg auf Landesebene steht ihnen nun [&hellip;]<\/p>\n","protected":false},"author":4,"featured_media":0,"comment_status":"closed","ping_status":"open","sticky":false,"template":"","format":"standard","meta":{"inline_featured_image":false,"_exactmetrics_skip_tracking":false,"_exactmetrics_sitenote_active":false,"_exactmetrics_sitenote_note":"","_exactmetrics_sitenote_category":0,"footnotes":""},"categories":[9098],"tags":[1848,4,14857,1484,5,6217,68,9,275],"class_list":{"0":"post-136621","1":"post","2":"type-post","3":"status-publish","4":"format-standard","6":"category-baden-wuerttemberg","7":"tag-ausbildung","8":"tag-baden-wurttemberg","9":"tag-die-webzeitung","10":"tag-handwerker","11":"tag-internetzeitung","12":"tag-nachwuchs","13":"tag-online-zeitung","14":"tag-schaumedia","15":"tag-stuttgart"},"image_feature":null,"author_name":"Redaktion","pure_taxonomies":{"categories":[{"term_id":9098,"name":"Baden-W\u00fcrttemberg","slug":"baden-wuerttemberg","term_group":0,"term_taxonomy_id":9124,"taxonomy":"category","description":"","parent":171,"count":238,"filter":"raw","image":""}],"tags":[{"term_id":1848,"name":"Ausbildung","slug":"ausbildung","term_group":0,"term_taxonomy_id":1857,"taxonomy":"post_tag","description":"","parent":0,"count":11,"filter":"raw","image":""},{"term_id":4,"name":"Baden-W\u00fcrttemberg","slug":"baden-wurttemberg","term_group":0,"term_taxonomy_id":4,"taxonomy":"post_tag","description":"","parent":0,"count":136,"filter":"raw","image":""},{"term_id":14857,"name":"Die-Webzeitung","slug":"die-webzeitung","term_group":0,"term_taxonomy_id":14876,"taxonomy":"post_tag","description":"","parent":0,"count":3623,"filter":"raw","image":""},{"term_id":1484,"name":"Handwerker","slug":"handwerker","term_group":0,"term_taxonomy_id":1493,"taxonomy":"post_tag","description":"","parent":0,"count":3,"filter":"raw","image":""},{"term_id":5,"name":"Internetzeitung","slug":"internetzeitung","term_group":0,"term_taxonomy_id":5,"taxonomy":"post_tag","description":"","parent":0,"count":1461,"filter":"raw","image":""},{"term_id":6217,"name":"Nachwuchs","slug":"nachwuchs","term_group":0,"term_taxonomy_id":6238,"taxonomy":"post_tag","description":"","parent":0,"count":1,"filter":"raw","image":""},{"term_id":68,"name":"Online-Zeitung","slug":"online-zeitung","term_group":0,"term_taxonomy_id":69,"taxonomy":"post_tag","description":"","parent":0,"count":3593,"filter":"raw","image":""},{"term_id":9,"name":"SchauMedia","slug":"schaumedia","term_group":0,"term_taxonomy_id":9,"taxonomy":"post_tag","description":"","parent":0,"count":1607,"filter":"raw","image":""},{"term_id":275,"name":"Stuttgart","slug":"stuttgart","term_group":0,"term_taxonomy_id":281,"taxonomy":"post_tag","description":"","parent":0,"count":1194,"filter":"raw","image":""}]},"_links":{"self":[{"href":"https:\/\/die-webzeitung.de\/stuttgart\/wp-json\/wp\/v2\/posts\/136621","targetHints":{"allow":["GET"]}}],"collection":[{"href":"https:\/\/die-webzeitung.de\/stuttgart\/wp-json\/wp\/v2\/posts"}],"about":[{"href":"https:\/\/die-webzeitung.de\/stuttgart\/wp-json\/wp\/v2\/types\/post"}],"author":[{"embeddable":true,"href":"https:\/\/die-webzeitung.de\/stuttgart\/wp-json\/wp\/v2\/users\/4"}],"replies":[{"embeddable":true,"href":"https:\/\/die-webzeitung.de\/stuttgart\/wp-json\/wp\/v2\/comments?post=136621"}],"version-history":[{"count":1,"href":"https:\/\/die-webzeitung.de\/stuttgart\/wp-json\/wp\/v2\/posts\/136621\/revisions"}],"predecessor-version":[{"id":136622,"href":"https:\/\/die-webzeitung.de\/stuttgart\/wp-json\/wp\/v2\/posts\/136621\/revisions\/136622"}],"wp:attachment":[{"href":"https:\/\/die-webzeitung.de\/stuttgart\/wp-json\/wp\/v2\/media?parent=136621"}],"wp:term":[{"taxonomy":"category","embeddable":true,"href":"https:\/\/die-webzeitung.de\/stuttgart\/wp-json\/wp\/v2\/categories?post=136621"},{"taxonomy":"post_tag","embeddable":true,"href":"https:\/\/die-webzeitung.de\/stuttgart\/wp-json\/wp\/v2\/tags?post=136621"}],"curies":[{"name":"wp","href":"https:\/\/api.w.org\/{rel}","templated":true}]}}