{"id":136597,"date":"2019-10-30T11:38:52","date_gmt":"2019-10-30T10:38:52","guid":{"rendered":"https:\/\/die-webzeitung.de\/stuttgart\/?p=136597"},"modified":"2019-10-30T11:38:52","modified_gmt":"2019-10-30T10:38:52","slug":"stuttgart-hbf-ausgang-kleine-schalterhalle-bekommt-einen-aufzug","status":"publish","type":"post","link":"https:\/\/die-webzeitung.de\/stuttgart\/2019\/10\/30\/stuttgart-hbf-ausgang-kleine-schalterhalle-bekommt-einen-aufzug\/","title":{"rendered":"Stuttgart Hbf: Ausgang \u201eKleine Schalterhalle\u201c bekommt einen Aufzug"},"content":{"rendered":"<ul>\n<li><strong>Ausgang \u201eKleine Schalterhalle\u201c wird f\u00fcr Aufzugmontage vom 4. bis 12. November geschlossen<\/strong><\/li>\n<li><strong>Arbeiten sollen Ende November beendet sein<\/strong><\/li>\n<li><strong>Weiterer Aufzug folgt 2020 in der gro\u00dfen Schalterhalle<\/strong><\/li>\n<\/ul>\n<p style=\"text-align: justify;\">Stuttgart.| In Vorbereitung f\u00fcr die Modernisierung des historischen Bonatzbaus schafft die Deutsche Bahn derzeit an der kleinen Schalterhalle des Stuttgarter Hauptbahnhofs die Voraussetzungen f\u00fcr einen barrierefreien Zugang zum Geb\u00e4ude. Im Zuge dieser Arbeiten wird ein Aufzug eingebaut, der w\u00e4hrend der Bauzeit eine stufenfreie Verbindung zwischen Arnulf-Klett-Platz und kleiner Schalterhalle gew\u00e4hrleistet. Der Aufzug soll Anfang 2020 in Betrieb gehen.<\/p>\n<p style=\"text-align: justify;\">Von Montag, 4. November, bis Dienstag, 12. November 2019, wird eine Rampe als Zugang zu diesem Aufzug errichtet und die Au\u00dfenverkleidung des Aufzugs montiert. Diese wird mit einem mobilen Autokran eingehoben. F\u00fcr einen reibungslosen Ablauf der Arbeiten und zum Schutz der Reisenden m\u00fcssen die Treppe und der Zugang zur kleinen Schalterhalle vom Arnulf-Klett-Platz gesperrt werden. Reisende erhalten in diesem Zeitraum sowohl \u00fcber den Nordeingang als auch \u00fcber den Mitteleingang Zugang zum Hauptbahnhof. Der Zugang aus dem Bonatzbau sowohl zu den Schlie\u00dff\u00e4chern als auch zu dem Aufzug zur S-Bahn ist nicht beeintr\u00e4chtigt.<\/p>\n<p><strong>Stufenfreie Wegef\u00fchrung w\u00e4hrend der gesamten Bauzeit<\/strong><br \/>\nW\u00e4hrend der Modernisierung des Bonatzbaus werden immer mindestens zwei Zug\u00e4nge zum Querbahnsteig des Kopfbahnhofs durch den Bonatzbau aufrechthalten. Bei der Planung des Bauablaufs wird dabei stets ber\u00fccksichtigt, dass mindestens eine barrierefreie Wegef\u00fchrung erhalten bleibt. Daf\u00fcr wird im Laufe des Jahres 2020 ein weiterer Aufzug im Bereich der Gro\u00dfen Schalterhalle gebaut, um auch diesen Ausgang f\u00fcr die Bauzeit stufenfrei zu gestalten. Auch die barrierefreie Verbindung zwischen der S-Bahn und den Z\u00fcgen des Fern- und Regionalverkehrs ist \u00fcber die gesamte Bauzeit hinweg jederzeit sichergestellt.<\/p>\n<hr \/>\n<p style=\"text-align: justify;\">\n","protected":false},"excerpt":{"rendered":"<p>Ausgang \u201eKleine Schalterhalle\u201c wird f\u00fcr Aufzugmontage vom 4. bis 12. November geschlossen Arbeiten sollen Ende November beendet sein Weiterer Aufzug folgt 2020 in der gro\u00dfen Schalterhalle Stuttgart.| In Vorbereitung f\u00fcr die Modernisierung des historischen Bonatzbaus schafft die Deutsche Bahn derzeit an der kleinen Schalterhalle des Stuttgarter Hauptbahnhofs die Voraussetzungen f\u00fcr einen barrierefreien Zugang zum Geb\u00e4ude. [&hellip;]<\/p>\n","protected":false},"author":4,"featured_media":136599,"comment_status":"closed","ping_status":"open","sticky":false,"template":"","format":"standard","meta":{"inline_featured_image":false,"_exactmetrics_skip_tracking":false,"_exactmetrics_sitenote_active":false,"_exactmetrics_sitenote_note":"","_exactmetrics_sitenote_category":0,"footnotes":""},"categories":[59,2239],"tags":[9171,15995,14857,11521,5,68,16438,9,275],"class_list":{"0":"post-136597","1":"post","2":"type-post","3":"status-publish","4":"format-standard","5":"has-post-thumbnail","7":"category-aktuell","8":"category-stuttgart-lokal","9":"tag-aufzug","10":"tag-bonatzbau","11":"tag-die-webzeitung","12":"tag-hauptbahnhof","13":"tag-internetzeitung","14":"tag-online-zeitung","15":"tag-schalterhalle","16":"tag-schaumedia","17":"tag-stuttgart"},"image_feature":"https:\/\/die-webzeitung.de\/stuttgart\/wp-content\/uploads\/sites\/4\/2019\/10\/121500_ingenhoven_s21-bonatz-2a-full_DINA3.jpg","author_name":"Redaktion","pure_taxonomies":{"categories":[{"term_id":59,"name":"Aktuell","slug":"aktuell","term_group":0,"term_taxonomy_id":60,"taxonomy":"category","description":"","parent":0,"count":1017,"filter":"raw","image":""},{"term_id":2239,"name":"Stuttgart","slug":"stuttgart-lokal","term_group":0,"term_taxonomy_id":2252,"taxonomy":"category","description":"Berichte und Informationen aus Stuttgart","parent":1433,"count":941,"filter":"raw","image":""}],"tags":[{"term_id":9171,"name":"Aufzug","slug":"aufzug","term_group":0,"term_taxonomy_id":9198,"taxonomy":"post_tag","description":"","parent":0,"count":3,"filter":"raw","image":""},{"term_id":15995,"name":"Bonatzbau","slug":"bonatzbau","term_group":0,"term_taxonomy_id":16014,"taxonomy":"post_tag","description":"","parent":0,"count":8,"filter":"raw","image":""},{"term_id":14857,"name":"Die-Webzeitung","slug":"die-webzeitung","term_group":0,"term_taxonomy_id":14876,"taxonomy":"post_tag","description":"","parent":0,"count":3623,"filter":"raw","image":""},{"term_id":11521,"name":"Hauptbahnhof","slug":"hauptbahnhof","term_group":0,"term_taxonomy_id":11559,"taxonomy":"post_tag","description":"","parent":0,"count":7,"filter":"raw","image":""},{"term_id":5,"name":"Internetzeitung","slug":"internetzeitung","term_group":0,"term_taxonomy_id":5,"taxonomy":"post_tag","description":"","parent":0,"count":1461,"filter":"raw","image":""},{"term_id":68,"name":"Online-Zeitung","slug":"online-zeitung","term_group":0,"term_taxonomy_id":69,"taxonomy":"post_tag","description":"","parent":0,"count":3593,"filter":"raw","image":""},{"term_id":16438,"name":"Schalterhalle","slug":"schalterhalle","term_group":0,"term_taxonomy_id":16457,"taxonomy":"post_tag","description":"","parent":0,"count":2,"filter":"raw","image":""},{"term_id":9,"name":"SchauMedia","slug":"schaumedia","term_group":0,"term_taxonomy_id":9,"taxonomy":"post_tag","description":"","parent":0,"count":1607,"filter":"raw","image":""},{"term_id":275,"name":"Stuttgart","slug":"stuttgart","term_group":0,"term_taxonomy_id":281,"taxonomy":"post_tag","description":"","parent":0,"count":1194,"filter":"raw","image":""}]},"_links":{"self":[{"href":"https:\/\/die-webzeitung.de\/stuttgart\/wp-json\/wp\/v2\/posts\/136597","targetHints":{"allow":["GET"]}}],"collection":[{"href":"https:\/\/die-webzeitung.de\/stuttgart\/wp-json\/wp\/v2\/posts"}],"about":[{"href":"https:\/\/die-webzeitung.de\/stuttgart\/wp-json\/wp\/v2\/types\/post"}],"author":[{"embeddable":true,"href":"https:\/\/die-webzeitung.de\/stuttgart\/wp-json\/wp\/v2\/users\/4"}],"replies":[{"embeddable":true,"href":"https:\/\/die-webzeitung.de\/stuttgart\/wp-json\/wp\/v2\/comments?post=136597"}],"version-history":[{"count":1,"href":"https:\/\/die-webzeitung.de\/stuttgart\/wp-json\/wp\/v2\/posts\/136597\/revisions"}],"predecessor-version":[{"id":136600,"href":"https:\/\/die-webzeitung.de\/stuttgart\/wp-json\/wp\/v2\/posts\/136597\/revisions\/136600"}],"wp:featuredmedia":[{"embeddable":true,"href":"https:\/\/die-webzeitung.de\/stuttgart\/wp-json\/wp\/v2\/media\/136599"}],"wp:attachment":[{"href":"https:\/\/die-webzeitung.de\/stuttgart\/wp-json\/wp\/v2\/media?parent=136597"}],"wp:term":[{"taxonomy":"category","embeddable":true,"href":"https:\/\/die-webzeitung.de\/stuttgart\/wp-json\/wp\/v2\/categories?post=136597"},{"taxonomy":"post_tag","embeddable":true,"href":"https:\/\/die-webzeitung.de\/stuttgart\/wp-json\/wp\/v2\/tags?post=136597"}],"curies":[{"name":"wp","href":"https:\/\/api.w.org\/{rel}","templated":true}]}}