{"id":136571,"date":"2019-10-29T10:19:19","date_gmt":"2019-10-29T09:19:19","guid":{"rendered":"https:\/\/die-webzeitung.de\/stuttgart\/?p=136571"},"modified":"2019-10-29T10:25:59","modified_gmt":"2019-10-29T09:25:59","slug":"neue-verkehrsregeln-in-der-eberhardstrasse","status":"publish","type":"post","link":"https:\/\/die-webzeitung.de\/stuttgart\/2019\/10\/29\/neue-verkehrsregeln-in-der-eberhardstrasse\/","title":{"rendered":"Neue Verkehrsregeln in der Eberhardstra\u00dfe"},"content":{"rendered":"<h5 style=\"text-align: justify;\"><strong>Vorboten fu\u0308r \u201eLebenswerte Stadt fu\u0308r alle\u201c<\/strong><\/h5>\n<p style=\"text-align: justify;\">Stuttgart.| Fu\u0308r Auto- und Motorradfahrer gelten in der Eberhardstra\u00dfe ab sofort neue Verkehrsregeln. Das Amt fu\u0308r o\u0308ffentliche Ordnung hat die Zufahrtsmo\u0308glichkeiten fu\u0308r den motorisierten Verkehr gea\u0308ndert. Fu\u0308r Kraftfahrzeuge wie auch motorisierte Zweira\u0308der gelten nun folgende Regeln: Lieferverkehr ist zwischen 5 und 11 Uhr zugelassen, Taxen und Menschen mit Behinderung, die einen blauen Parkausweis haben, ko\u0308nnen weiterhin die Fahrradstra\u00dfe befahren und auf den ausgewiesenen Stellpla\u0308tzen parken.<\/p>\n<p style=\"text-align: justify;\">Wer in der Nadlerstra\u00dfe aus Richtung Rathausgarage in Richtung Hauptsta\u0308tter Stra\u00dfe fa\u0308hrt, darf die Eberhardstra\u00dfe nur noch queren und wird u\u0308ber die Dornstra\u00dfe geradeaus direkt aus dem Quartier herausgeleitet. Diese Regelung gilt noch wa\u0308hrend der Bauma\u00dfnahmen rund um die Eichstra\u00dfe und den To\u0308pferplatz. Danach wird die Nadlerstra\u00dfe zwischen To\u0308pferstra\u00dfe und Eberhardstra\u00dfe zu einer Fu\u00dfga\u0308ngerzone.<\/p>\n<p style=\"text-align: justify;\">Die Zufahrt aus Richtung Marktstra\u00dfe ab der Einmu\u0308ndung Nadler-\/Dornstra\u00dfe in Richtung Torstra\u00dfe ist wie bisher fu\u0308r den Kfz-Verkehr nicht zugelassen. Diese bestehende Regelung wird nun durch eine vorgezogene Eckausrundung an der Einmu\u0308ndung Eberhardstra\u00dfe\/Torstra\u00dfe zusa\u0308tzlich verdeutlicht. Die entfallenen Stellfla\u0308chen fu\u0308r Taxen und Motorra\u0308der werden in die Hauptsta\u0308tter Stra\u00dfe verlegt; die entfallene Elektroladestation wird am Wilhelmsplatz installiert.<\/p>\n<p style=\"text-align: justify;\">Der Bu\u0308rgermeister fu\u0308r Sicherheit, Ordnung und Sport, Dr. Martin Schairer, sagt: \u201eIm Stadtzentrum gibt es rund 10.000 Parkpla\u0308tze in Tiefgaragen. Dennoch blockieren Autofahrer den o\u0308ffentlichen Raum, indem sie nur \u201aganz kurz\u2018 im Park- oder gar im Halteverbot stehen. Damit gefa\u0308hrden sie Fu\u00dfga\u0308nger und Radfahrer oder besetzen Parkpla\u0308tze, auf die Menschen mit Behinderungen angewiesen sind. Daher wird die Verkehrsu\u0308berwachung diesen Bereich versta\u0308rkt in den Blick nehmen.\u201c<\/p>\n<p><strong>Hintergrund: Zielbeschluss \u201eLebenswerte Stadt fu\u0308r alle\u201c fu\u0308r mehr Aufenthaltsqualita\u0308t innerhalb des Cityrings<\/strong><br \/>\nDer Gemeinderat hat im Juli 2017 den Zielbeschluss \u201eEine lebenswerte Stadt fu\u0308r alle\u201c gefasst. Der Rat forderte innerhalb des Cityrings mehr Aufenthaltsqualita\u0308t und bessere Bedingungen fu\u0308r Fu\u00dfga\u0308nger und Radfahrende sowie den Wegfall der o\u0308ffentlichen Parkpla\u0308tze im Stra\u00dfenraum und den Ru\u0308ckbau entbehrlicher Stra\u00dfen. Die Zufahrt zu den Parkgaragen und fu\u0308r den Lieferverkehr sowie zu Behindertenparkpla\u0308tzen bleiben erhalten.<br \/>\nDie Stadt setzt auf mehr Gru\u0308nfla\u0308chen, Fla\u0308chen zum Verweilen ohne Konsumzwang, eine bessere Radinfrastruktur, inklusive Abstellmo\u0308glichkeiten, mehr Angebot fu\u0308r Kinder und Jugendliche sowie Fla\u0308chen fu\u0308r Au\u00dfengastronomie. Laut Amt fu\u0308r Stadtplanung und Wohnen entfallen etwa 350 Kurzzeitparkpla\u0308tze.<\/p>\n<hr \/>\n<p style=\"text-align: justify;\">\n","protected":false},"excerpt":{"rendered":"<p>Vorboten fu\u0308r \u201eLebenswerte Stadt fu\u0308r alle\u201c Stuttgart.| Fu\u0308r Auto- und Motorradfahrer gelten in der Eberhardstra\u00dfe ab sofort neue Verkehrsregeln. Das Amt fu\u0308r o\u0308ffentliche Ordnung hat die Zufahrtsmo\u0308glichkeiten fu\u0308r den motorisierten Verkehr gea\u0308ndert. Fu\u0308r Kraftfahrzeuge wie auch motorisierte Zweira\u0308der gelten nun folgende Regeln: Lieferverkehr ist zwischen 5 und 11 Uhr zugelassen, Taxen und Menschen mit Behinderung, [&hellip;]<\/p>\n","protected":false},"author":4,"featured_media":0,"comment_status":"closed","ping_status":"open","sticky":false,"template":"","format":"standard","meta":{"inline_featured_image":false,"_exactmetrics_skip_tracking":false,"_exactmetrics_sitenote_active":false,"_exactmetrics_sitenote_note":"","_exactmetrics_sitenote_category":0,"footnotes":""},"categories":[59,2239],"tags":[14857,16435,5,68,275],"class_list":{"0":"post-136571","1":"post","2":"type-post","3":"status-publish","4":"format-standard","6":"category-aktuell","7":"category-stuttgart-lokal","8":"tag-die-webzeitung","9":"tag-eberhardstrasse","10":"tag-internetzeitung","11":"tag-online-zeitung","12":"tag-stuttgart"},"image_feature":null,"author_name":"Redaktion","pure_taxonomies":{"categories":[{"term_id":59,"name":"Aktuell","slug":"aktuell","term_group":0,"term_taxonomy_id":60,"taxonomy":"category","description":"","parent":0,"count":1017,"filter":"raw","image":""},{"term_id":2239,"name":"Stuttgart","slug":"stuttgart-lokal","term_group":0,"term_taxonomy_id":2252,"taxonomy":"category","description":"Berichte und Informationen aus Stuttgart","parent":1433,"count":941,"filter":"raw","image":""}],"tags":[{"term_id":14857,"name":"Die-Webzeitung","slug":"die-webzeitung","term_group":0,"term_taxonomy_id":14876,"taxonomy":"post_tag","description":"","parent":0,"count":3623,"filter":"raw","image":""},{"term_id":16435,"name":"Eberhardstra\u00dfe","slug":"eberhardstrasse","term_group":0,"term_taxonomy_id":16454,"taxonomy":"post_tag","description":"","parent":0,"count":2,"filter":"raw","image":""},{"term_id":5,"name":"Internetzeitung","slug":"internetzeitung","term_group":0,"term_taxonomy_id":5,"taxonomy":"post_tag","description":"","parent":0,"count":1461,"filter":"raw","image":""},{"term_id":68,"name":"Online-Zeitung","slug":"online-zeitung","term_group":0,"term_taxonomy_id":69,"taxonomy":"post_tag","description":"","parent":0,"count":3593,"filter":"raw","image":""},{"term_id":275,"name":"Stuttgart","slug":"stuttgart","term_group":0,"term_taxonomy_id":281,"taxonomy":"post_tag","description":"","parent":0,"count":1194,"filter":"raw","image":""}]},"_links":{"self":[{"href":"https:\/\/die-webzeitung.de\/stuttgart\/wp-json\/wp\/v2\/posts\/136571","targetHints":{"allow":["GET"]}}],"collection":[{"href":"https:\/\/die-webzeitung.de\/stuttgart\/wp-json\/wp\/v2\/posts"}],"about":[{"href":"https:\/\/die-webzeitung.de\/stuttgart\/wp-json\/wp\/v2\/types\/post"}],"author":[{"embeddable":true,"href":"https:\/\/die-webzeitung.de\/stuttgart\/wp-json\/wp\/v2\/users\/4"}],"replies":[{"embeddable":true,"href":"https:\/\/die-webzeitung.de\/stuttgart\/wp-json\/wp\/v2\/comments?post=136571"}],"version-history":[{"count":2,"href":"https:\/\/die-webzeitung.de\/stuttgart\/wp-json\/wp\/v2\/posts\/136571\/revisions"}],"predecessor-version":[{"id":136573,"href":"https:\/\/die-webzeitung.de\/stuttgart\/wp-json\/wp\/v2\/posts\/136571\/revisions\/136573"}],"wp:attachment":[{"href":"https:\/\/die-webzeitung.de\/stuttgart\/wp-json\/wp\/v2\/media?parent=136571"}],"wp:term":[{"taxonomy":"category","embeddable":true,"href":"https:\/\/die-webzeitung.de\/stuttgart\/wp-json\/wp\/v2\/categories?post=136571"},{"taxonomy":"post_tag","embeddable":true,"href":"https:\/\/die-webzeitung.de\/stuttgart\/wp-json\/wp\/v2\/tags?post=136571"}],"curies":[{"name":"wp","href":"https:\/\/api.w.org\/{rel}","templated":true}]}}