{"id":136553,"date":"2019-10-27T18:23:08","date_gmt":"2019-10-27T17:23:08","guid":{"rendered":"https:\/\/die-webzeitung.de\/stuttgart\/?p=136553"},"modified":"2019-10-27T18:23:08","modified_gmt":"2019-10-27T17:23:08","slug":"turn-und-sportvereine-fit-fuer-die-zukunft","status":"publish","type":"post","link":"https:\/\/die-webzeitung.de\/stuttgart\/2019\/10\/27\/turn-und-sportvereine-fit-fuer-die-zukunft\/","title":{"rendered":"Turn- und Sportvereine fit f\u00fcr die Zukunft"},"content":{"rendered":"<h5 style=\"text-align: justify;\"><strong>Sportkongress in Stuttgart<\/strong><\/h5>\n<p style=\"text-align: justify;\">Der Sportkongress Stuttgart gilt als der \u201eBranchentreff\u201c f\u00fcr Vereins-Vertreter aus ganz Deutschland. Beim Kongress in diesem Jahr diskutierten die 900 Teilnehmer drei Tage lang unter anderem gemeinsam \u00fcber Sport bis ins hohe Alter, Bewegung als Grundlage f\u00fcr ein gesundes Leben und die seit Jahren angesagte Trainingsform Functional Fitness. Der einhellige Tenor am Ende des Kongresses lautete: Die \u00dcbungsleiter und Funktion\u00e4re und damit auch ihre Turn- und Sportvereine entwickeln sich stetig weiter und sind dadurch fit f\u00fcr die Zukunft.<\/p>\n<p style=\"text-align: justify;\">Wolfgang Drexler, Pr\u00e4sident des ausrichtenden Schw\u00e4bischen Turnerbunds, konstatierte am Schlusstag: &#8220;F\u00fcr uns ist klar: Unsere Vereine leisten durch ihr b\u00fcrgerschaftliches Engagement einen unverzichtbaren Mehrwert f\u00fcr die gesamte Gesellschaft. Dies gilt nicht nur f\u00fcr heute, sondern auch f\u00fcr unsere Zukunft. Daf\u00fcr m\u00fcssen wir uns mit der Gesellschaft weiterentwickeln und d\u00fcrfen uns nicht auf der Vergangenheit ausruhen. Als Partner seiner Vereine sieht es der STB als seine Pflicht euch bei diesen Entwicklungen zu unterst\u00fctzen und gemeinsam den Weg in die Zukunft anzugehen. Der Sportkongress Stuttgart ist hierf\u00fcr ein Paradebeispiel.&#8221;<\/p>\n<p style=\"text-align: justify;\">Dr. Susanne Eisenmann, Ministerin f\u00fcr Kultus, Jugend und Sport des Landes Baden-W\u00fcrttemberg: \u201eGemeinschaft, Fitness, Integration, Erziehung, Spiel und Spa\u00df \u2013 das alles und vieles mehr bieten unsere Turn- und Sportvereine in Baden-W\u00fcrttemberg. Der organisierte Sport ist nicht nur wichtiger Bildungspartner, sondern auch St\u00fctzpfeiler unseres Gemeinwesens. Er vermittelt Werte \u2013 und das ist von unsch\u00e4tzbarem Wert. Der organisierte Sport ist zudem eine starke Klammer f\u00fcr unsere Gesellschaft. Als gr\u00f6\u00dfte B\u00fcrgerbewegung im Land integrieren die Turn- und Sportvereine Menschen unterschiedlicher Herkunft und Milieus\u201c, sagt Baden-W\u00fcrttembergs Sportministerin und f\u00fcgt hinzu: \u201eDieser Erfolg fu\u00dft auch auf dem Austausch und den Erkenntnissen beim Sportkongress Stuttgart, der 2019 mit seinen zahlreichen Workshops, Vortr\u00e4gen und Kursen wieder einmal einen gewinnbringenden Beitrag f\u00fcr den Sport geleistet hat \u2013 und v\u00f6llig zu Recht als der f\u00fchrende Branchentreff des organisierten Sports gilt.\u201c<\/p>\n<p style=\"text-align: justify;\">Dr. Martin Schairer, B\u00fcrgermeister f\u00fcr Sicherheit, Ordnung und Sport der Landeshauptstadt Stuttgart: &#8220;Mit einer attraktiven Mischung aus sportlicher Praxis und Themen der Vereinsentwicklung unterst\u00fctzt der Sportkongress Stuttgart die Vereine erfolgreich dabei, sich f\u00fcr die Zukunft aufzustellen. Der Kongress ist ein Wegweiser f\u00fcr die Sportvereine\u201c, sagt\u00a0 der Sportb\u00fcrgermeister und erg\u00e4nzt: \u201eDie Vereine sind ein unverzichtbarer Bestandteil unseres kommunalen Netzwerks. Ohne sie w\u00e4re die Landeshauptstadt Stuttgart um viel Lebensqualit\u00e4t \u00e4rmer.\u201c<\/p>\n<p style=\"text-align: justify;\">Prof. Dr. J\u00fcrgen Freiwald,\u00a0Leiter des Arbeitsbereichs Bewegungs- und Trainingswissenschaft an der Bergischen Universit\u00e4t Wuppertal, sprach \u00fcber neuere Aspekte des Krafttrainings und das Foam-rolling: &#8220;Faszien sind immer mehr in den Fokus wissenschaftlicher Forschung ger\u00fcckt. Das Arbeiten mit einer Faszienrolle sollte jedoch kritisch betrachtet werden. Beim Rollen wirken hohe Kr\u00e4fte und Dr\u00fccke auf die darunter liegenden Gewebe, welche die Faszien nicht auflockern, sondern zusammendr\u00fccken. Hieraus entstehen Entz\u00fcndungen die negative Folgen nach sich ziehen k\u00f6nnen. Zudem gibt es keine wissenschaftlichen Beweise, dass das Rollen positive Effekte auf die Leistungsf\u00e4higkeit hat, die \u00fcber \u00fcbliche Anwendungen hinausgehen.&#8221; Der Wissenschaftler f\u00fcgt hinzu: \u201eDer Sportkongress bietet den Teilnehmern die M\u00f6glichkeit, sich die neuesten Erkenntnisse in Theorie und Praxis anzuh\u00f6ren und direkt umzusetzen. Durch den gelungenen Mix aus Theorie und Praxis ist der Sportkongress in jeder Hinsicht gewinnbringend.\u201c<\/p>\n<p style=\"text-align: justify;\">Peter Martin Thomas, Leiter der Sinus-Akademie, lobte das Engagement der Vereinsvertreter: &#8220;Sportvereine haben gro\u00dfes Potenzial, aktuelle Trends wie Gesundheit, Mobilit\u00e4t und Digitalisierung aufzugreifen und f\u00fcr ihre Mitglieder umzusetzen. Damit werden sie auch in Zukunft f\u00fcr viele Menschen attraktiv bleiben.&#8221;<\/p>\n<hr \/>\n<p style=\"text-align: justify;\">\n","protected":false},"excerpt":{"rendered":"<p>Sportkongress in Stuttgart Der Sportkongress Stuttgart gilt als der \u201eBranchentreff\u201c f\u00fcr Vereins-Vertreter aus ganz Deutschland. Beim Kongress in diesem Jahr diskutierten die 900 Teilnehmer drei Tage lang unter anderem gemeinsam \u00fcber Sport bis ins hohe Alter, Bewegung als Grundlage f\u00fcr ein gesundes Leben und die seit Jahren angesagte Trainingsform Functional Fitness. Der einhellige Tenor am [&hellip;]<\/p>\n","protected":false},"author":4,"featured_media":0,"comment_status":"closed","ping_status":"open","sticky":false,"template":"","format":"standard","meta":{"inline_featured_image":false,"_exactmetrics_skip_tracking":false,"_exactmetrics_sitenote_active":false,"_exactmetrics_sitenote_note":"","_exactmetrics_sitenote_category":0,"footnotes":""},"categories":[59,9098],"tags":[14857,5,68,9,16431,11670,275,16430],"class_list":{"0":"post-136553","1":"post","2":"type-post","3":"status-publish","4":"format-standard","6":"category-aktuell","7":"category-baden-wuerttemberg","8":"tag-die-webzeitung","9":"tag-internetzeitung","10":"tag-online-zeitung","11":"tag-schaumedia","12":"tag-sportkongress","13":"tag-sportverein","14":"tag-stuttgart","15":"tag-turnverein"},"image_feature":null,"author_name":"Redaktion","pure_taxonomies":{"categories":[{"term_id":59,"name":"Aktuell","slug":"aktuell","term_group":0,"term_taxonomy_id":60,"taxonomy":"category","description":"","parent":0,"count":1017,"filter":"raw","image":""},{"term_id":9098,"name":"Baden-W\u00fcrttemberg","slug":"baden-wuerttemberg","term_group":0,"term_taxonomy_id":9124,"taxonomy":"category","description":"","parent":171,"count":238,"filter":"raw","image":""}],"tags":[{"term_id":14857,"name":"Die-Webzeitung","slug":"die-webzeitung","term_group":0,"term_taxonomy_id":14876,"taxonomy":"post_tag","description":"","parent":0,"count":3623,"filter":"raw","image":""},{"term_id":5,"name":"Internetzeitung","slug":"internetzeitung","term_group":0,"term_taxonomy_id":5,"taxonomy":"post_tag","description":"","parent":0,"count":1461,"filter":"raw","image":""},{"term_id":68,"name":"Online-Zeitung","slug":"online-zeitung","term_group":0,"term_taxonomy_id":69,"taxonomy":"post_tag","description":"","parent":0,"count":3593,"filter":"raw","image":""},{"term_id":9,"name":"SchauMedia","slug":"schaumedia","term_group":0,"term_taxonomy_id":9,"taxonomy":"post_tag","description":"","parent":0,"count":1607,"filter":"raw","image":""},{"term_id":16431,"name":"Sportkongress","slug":"sportkongress","term_group":0,"term_taxonomy_id":16450,"taxonomy":"post_tag","description":"","parent":0,"count":1,"filter":"raw","image":""},{"term_id":11670,"name":"Sportverein","slug":"sportverein","term_group":0,"term_taxonomy_id":11708,"taxonomy":"post_tag","description":"","parent":0,"count":1,"filter":"raw","image":""},{"term_id":275,"name":"Stuttgart","slug":"stuttgart","term_group":0,"term_taxonomy_id":281,"taxonomy":"post_tag","description":"","parent":0,"count":1194,"filter":"raw","image":""},{"term_id":16430,"name":"Turnverein","slug":"turnverein","term_group":0,"term_taxonomy_id":16449,"taxonomy":"post_tag","description":"","parent":0,"count":1,"filter":"raw","image":""}]},"_links":{"self":[{"href":"https:\/\/die-webzeitung.de\/stuttgart\/wp-json\/wp\/v2\/posts\/136553","targetHints":{"allow":["GET"]}}],"collection":[{"href":"https:\/\/die-webzeitung.de\/stuttgart\/wp-json\/wp\/v2\/posts"}],"about":[{"href":"https:\/\/die-webzeitung.de\/stuttgart\/wp-json\/wp\/v2\/types\/post"}],"author":[{"embeddable":true,"href":"https:\/\/die-webzeitung.de\/stuttgart\/wp-json\/wp\/v2\/users\/4"}],"replies":[{"embeddable":true,"href":"https:\/\/die-webzeitung.de\/stuttgart\/wp-json\/wp\/v2\/comments?post=136553"}],"version-history":[{"count":1,"href":"https:\/\/die-webzeitung.de\/stuttgart\/wp-json\/wp\/v2\/posts\/136553\/revisions"}],"predecessor-version":[{"id":136554,"href":"https:\/\/die-webzeitung.de\/stuttgart\/wp-json\/wp\/v2\/posts\/136553\/revisions\/136554"}],"wp:attachment":[{"href":"https:\/\/die-webzeitung.de\/stuttgart\/wp-json\/wp\/v2\/media?parent=136553"}],"wp:term":[{"taxonomy":"category","embeddable":true,"href":"https:\/\/die-webzeitung.de\/stuttgart\/wp-json\/wp\/v2\/categories?post=136553"},{"taxonomy":"post_tag","embeddable":true,"href":"https:\/\/die-webzeitung.de\/stuttgart\/wp-json\/wp\/v2\/tags?post=136553"}],"curies":[{"name":"wp","href":"https:\/\/api.w.org\/{rel}","templated":true}]}}