{"id":136538,"date":"2019-10-25T15:20:40","date_gmt":"2019-10-25T14:20:40","guid":{"rendered":"https:\/\/die-webzeitung.de\/stuttgart\/?p=136538"},"modified":"2019-10-25T15:21:01","modified_gmt":"2019-10-25T14:21:01","slug":"tages-oder-monatslinsen-welche-kontaktlinsen-passt-zu-mir","status":"publish","type":"post","link":"https:\/\/die-webzeitung.de\/stuttgart\/2019\/10\/25\/tages-oder-monatslinsen-welche-kontaktlinsen-passt-zu-mir\/","title":{"rendered":"Tages- oder Monatslinsen? Welche Kontaktlinsen passen zu mir"},"content":{"rendered":"<p style=\"text-align: justify;\">Viele Menschen steigen aus optischen Gr\u00fcnden auf Kontaktlinsen um, da sie schlichtweg keine Brille tragen m\u00f6chten. Doch schnell stellt sich die Frage: Welche Linsen passen zu mir? Sollen es Tages- oder Monatslinsen sein? Nachfolgend wird alles Wissenswerte erl\u00e4utert: Wo liegen die Unterschiede beider Linsenarten, was sind die Vorteile und was gibt es zu beachten?<\/p>\n<p style=\"text-align: justify;\"><strong>Tages- oder Monatslinsen? Welche Kontaktlinsen sind f\u00fcr mich passend?<br \/>\n<\/strong>Bei Kontaktlinsen, der modernen Sehhilfe und sehr beliebten Alternative zur Brille, handelt es sich um hauchd\u00fcnne, durchsichtige Linsen, die auf das Auge gesetzt werden und in der Regel nicht auffallen. Sie sind fast unsichtbar und man sp\u00fcrt sie kaum. Sie &#8220;schwimmen&#8221; auf der Tr\u00e4nenfl\u00fcssigkeit. Genau wie die Brillen gleichen sie Sehfehler aus. Doch welche Linsen sollen es sein, Monats- oder Tageslinsen?<\/p>\n<p style=\"text-align: justify;\"><strong>* Monatslinsen<br \/>\n<\/strong>Diese Linsen werden, wie der Name verr\u00e4t, vier Wochen lang getragen. Wichtig ist jedoch die t\u00e4gliche Reinigung, um die Kontaktlinsen von Ablagerungen, Schmutzpartikel und Bakterien zu befreien: Die Linsen werden vor dem Schlafengehen herausgenommen, gereinigt und morgens wieder eingesetzt. Hierf\u00fcr gibt es praktische Kombil\u00f6sungen. Monatslinsen erfordern zwar eine regelm\u00e4\u00dfige Pflege, doch sie sind aufgrund der l\u00e4ngeren Lebensdauer preisg\u00fcnstiger als Eintageslinsen. <a href=\"https:\/\/www.lensbest.de\/shop\/Kontaktlinsen\/Monatslinsen\/cooper-vision-biofinity-1x6---15050\" target=\"_blank\" rel=\"noopener noreferrer\">Biofinity Kontaktlinsen<\/a> sind atmungsaktive Silikon-Hydrogel-Linsen, die einen sehr hohen Komfort bieten, von morgens bis sp\u00e4tabends, bei Wunsch auch durch die gesamte Nacht. Zum Aufbewahren und Sp\u00fclen der Linsen gibt es eine spezielle Kontaktlinsenfl\u00fcssigkeit, die \u00fcblicherweise aus einer Kochsalzl\u00f6sung besteht. Bei speziellen Peroxidsystemen, die auf der Basis von Wasserstoffperoxid optimal wirksam und vertr\u00e4glich sind, erfolgen die Reinigung und Aufbewahrung in einem Schritt. <a href=\"https:\/\/utopia.de\/ratgeber\/wasserstoffperoxid-anwendungen-fuer-haushalt-gesundheit-und-hygiene\/\" target=\"_blank\" rel=\"noopener noreferrer\">Wasserstoffperoxid<\/a> wird durch Neutralisation in eine Kochsalzl\u00f6sung umgewandelt.<\/p>\n<p style=\"text-align: justify;\"><strong>* Tageslinsen<br \/>\n<\/strong>Tageslinsen eignen sich gut f\u00fcr Gelegenheitstr\u00e4ger, wenn die Linsen beispielsweise zu bestimmten Anl\u00e4ssen oder beim Sport getragen werden sollen. Bei einer Unvertr\u00e4glichkeit gegen\u00fcber gewissen Inhaltsstoffen der Kontaktlinsenhygienefl\u00fcssigkeiten sind sie ebenfalls n\u00fctzlich. F\u00fcr diese Kontaktlinsen sind keine Pflegemittel notwendig, da sie nach dem einmaligem Gebrauch direkt entsorgt werden. Bei der n\u00e4chsten Verwendung kommen somit neue Kontaktlinsen zum Einsatz. Sie werden t\u00e4glich neu aufgesetzt und am Ende des Tages nach dem Herausnehmen entsorgt. Das charakteristische Merkmal an den Tageslinsen ist also die kurze Tragedauer. Der Vorteil ist die stetige Gewissheit, dass es sich immer um saubere und frische Linsen handelt, sodass das Infektionsrisiko minimiert wird. Tageslinsen sind grunds\u00e4tzlich weiche, flexible Kontaktlinsen, die sich gut anpassen und sehr angenehm zu tragen sind. Die Verbrauchskosten sind jedoch, auf Dauer gesehen, verglichen mit den Monatslinsen, sehr hoch. Bei regelm\u00e4\u00dfiger Nutzung lohnen sich daher Monatslinsen eher. Zum Einsetzen wird die Linse mit sauberen Fingern dem Beh\u00e4lter entnommen und in das Auge gesetzt. Der Daumen und Zeigefinger greifen die Kontaktlinse zum Entfernen und legen sie auf den Handteller.<\/p>\n<p style=\"text-align: justify;\"><strong>Zusammenfassung<br \/>\n<\/strong>Monatslinsen sind die beliebtesten Kontaktlinsen, da sie bei der t\u00e4glichen Verwendung in Bezug auf die Anschaffungskosten am g\u00fcnstigsten sind. Zur Sicherstellung einer <a href=\"http:\/\/cms.augeninfo.de\/hauptmenu\/augenheilkunde\/brille-kontaktlinsen-co\/kontaktlinsenhygiene.html\" target=\"_blank\" rel=\"noopener noreferrer\">optimalen Hygiene<\/a> ist es wichtig, Monatslinsen jeden Tag zu reinigen. Hinsichtlich der Pflegemittel sollten die Angaben des Herstellers beachtet werden, denn nicht jedes Produkt eignet sich f\u00fcr jede Linse. Von der Reinigung ausgenommen sind Tageslinsen, die nach dem Tragen stets entsorgt und t\u00e4glich neu ersetzt werden. Diese Linsen eignen sich jedoch eher f\u00fcr Gelegenheitstr\u00e4ger.<\/p>\n<hr \/>\n<p style=\"text-align: justify;\">\n","protected":false},"excerpt":{"rendered":"<p>Viele Menschen steigen aus optischen Gr\u00fcnden auf Kontaktlinsen um, da sie schlichtweg keine Brille tragen m\u00f6chten. Doch schnell stellt sich die Frage: Welche Linsen passen zu mir? Sollen es Tages- oder Monatslinsen sein? Nachfolgend wird alles Wissenswerte erl\u00e4utert: Wo liegen die Unterschiede beider Linsenarten, was sind die Vorteile und was gibt es zu beachten? Tages- [&hellip;]<\/p>\n","protected":false},"author":4,"featured_media":136539,"comment_status":"closed","ping_status":"open","sticky":false,"template":"","format":"standard","meta":{"inline_featured_image":false,"_exactmetrics_skip_tracking":false,"_exactmetrics_sitenote_active":false,"_exactmetrics_sitenote_note":"","_exactmetrics_sitenote_category":0,"footnotes":""},"categories":[2237],"tags":[14857,16429,11553,68],"class_list":{"0":"post-136538","1":"post","2":"type-post","3":"status-publish","4":"format-standard","5":"has-post-thumbnail","7":"category-ratgeber-leben","8":"tag-die-webzeitung","9":"tag-kontaktlinse","10":"tag-nevdel","11":"tag-online-zeitung"},"image_feature":"https:\/\/die-webzeitung.de\/stuttgart\/wp-content\/uploads\/sites\/4\/2019\/10\/287404_original_R_K_B_by_Ju\u0308rgen-Werres_pixelio.de_.jpg","author_name":"Redaktion","pure_taxonomies":{"categories":[{"term_id":2237,"name":"Ratgeber","slug":"ratgeber-leben","term_group":0,"term_taxonomy_id":2250,"taxonomy":"category","description":"","parent":482,"count":380,"filter":"raw","image":""}],"tags":[{"term_id":14857,"name":"Die-Webzeitung","slug":"die-webzeitung","term_group":0,"term_taxonomy_id":14876,"taxonomy":"post_tag","description":"","parent":0,"count":3623,"filter":"raw","image":""},{"term_id":16429,"name":"Kontaktlinse","slug":"kontaktlinse","term_group":0,"term_taxonomy_id":16448,"taxonomy":"post_tag","description":"","parent":0,"count":1,"filter":"raw","image":""},{"term_id":11553,"name":"NEVDEL","slug":"nevdel","term_group":0,"term_taxonomy_id":11591,"taxonomy":"post_tag","description":"","parent":0,"count":89,"filter":"raw","image":""},{"term_id":68,"name":"Online-Zeitung","slug":"online-zeitung","term_group":0,"term_taxonomy_id":69,"taxonomy":"post_tag","description":"","parent":0,"count":3593,"filter":"raw","image":""}]},"_links":{"self":[{"href":"https:\/\/die-webzeitung.de\/stuttgart\/wp-json\/wp\/v2\/posts\/136538","targetHints":{"allow":["GET"]}}],"collection":[{"href":"https:\/\/die-webzeitung.de\/stuttgart\/wp-json\/wp\/v2\/posts"}],"about":[{"href":"https:\/\/die-webzeitung.de\/stuttgart\/wp-json\/wp\/v2\/types\/post"}],"author":[{"embeddable":true,"href":"https:\/\/die-webzeitung.de\/stuttgart\/wp-json\/wp\/v2\/users\/4"}],"replies":[{"embeddable":true,"href":"https:\/\/die-webzeitung.de\/stuttgart\/wp-json\/wp\/v2\/comments?post=136538"}],"version-history":[{"count":2,"href":"https:\/\/die-webzeitung.de\/stuttgart\/wp-json\/wp\/v2\/posts\/136538\/revisions"}],"predecessor-version":[{"id":136541,"href":"https:\/\/die-webzeitung.de\/stuttgart\/wp-json\/wp\/v2\/posts\/136538\/revisions\/136541"}],"wp:featuredmedia":[{"embeddable":true,"href":"https:\/\/die-webzeitung.de\/stuttgart\/wp-json\/wp\/v2\/media\/136539"}],"wp:attachment":[{"href":"https:\/\/die-webzeitung.de\/stuttgart\/wp-json\/wp\/v2\/media?parent=136538"}],"wp:term":[{"taxonomy":"category","embeddable":true,"href":"https:\/\/die-webzeitung.de\/stuttgart\/wp-json\/wp\/v2\/categories?post=136538"},{"taxonomy":"post_tag","embeddable":true,"href":"https:\/\/die-webzeitung.de\/stuttgart\/wp-json\/wp\/v2\/tags?post=136538"}],"curies":[{"name":"wp","href":"https:\/\/api.w.org\/{rel}","templated":true}]}}