{"id":136536,"date":"2019-10-25T15:11:55","date_gmt":"2019-10-25T14:11:55","guid":{"rendered":"https:\/\/die-webzeitung.de\/stuttgart\/?p=136536"},"modified":"2019-10-25T15:11:55","modified_gmt":"2019-10-25T14:11:55","slug":"prominente-verstaerkung-fuer-den-mtv-stuttgart","status":"publish","type":"post","link":"https:\/\/die-webzeitung.de\/stuttgart\/2019\/10\/25\/prominente-verstaerkung-fuer-den-mtv-stuttgart\/","title":{"rendered":"Prominente Verst\u00e4rkung f\u00fcr den MTV Stuttgart"},"content":{"rendered":"<p style=\"text-align: justify;\">Stuttgart.| Die Schwebebalken Weltmeisterin von 2017 Pauline Sch\u00e4fer steht ab sofort im Kader des MTV Stuttgart. Mit der Neuverpflichtung gelang dem Verein aus der Landeshauptstadt ein Paukenschlag. Die Marschrichtung f\u00fcr den Rekordmeister ist damit klar definiert. \u201eWir wollen zum elften Mal Deutscher Mannschaftsmeister werden\u201c, so die Aussage von Trainer Robert Mai.<\/p>\n<p style=\"text-align: justify;\">Sch\u00e4fer geht erstmals am 2. November in Buchholz bei Hamburg f\u00fcr den MTV an die Ger\u00e4te. \u201eIch freue mich sehr f\u00fcr Stuttgart turnen zu d\u00fcrfen. Ich war noch nie Deutsche Mannschaftsmeisterin, die Chancen stehen gut, dass ich mit Stuttgart meine Titelsammlung erh\u00f6hen kann\u201c, sieht die Balkenspezialistin optimistisch nach vorne.<\/p>\n<hr \/>\n<p style=\"text-align: justify;\">\n","protected":false},"excerpt":{"rendered":"<p>Stuttgart.| Die Schwebebalken Weltmeisterin von 2017 Pauline Sch\u00e4fer steht ab sofort im Kader des MTV Stuttgart. Mit der Neuverpflichtung gelang dem Verein aus der Landeshauptstadt ein Paukenschlag. Die Marschrichtung f\u00fcr den Rekordmeister ist damit klar definiert. \u201eWir wollen zum elften Mal Deutscher Mannschaftsmeister werden\u201c, so die Aussage von Trainer Robert Mai. Sch\u00e4fer geht erstmals am [&hellip;]<\/p>\n","protected":false},"author":4,"featured_media":0,"comment_status":"closed","ping_status":"open","sticky":false,"template":"","format":"standard","meta":{"inline_featured_image":false,"_exactmetrics_skip_tracking":false,"_exactmetrics_sitenote_active":false,"_exactmetrics_sitenote_note":"","_exactmetrics_sitenote_category":0,"footnotes":""},"categories":[110],"tags":[14857,5,13736,68,9,11586],"class_list":{"0":"post-136536","1":"post","2":"type-post","3":"status-publish","4":"format-standard","6":"category-sport","7":"tag-die-webzeitung","8":"tag-internetzeitung","9":"tag-mtv","10":"tag-online-zeitung","11":"tag-schaumedia","12":"tag-turnen"},"image_feature":null,"author_name":"Redaktion","pure_taxonomies":{"categories":[{"term_id":110,"name":"Sport","slug":"sport","term_group":0,"term_taxonomy_id":112,"taxonomy":"category","description":"Sportberichte","parent":0,"count":1043,"filter":"raw","image":""}],"tags":[{"term_id":14857,"name":"Die-Webzeitung","slug":"die-webzeitung","term_group":0,"term_taxonomy_id":14876,"taxonomy":"post_tag","description":"","parent":0,"count":3623,"filter":"raw","image":""},{"term_id":5,"name":"Internetzeitung","slug":"internetzeitung","term_group":0,"term_taxonomy_id":5,"taxonomy":"post_tag","description":"","parent":0,"count":1461,"filter":"raw","image":""},{"term_id":13736,"name":"MTV","slug":"mtv","term_group":0,"term_taxonomy_id":13778,"taxonomy":"post_tag","description":"","parent":0,"count":22,"filter":"raw","image":""},{"term_id":68,"name":"Online-Zeitung","slug":"online-zeitung","term_group":0,"term_taxonomy_id":69,"taxonomy":"post_tag","description":"","parent":0,"count":3593,"filter":"raw","image":""},{"term_id":9,"name":"SchauMedia","slug":"schaumedia","term_group":0,"term_taxonomy_id":9,"taxonomy":"post_tag","description":"","parent":0,"count":1607,"filter":"raw","image":""},{"term_id":11586,"name":"Turnen","slug":"turnen","term_group":0,"term_taxonomy_id":11624,"taxonomy":"post_tag","description":"","parent":0,"count":7,"filter":"raw","image":""}]},"_links":{"self":[{"href":"https:\/\/die-webzeitung.de\/stuttgart\/wp-json\/wp\/v2\/posts\/136536","targetHints":{"allow":["GET"]}}],"collection":[{"href":"https:\/\/die-webzeitung.de\/stuttgart\/wp-json\/wp\/v2\/posts"}],"about":[{"href":"https:\/\/die-webzeitung.de\/stuttgart\/wp-json\/wp\/v2\/types\/post"}],"author":[{"embeddable":true,"href":"https:\/\/die-webzeitung.de\/stuttgart\/wp-json\/wp\/v2\/users\/4"}],"replies":[{"embeddable":true,"href":"https:\/\/die-webzeitung.de\/stuttgart\/wp-json\/wp\/v2\/comments?post=136536"}],"version-history":[{"count":1,"href":"https:\/\/die-webzeitung.de\/stuttgart\/wp-json\/wp\/v2\/posts\/136536\/revisions"}],"predecessor-version":[{"id":136537,"href":"https:\/\/die-webzeitung.de\/stuttgart\/wp-json\/wp\/v2\/posts\/136536\/revisions\/136537"}],"wp:attachment":[{"href":"https:\/\/die-webzeitung.de\/stuttgart\/wp-json\/wp\/v2\/media?parent=136536"}],"wp:term":[{"taxonomy":"category","embeddable":true,"href":"https:\/\/die-webzeitung.de\/stuttgart\/wp-json\/wp\/v2\/categories?post=136536"},{"taxonomy":"post_tag","embeddable":true,"href":"https:\/\/die-webzeitung.de\/stuttgart\/wp-json\/wp\/v2\/tags?post=136536"}],"curies":[{"name":"wp","href":"https:\/\/api.w.org\/{rel}","templated":true}]}}