{"id":136520,"date":"2019-10-24T17:38:36","date_gmt":"2019-10-24T16:38:36","guid":{"rendered":"https:\/\/die-webzeitung.de\/stuttgart\/?p=136520"},"modified":"2019-10-24T17:38:36","modified_gmt":"2019-10-24T16:38:36","slug":"grosseinsatz-der-polizei-am-samstag","status":"publish","type":"post","link":"https:\/\/die-webzeitung.de\/stuttgart\/2019\/10\/24\/grosseinsatz-der-polizei-am-samstag\/","title":{"rendered":"Gro\u00dfeinsatz der Polizei am Samstag"},"content":{"rendered":"<p style=\"text-align: justify;\">Stuttgart.| Die Stuttgarter Polizei bereitet sich f\u00fcr dieses Wochenende auf einen gr\u00f6\u00dferen Einsatz vor. Vor allem wegen eines zu erwartenden Demonstrationsgeschehens in der Stuttgarter Innenstadt werden am Samstag (26.10.2019) mehrere Hundert Polizeibeamte im Einsatz sein.<\/p>\n<p style=\"text-align: justify;\">Aufgrund der bisherigen Erfahrungen im Zusammenhang mit den Demonstrationen zur Thematik &#8220;Einmarsch t\u00fcrkischer Truppen in Nordsyrien&#8221; und den zur\u00fcckliegenden Folgeaktionen in Stuttgart, stellt sich die Polizei erneut auf hochemotionalisierte Teilnehmer von Demonstrationen sowie auf Gruppierungen ein, die sich nicht an Recht und Gesetz halten. Die teilweise aggressive Stimmung der vergangenen Wochen, begangene Straftaten, wie Landfriedensbruch und K\u00f6rperverletzung, B\u00f6llerw\u00fcrfe mit heftigen Detonationen, der Bewurf von Polizeibeamten mit Steinen, Flaschen und anderen Gegenst\u00e4nden sowie die bei manchen Teilnehmern teilweise sp\u00fcrbare Gewaltbereitschaft haben die Einsatzleitung zur Planung des Gro\u00dfeinsatzes bewogen.<\/p>\n<p style=\"text-align: justify;\">Die Polizei Stuttgart wird von Beamten aus dem ganzen Land sowie auch von Beamten aus anderen Bundesl\u00e4ndern unterst\u00fctzt. Sehr viele Einsatzkr\u00e4fte, darunter ganze Hundertschaften mit K\u00f6rperschutzausstattung, werden im Bereich der Innenstadt pr\u00e4sent sein. Auch der Polizeihubschrauber wird wieder zur Einsatzunterst\u00fctzung sowie f\u00fcr die n\u00f6tige Bild\u00fcbertragung und die nur damit jederzeit m\u00f6gliche taktische Bewertung f\u00fcr die Polizei-Einsatzleitung \u00fcber der Stadt schweben. Auf ihn kann in diesem Einsatz nicht verzichtet werden.<\/p>\n<p style=\"text-align: justify;\">Die Polizei bittet an dieser Stelle um Verst\u00e4ndnis f\u00fcr die L\u00e4rmbeeintr\u00e4chtigung, die zweifellos &#8211; m\u00f6glicherweise auch l\u00e4ngere Zeit &#8211; entstehen wird. Wegen der Vielzahl von Veranstaltungen und des damit verbundenen Besucheraufkommens sowie m\u00f6glichen tempor\u00e4ren Streckensperrungen kann es insbesondere in der Innenstadt, aber auch auf Zufahrtsrouten, zu Verkehrsproblemen kommen. Besucher der Innenstadt werden gebeten, auf \u00f6ffentliche Verkehrsmittel auszuweichen.<\/p>\n<p style=\"text-align: justify;\">Am Einsatztag informiert die Polizei auch \u00fcber ihre Social-Media-Kan\u00e4le auf Facebook und Twitter.<\/p>\n<hr \/>\n<p style=\"text-align: justify;\">\n","protected":false},"excerpt":{"rendered":"<p>Stuttgart.| Die Stuttgarter Polizei bereitet sich f\u00fcr dieses Wochenende auf einen gr\u00f6\u00dferen Einsatz vor. Vor allem wegen eines zu erwartenden Demonstrationsgeschehens in der Stuttgarter Innenstadt werden am Samstag (26.10.2019) mehrere Hundert Polizeibeamte im Einsatz sein. Aufgrund der bisherigen Erfahrungen im Zusammenhang mit den Demonstrationen zur Thematik &#8220;Einmarsch t\u00fcrkischer Truppen in Nordsyrien&#8221; und den zur\u00fcckliegenden Folgeaktionen [&hellip;]<\/p>\n","protected":false},"author":4,"featured_media":0,"comment_status":"closed","ping_status":"open","sticky":false,"template":"","format":"standard","meta":{"inline_featured_image":false,"_exactmetrics_skip_tracking":false,"_exactmetrics_sitenote_active":false,"_exactmetrics_sitenote_note":"","_exactmetrics_sitenote_category":0,"footnotes":""},"categories":[59,2239],"tags":[12274,14857,16424,5,16425,68,205,13624,9,275],"class_list":{"0":"post-136520","1":"post","2":"type-post","3":"status-publish","4":"format-standard","6":"category-aktuell","7":"category-stuttgart-lokal","8":"tag-demo","9":"tag-die-webzeitung","10":"tag-gewaltbereit","11":"tag-internetzeitung","12":"tag-landfriedensbruch","13":"tag-online-zeitung","14":"tag-polizei","15":"tag-protest","16":"tag-schaumedia","17":"tag-stuttgart"},"image_feature":null,"author_name":"Redaktion","pure_taxonomies":{"categories":[{"term_id":59,"name":"Aktuell","slug":"aktuell","term_group":0,"term_taxonomy_id":60,"taxonomy":"category","description":"","parent":0,"count":1017,"filter":"raw","image":""},{"term_id":2239,"name":"Stuttgart","slug":"stuttgart-lokal","term_group":0,"term_taxonomy_id":2252,"taxonomy":"category","description":"Berichte und Informationen aus Stuttgart","parent":1433,"count":941,"filter":"raw","image":""}],"tags":[{"term_id":12274,"name":"Demo","slug":"demo","term_group":0,"term_taxonomy_id":12312,"taxonomy":"post_tag","description":"","parent":0,"count":12,"filter":"raw","image":""},{"term_id":14857,"name":"Die-Webzeitung","slug":"die-webzeitung","term_group":0,"term_taxonomy_id":14876,"taxonomy":"post_tag","description":"","parent":0,"count":3623,"filter":"raw","image":""},{"term_id":16424,"name":"gewaltbereit","slug":"gewaltbereit","term_group":0,"term_taxonomy_id":16443,"taxonomy":"post_tag","description":"","parent":0,"count":1,"filter":"raw","image":""},{"term_id":5,"name":"Internetzeitung","slug":"internetzeitung","term_group":0,"term_taxonomy_id":5,"taxonomy":"post_tag","description":"","parent":0,"count":1461,"filter":"raw","image":""},{"term_id":16425,"name":"Landfriedensbruch","slug":"landfriedensbruch","term_group":0,"term_taxonomy_id":16444,"taxonomy":"post_tag","description":"","parent":0,"count":2,"filter":"raw","image":""},{"term_id":68,"name":"Online-Zeitung","slug":"online-zeitung","term_group":0,"term_taxonomy_id":69,"taxonomy":"post_tag","description":"","parent":0,"count":3593,"filter":"raw","image":""},{"term_id":205,"name":"Polizei","slug":"polizei","term_group":0,"term_taxonomy_id":208,"taxonomy":"post_tag","description":"","parent":0,"count":277,"filter":"raw","image":""},{"term_id":13624,"name":"Protest","slug":"protest","term_group":0,"term_taxonomy_id":13666,"taxonomy":"post_tag","description":"","parent":0,"count":4,"filter":"raw","image":""},{"term_id":9,"name":"SchauMedia","slug":"schaumedia","term_group":0,"term_taxonomy_id":9,"taxonomy":"post_tag","description":"","parent":0,"count":1607,"filter":"raw","image":""},{"term_id":275,"name":"Stuttgart","slug":"stuttgart","term_group":0,"term_taxonomy_id":281,"taxonomy":"post_tag","description":"","parent":0,"count":1194,"filter":"raw","image":""}]},"_links":{"self":[{"href":"https:\/\/die-webzeitung.de\/stuttgart\/wp-json\/wp\/v2\/posts\/136520","targetHints":{"allow":["GET"]}}],"collection":[{"href":"https:\/\/die-webzeitung.de\/stuttgart\/wp-json\/wp\/v2\/posts"}],"about":[{"href":"https:\/\/die-webzeitung.de\/stuttgart\/wp-json\/wp\/v2\/types\/post"}],"author":[{"embeddable":true,"href":"https:\/\/die-webzeitung.de\/stuttgart\/wp-json\/wp\/v2\/users\/4"}],"replies":[{"embeddable":true,"href":"https:\/\/die-webzeitung.de\/stuttgart\/wp-json\/wp\/v2\/comments?post=136520"}],"version-history":[{"count":1,"href":"https:\/\/die-webzeitung.de\/stuttgart\/wp-json\/wp\/v2\/posts\/136520\/revisions"}],"predecessor-version":[{"id":136521,"href":"https:\/\/die-webzeitung.de\/stuttgart\/wp-json\/wp\/v2\/posts\/136520\/revisions\/136521"}],"wp:attachment":[{"href":"https:\/\/die-webzeitung.de\/stuttgart\/wp-json\/wp\/v2\/media?parent=136520"}],"wp:term":[{"taxonomy":"category","embeddable":true,"href":"https:\/\/die-webzeitung.de\/stuttgart\/wp-json\/wp\/v2\/categories?post=136520"},{"taxonomy":"post_tag","embeddable":true,"href":"https:\/\/die-webzeitung.de\/stuttgart\/wp-json\/wp\/v2\/tags?post=136520"}],"curies":[{"name":"wp","href":"https:\/\/api.w.org\/{rel}","templated":true}]}}