{"id":136469,"date":"2019-10-18T13:42:24","date_gmt":"2019-10-18T12:42:24","guid":{"rendered":"https:\/\/die-webzeitung.de\/stuttgart\/?p=136469"},"modified":"2019-10-18T13:42:44","modified_gmt":"2019-10-18T12:42:44","slug":"glasfaserausbau-fuer-gewerbegebiet-tobelwasen-beschlossen","status":"publish","type":"post","link":"https:\/\/die-webzeitung.de\/stuttgart\/2019\/10\/18\/glasfaserausbau-fuer-gewerbegebiet-tobelwasen-beschlossen\/","title":{"rendered":"Glasfaserausbau f\u00fcr Gewerbegebiet Tobelwasen beschlossen"},"content":{"rendered":"<ul>\n<li><strong>Telekom baut im Gewerbegebiet Glasfaser bis zu 1 GBit\/s aus<\/strong><\/li>\n<li><strong>Hohe Bandbreiten f\u00fcr 136 Betriebe noch in diesem Jahr<\/strong><\/li>\n<\/ul>\n<p style=\"text-align: justify;\">Weilheim\/Teck.| Die W\u00fcrfel sind gefallen: Im Gewerbegebiet Tobelwasen der Stadt Weilheim an der Teck erhalten die 136 Unternehmen jetzt Anschluss an das Gigabit-Hochgeschwindigkeitsnetz der Telekom. Die Zahl der Unternehmen, die sich an dieses Netz anschlie\u00dfen lassen wollen, ist schon vor Ende des Vorvermarktungszeitraums \u00fcber die 30 Prozent Marke geklettert. Daher hat die Gesch\u00e4ftsf\u00fchrung der Telekom beschlossen, im Gewerbegebiet Tobelwasen unmittelbar mit den Detailplanungen f\u00fcr den Glasfaserausbau zu beginnen. Zudem erhalten die Firmen, die sich w\u00e4hrend des Vorvermarktungszeitraums f\u00fcr die Telekom entschieden haben, den Einbau des Gigabit-Anschlusses ohne zus\u00e4tzliche Kosten. Das Angebot auf Glasfaser reicht vom asymmetrischen 100 MBit\/s-Gesch\u00e4ftskundenanschluss bis zum symmetrischen 1 GBit\/s-Anschluss. Die Telekom wird daf\u00fcr rund 5 Kilometer Glasfaser verlegen und die Unternehmensstandorte direkt an das Glasfaser-Netz anbinden. Die Glasfaseranschl\u00fcsse f\u00fcr die Unternehmen im Gewerbegebiet Tobelwasen in Weilheim an der Teck werden Ende 2020 zur Verf\u00fcgung gestellt werden.<\/p>\n<p style=\"text-align: justify;\">\u201eWir freuen uns, dass 136 Betriebe die M\u00f6glichkeit f\u00fcr einen echten Glasfaseranschluss erhalten, sagt der Weilheimer B\u00fcrgermeister Johannes Z\u00fcfle. \u201eDamit k\u00f6nnen Betriebsst\u00e4tten und Arbeitspl\u00e4tze auf die Zukunft ausgerichtet werden. Die gute Vorvermarktung zeigt, dass zahlreiche \u00f6rtliche Unternehmen zukunftsoffen sind und die Weichen f\u00fcr das digitale Zeitalter stellen. M\u00f6glich geworden ist der Glasfaserausbau durch den Beitritt der Stadt Weilheim zum Zweckverband Breitbandf\u00f6rderung, die regionsweite Kooperation mit der Telekom, sowie die konkrete Zusammenarbeit und Anstrengungen vor Ort.\u201c<\/p>\n<p style=\"text-align: justify;\">\u201eDie Versorgung mit schnellem Internet ist f\u00fcr Unternehmen ein wichtiger Entscheidungsfaktor bei der Auswahl eines Standortes und die Grundlage f\u00fcr zukunftsf\u00e4higes, digitales Arbeiten. Es freut mich daher besonders, dass die Telekom im Rahmen unseres Kooperationsprojektes einen Schwerpunkt auf den Ausbau der Gewerbegebiete legt,\u201c so Markus Grupp, Kreiswirtschaftsf\u00f6rderer und Gesch\u00e4ftsf\u00fchrer des Zweckverbandes Breitbandversorgung Landkreis Esslingen.<\/p>\n<p style=\"text-align: justify;\">\u201eSchnelles Internet ist ein zentraler Beitrag zur Zukunftsf\u00e4higkeit der Wirtschaft und f\u00fcr die Lebensqualit\u00e4t der B\u00fcrger\u201c, erkl\u00e4rt Hans-J\u00fcrgen Bahde, Breitbandbeauftragter der Region Stuttgart und Gesch\u00e4ftsf\u00fchrer der Gigabit Region Stuttgart GmbH. \u201eDurch die Zusammenarbeit mit der Telekom erreichen wir ein Investitionsvolumen von 1,6 Milliarden Euro bis zum Jahr 2030. Damit bekommen unsere Firmen h\u00f6chste Bandbreiten und wir sind beim schnellen Internet allen anderen deutschen Regionen weit voraus.\u201c<\/p>\n<p style=\"text-align: justify;\">\u201eWir freuen uns, unseren Gesch\u00e4ftskunden in Weilheim an der Teck zuk\u00fcnftig Glasfaseranschl\u00fcsse im Gewerbegebiet anbieten zu k\u00f6nnen. Wir werden das Projekt z\u00fcgig umsetzen und die Betriebe mit modernster Technik versorgen. Wir bieten den Unternehmen damit die beste Infrastruktur f\u00fcr die Digitalisierung,\u201c sagt Frank Bothe, Leiter der Technikniederlassung S\u00fcdwest der Deutschen Telekom.<\/p>\n<p style=\"text-align: justify;\">Die Telekom investiert Jahr f\u00fcr Jahr rund f\u00fcnf Milliarden Euro und betreibt mit mehr als 500.000 Kilometer das gr\u00f6\u00dfte Glasfaser-Netz in Europa. Sie setzt alles in den Breitbandausbau und hat 2018 rund 60.000 Kilometer Glasfaser verbaut.<\/p>\n<p style=\"text-align: justify;\">Der Ausbau in Weilheim an der Teck ist Ergebnis einer Kooperation der Gigabit Region Stuttgart GmbH mit der Deutschen Telekom. Im Fokus des Gigabitprojekts steht der partnerschaftliche Ausbau des ultraschnellen Glasfasernetzes. Bis 2025 sollen zudem 99 Prozent der Bev\u00f6lkerung Mobilfunk (LTE) nutzen k\u00f6nnen. Au\u00dferdem ist geplant, ein leistungsstarkes 5G-Netz z\u00fcgig aufzubauen. Der Vertrag ist in dieser Dimension deutschlandweit einmalig.<\/p>\n<p style=\"text-align: justify;\">Das Ausbaugebiet umfasst derzeit 174 Kommunen in der Stadt Stuttgart sowie in den f\u00fcnf benachbarten Landkreisen B\u00f6blingen, Esslingen, G\u00f6ppingen, Ludwigsburg und Rems-Murr. In dem Ballungsraum leben rund 2,8 Millionen Menschen. Etwa 140.000 Unternehmen sind dort angesiedelt.<\/p>\n<p style=\"text-align: justify;\">Der Netzausbau der Region ist regelm\u00e4\u00dfig Thema bei Whatsapp. Wer Lust hat, kann der Gruppe beitreten: <a href=\"https:\/\/www.telekom.com\/de\/medien\/breitband-ausbau-in-der-region-stuttgart\" target=\"_blank\" rel=\"noopener noreferrer\">https:\/\/www.telekom.com\/de\/medien\/breitband-ausbau-in-der-region-stuttgart<\/a><\/p>\n<hr \/>\n<p style=\"text-align: justify;\">\n","protected":false},"excerpt":{"rendered":"<p>Telekom baut im Gewerbegebiet Glasfaser bis zu 1 GBit\/s aus Hohe Bandbreiten f\u00fcr 136 Betriebe noch in diesem Jahr Weilheim\/Teck.| Die W\u00fcrfel sind gefallen: Im Gewerbegebiet Tobelwasen der Stadt Weilheim an der Teck erhalten die 136 Unternehmen jetzt Anschluss an das Gigabit-Hochgeschwindigkeitsnetz der Telekom. Die Zahl der Unternehmen, die sich an dieses Netz anschlie\u00dfen lassen [&hellip;]<\/p>\n","protected":false},"author":4,"featured_media":0,"comment_status":"closed","ping_status":"open","sticky":false,"template":"","format":"standard","meta":{"inline_featured_image":false,"_exactmetrics_skip_tracking":false,"_exactmetrics_sitenote_active":false,"_exactmetrics_sitenote_note":"","_exactmetrics_sitenote_category":0,"footnotes":""},"categories":[2247],"tags":[14857,16114,5,68,9,15698],"class_list":{"0":"post-136469","1":"post","2":"type-post","3":"status-publish","4":"format-standard","6":"category-kreis-esslingen","7":"tag-die-webzeitung","8":"tag-glasfaserausbau","9":"tag-internetzeitung","10":"tag-online-zeitung","11":"tag-schaumedia","12":"tag-weilheim"},"image_feature":null,"author_name":"Redaktion","pure_taxonomies":{"categories":[{"term_id":2247,"name":"Kreis Esslingen","slug":"kreis-esslingen","term_group":0,"term_taxonomy_id":2260,"taxonomy":"category","description":"Informationen aus dem Landkreis Esslingen","parent":171,"count":214,"filter":"raw","image":""}],"tags":[{"term_id":14857,"name":"Die-Webzeitung","slug":"die-webzeitung","term_group":0,"term_taxonomy_id":14876,"taxonomy":"post_tag","description":"","parent":0,"count":3623,"filter":"raw","image":""},{"term_id":16114,"name":"Glasfaserausbau","slug":"glasfaserausbau","term_group":0,"term_taxonomy_id":16133,"taxonomy":"post_tag","description":"","parent":0,"count":1,"filter":"raw","image":""},{"term_id":5,"name":"Internetzeitung","slug":"internetzeitung","term_group":0,"term_taxonomy_id":5,"taxonomy":"post_tag","description":"","parent":0,"count":1461,"filter":"raw","image":""},{"term_id":68,"name":"Online-Zeitung","slug":"online-zeitung","term_group":0,"term_taxonomy_id":69,"taxonomy":"post_tag","description":"","parent":0,"count":3593,"filter":"raw","image":""},{"term_id":9,"name":"SchauMedia","slug":"schaumedia","term_group":0,"term_taxonomy_id":9,"taxonomy":"post_tag","description":"","parent":0,"count":1607,"filter":"raw","image":""},{"term_id":15698,"name":"Weilheim","slug":"weilheim","term_group":0,"term_taxonomy_id":15717,"taxonomy":"post_tag","description":"","parent":0,"count":1,"filter":"raw","image":""}]},"_links":{"self":[{"href":"https:\/\/die-webzeitung.de\/stuttgart\/wp-json\/wp\/v2\/posts\/136469","targetHints":{"allow":["GET"]}}],"collection":[{"href":"https:\/\/die-webzeitung.de\/stuttgart\/wp-json\/wp\/v2\/posts"}],"about":[{"href":"https:\/\/die-webzeitung.de\/stuttgart\/wp-json\/wp\/v2\/types\/post"}],"author":[{"embeddable":true,"href":"https:\/\/die-webzeitung.de\/stuttgart\/wp-json\/wp\/v2\/users\/4"}],"replies":[{"embeddable":true,"href":"https:\/\/die-webzeitung.de\/stuttgart\/wp-json\/wp\/v2\/comments?post=136469"}],"version-history":[{"count":2,"href":"https:\/\/die-webzeitung.de\/stuttgart\/wp-json\/wp\/v2\/posts\/136469\/revisions"}],"predecessor-version":[{"id":136471,"href":"https:\/\/die-webzeitung.de\/stuttgart\/wp-json\/wp\/v2\/posts\/136469\/revisions\/136471"}],"wp:attachment":[{"href":"https:\/\/die-webzeitung.de\/stuttgart\/wp-json\/wp\/v2\/media?parent=136469"}],"wp:term":[{"taxonomy":"category","embeddable":true,"href":"https:\/\/die-webzeitung.de\/stuttgart\/wp-json\/wp\/v2\/categories?post=136469"},{"taxonomy":"post_tag","embeddable":true,"href":"https:\/\/die-webzeitung.de\/stuttgart\/wp-json\/wp\/v2\/tags?post=136469"}],"curies":[{"name":"wp","href":"https:\/\/api.w.org\/{rel}","templated":true}]}}