{"id":136465,"date":"2019-10-18T13:34:17","date_gmt":"2019-10-18T12:34:17","guid":{"rendered":"https:\/\/die-webzeitung.de\/stuttgart\/?p=136465"},"modified":"2019-10-18T13:34:17","modified_gmt":"2019-10-18T12:34:17","slug":"ob-und-gesamtpersonalrat-unterzeichnen-antidiskriminierungserklaerung","status":"publish","type":"post","link":"https:\/\/die-webzeitung.de\/stuttgart\/2019\/10\/18\/ob-und-gesamtpersonalrat-unterzeichnen-antidiskriminierungserklaerung\/","title":{"rendered":"OB und Gesamtpersonalrat unterzeichnen Antidiskriminierungserkl\u00e4rung"},"content":{"rendered":"<p style=\"text-align: justify;\">Stuttgart.| Oberb\u00fcrgermeister Fritz Kuhn und die Vorsitzende des Gesamtpersonalrats, Claudia H\u00e4u\u00dfler, haben am Donnerstag, 17. Oktober, eine Antidiskriminierungserkl\u00e4rung der Landeshauptstadt Stuttgart unterzeichnet. Sie ist ein deutliches Zeichen sowohl in die Stadtgesellschaft wie gleichzeitig in die Stadtverwaltung hinein. Im \u00c4ltestenrat des Gemeinderats wurde die Erkl\u00e4rung zustimmend zur Kenntnis genommen.<\/p>\n<p style=\"text-align: justify;\">OB Kuhn sagte zu Beginn der Sitzung des Gemeinderats: \u201eEs gab im Internet konkrete Drohungen gegen einen Stadtrat, gegen die ich Strafanzeige gestellt habe. Wer sich ehrenamtlich f\u00fcr die Stadt engagiert, darf nicht beschimpft oder bedroht werden. Wer dem ausgesetzt ist, hat die Unterst\u00fctzung der Verwaltung.\u201c Zur Antidiskriminierungserkl\u00e4rung betonte Kuhn, dass die Stadt nicht nur Diskriminierungen aller Art Form zur\u00fcckweise sondern auch zeigen werde, wie sie ihre Grunds\u00e4tze aktiv realisieren werde. Kuhn w\u00f6rtlich: \u201eDie Erkl\u00e4rung ist klar, verst\u00e4ndlich und auf einer Seite zusammengefasst \u2013 das macht sie zum normativen Rahmen unseres Handelns.\u201c<\/p>\n<p style=\"text-align: justify;\">Die Personalratsvorsitzende H\u00e4u\u00dfler erkl\u00e4rte: \u201eIch freue mich, dass wir bei dem wichtigen Thema jetzt eine gute, gemeinsame Erkl\u00e4rung hinbekommen haben. Wir begr\u00fc\u00dfen, dass die Verwaltung ein Handlungskonzept entwickeln will, mit dem die Grunds\u00e4tze der Antidiskriminierungserkl\u00e4rung im allt\u00e4glichen Miteinander konkret zum Tragen kommen werden.&#8221;<\/p>\n<p style=\"text-align: justify;\">Die vorliegende Erkl\u00e4rung begr\u00fcndet sich auf einer Vielzahl von Anl\u00e4ssen, die seit geraumer Zeit im Gemeinderat, in der Verwaltung, aber auch in der \u00d6ffentlichkeit thematisiert wurden und werden, und die bei weitem nicht nur den Antisemitismus betreffen. So liegen beispielsweise Morddrohungen gegen\u00fcber Mitgliedern st\u00e4dtischer Gremien vor, oder es sind Ereignisse geschehen wie der Mordanschlag in Halle an der Saale mit einem rechtsextremistischen Hintergrund. Auch Mitarbeiterinnen und Mitarbeiter der Verwaltung sehen sich immer wieder Anfeindungen und \u00dcbergriffen ausgesetzt.<\/p>\n<p style=\"text-align: justify;\">Die Landeshauptstadt Stuttgart bekennt sich damit klar zur gleichberechtigten Teilhabe aller Bev\u00f6lkerungsgruppen am gesellschaftlichen Leben, erkennt vielf\u00e4ltige Lebensformen an und stellt sich gegen alle Formen von Menschenfeindlichkeit, Diskriminierung, Antisemitismus, Ausgrenzung und Rassismus. Sie tritt entschlossen allen Anfeindungen, Bedrohungen und \u00dcbergriffen gegen\u00fcber Mitarbeiterinnen und Mitarbeitern und Amts- und Mandatstr\u00e4gerinnen und -tr\u00e4gern entgegen.<\/p>\n<p style=\"text-align: justify;\">Die Erkl\u00e4rung soll als Grundlage f\u00fcr darauf aufbauende Handlungsvorgaben oder -konzepte in der Verwaltung dienen.<\/p>\n<hr \/>\n<p style=\"text-align: justify;\">\n","protected":false},"excerpt":{"rendered":"<p>Stuttgart.| Oberb\u00fcrgermeister Fritz Kuhn und die Vorsitzende des Gesamtpersonalrats, Claudia H\u00e4u\u00dfler, haben am Donnerstag, 17. Oktober, eine Antidiskriminierungserkl\u00e4rung der Landeshauptstadt Stuttgart unterzeichnet. Sie ist ein deutliches Zeichen sowohl in die Stadtgesellschaft wie gleichzeitig in die Stadtverwaltung hinein. Im \u00c4ltestenrat des Gemeinderats wurde die Erkl\u00e4rung zustimmend zur Kenntnis genommen. OB Kuhn sagte zu Beginn der Sitzung [&hellip;]<\/p>\n","protected":false},"author":4,"featured_media":0,"comment_status":"closed","ping_status":"open","sticky":false,"template":"","format":"standard","meta":{"inline_featured_image":false,"_exactmetrics_skip_tracking":false,"_exactmetrics_sitenote_active":false,"_exactmetrics_sitenote_note":"","_exactmetrics_sitenote_category":0,"footnotes":""},"categories":[2239],"tags":[14857,16417,16418,5,68,9,275],"class_list":{"0":"post-136465","1":"post","2":"type-post","3":"status-publish","4":"format-standard","6":"category-stuttgart-lokal","7":"tag-die-webzeitung","8":"tag-diskriminierung","9":"tag-erklaerung","10":"tag-internetzeitung","11":"tag-online-zeitung","12":"tag-schaumedia","13":"tag-stuttgart"},"image_feature":null,"author_name":"Redaktion","pure_taxonomies":{"categories":[{"term_id":2239,"name":"Stuttgart","slug":"stuttgart-lokal","term_group":0,"term_taxonomy_id":2252,"taxonomy":"category","description":"Berichte und Informationen aus Stuttgart","parent":1433,"count":941,"filter":"raw","image":""}],"tags":[{"term_id":14857,"name":"Die-Webzeitung","slug":"die-webzeitung","term_group":0,"term_taxonomy_id":14876,"taxonomy":"post_tag","description":"","parent":0,"count":3623,"filter":"raw","image":""},{"term_id":16417,"name":"Diskriminierung","slug":"diskriminierung","term_group":0,"term_taxonomy_id":16436,"taxonomy":"post_tag","description":"","parent":0,"count":2,"filter":"raw","image":""},{"term_id":16418,"name":"Erkl\u00e4rung","slug":"erklaerung","term_group":0,"term_taxonomy_id":16437,"taxonomy":"post_tag","description":"","parent":0,"count":1,"filter":"raw","image":""},{"term_id":5,"name":"Internetzeitung","slug":"internetzeitung","term_group":0,"term_taxonomy_id":5,"taxonomy":"post_tag","description":"","parent":0,"count":1461,"filter":"raw","image":""},{"term_id":68,"name":"Online-Zeitung","slug":"online-zeitung","term_group":0,"term_taxonomy_id":69,"taxonomy":"post_tag","description":"","parent":0,"count":3593,"filter":"raw","image":""},{"term_id":9,"name":"SchauMedia","slug":"schaumedia","term_group":0,"term_taxonomy_id":9,"taxonomy":"post_tag","description":"","parent":0,"count":1607,"filter":"raw","image":""},{"term_id":275,"name":"Stuttgart","slug":"stuttgart","term_group":0,"term_taxonomy_id":281,"taxonomy":"post_tag","description":"","parent":0,"count":1194,"filter":"raw","image":""}]},"_links":{"self":[{"href":"https:\/\/die-webzeitung.de\/stuttgart\/wp-json\/wp\/v2\/posts\/136465","targetHints":{"allow":["GET"]}}],"collection":[{"href":"https:\/\/die-webzeitung.de\/stuttgart\/wp-json\/wp\/v2\/posts"}],"about":[{"href":"https:\/\/die-webzeitung.de\/stuttgart\/wp-json\/wp\/v2\/types\/post"}],"author":[{"embeddable":true,"href":"https:\/\/die-webzeitung.de\/stuttgart\/wp-json\/wp\/v2\/users\/4"}],"replies":[{"embeddable":true,"href":"https:\/\/die-webzeitung.de\/stuttgart\/wp-json\/wp\/v2\/comments?post=136465"}],"version-history":[{"count":1,"href":"https:\/\/die-webzeitung.de\/stuttgart\/wp-json\/wp\/v2\/posts\/136465\/revisions"}],"predecessor-version":[{"id":136466,"href":"https:\/\/die-webzeitung.de\/stuttgart\/wp-json\/wp\/v2\/posts\/136465\/revisions\/136466"}],"wp:attachment":[{"href":"https:\/\/die-webzeitung.de\/stuttgart\/wp-json\/wp\/v2\/media?parent=136465"}],"wp:term":[{"taxonomy":"category","embeddable":true,"href":"https:\/\/die-webzeitung.de\/stuttgart\/wp-json\/wp\/v2\/categories?post=136465"},{"taxonomy":"post_tag","embeddable":true,"href":"https:\/\/die-webzeitung.de\/stuttgart\/wp-json\/wp\/v2\/tags?post=136465"}],"curies":[{"name":"wp","href":"https:\/\/api.w.org\/{rel}","templated":true}]}}